{"id":557665,"date":"2025-11-25T12:59:14","date_gmt":"2025-11-25T12:59:14","guid":{"rendered":"https:\/\/www.europesays.com\/fr\/557665\/"},"modified":"2025-11-25T12:59:14","modified_gmt":"2025-11-25T12:59:14","slug":"les-employes-de-tuiles-monier-a-marseille-ont-leve-leur-greve","status":"publish","type":"post","link":"https:\/\/www.europesays.com\/fr\/557665\/","title":{"rendered":"Les employ\u00e9s de Tuiles Monier \u00e0 Marseille ont lev\u00e9 leur gr\u00e8ve"},"content":{"rendered":"<p>Les cinquante salari\u00e9s des tuileries Monier, une entreprise de fabrication de tuiles en terre cuite implant\u00e9e \u00e0 Saint-Andr\u00e9 (16e) depuis 150\u00a0ans, savent d\u00e9j\u00e0 leurs emplois menac\u00e9s\u00a0: <a href=\"https:\/\/www.laprovence.com\/article\/societe\/40004592448646\/marseille-les-salaries-licencies-par-id-logistics-broyes-par-le-systeme-amazon-attaquent-leur-ex-employeur\" target=\"_blank\" rel=\"noopener\">leur licenciement \u00e9conomique<\/a> leur a \u00e9t\u00e9 annonc\u00e9 pour la fin du mois de juin\u00a02026.<\/p>\n<p>Une gr\u00e8ve de la production entre lundi et mercredi derniers a permis aux salari\u00e9s d&rsquo;adresser leurs revendications au groupe BMI, propri\u00e9taire de la tuilerie. Dans l&rsquo;attente de nouvelles propositions quant \u00e0 leurs conditions de d\u00e9part et apr\u00e8s une r\u00e9union syndicale \u00e0 Paris mercredi, la gr\u00e8ve a \u00e9t\u00e9 lev\u00e9e.<\/p>\n","protected":false},"excerpt":{"rendered":"Les cinquante salari\u00e9s des tuileries Monier, une entreprise de fabrication de tuiles en terre cuite implant\u00e9e \u00e0 Saint-Andr\u00e9&hellip;\n","protected":false},"author":2,"featured_media":557666,"comment_status":"","ping_status":"","sticky":false,"template":"","format":"standard","meta":{"footnotes":""},"categories":[2814],"tags":[17,1111,11,20345,1777,674,1011,27,151,9324,884,67479,12,2537,882,25,104,8198],"class_list":{"0":"post-557665","1":"post","2":"type-post","3":"status-publish","4":"format-standard","5":"has-post-thumbnail","7":"category-marseille","8":"tag-17","9":"tag-actu","10":"tag-actualites","11":"tag-employes","12":"tag-eu","13":"tag-europe","14":"tag-fr","15":"tag-france","16":"tag-les","17":"tag-leve","18":"tag-marseille","19":"tag-monier","20":"tag-news","21":"tag-ont","22":"tag-provence-alpes-cote-dazur","23":"tag-republique-francaise","24":"tag-societe","25":"tag-tuiles"},"share_on_mastodon":{"url":"https:\/\/pubeurope.com\/@fr\/115610462970656658","error":""},"_links":{"self":[{"href":"https:\/\/www.europesays.com\/fr\/wp-json\/wp\/v2\/posts\/557665","targetHints":{"allow":["GET"]}}],"collection":[{"href":"https:\/\/www.europesays.com\/fr\/wp-json\/wp\/v2\/posts"}],"about":[{"href":"https:\/\/www.europesays.com\/fr\/wp-json\/wp\/v2\/types\/post"}],"author":[{"embeddable":true,"href":"https:\/\/www.europesays.com\/fr\/wp-json\/wp\/v2\/users\/2"}],"replies":[{"embeddable":true,"href":"https:\/\/www.europesays.com\/fr\/wp-json\/wp\/v2\/comments?post=557665"}],"version-history":[{"count":0,"href":"https:\/\/www.europesays.com\/fr\/wp-json\/wp\/v2\/posts\/557665\/revisions"}],"wp:featuredmedia":[{"embeddable":true,"href":"https:\/\/www.europesays.com\/fr\/wp-json\/wp\/v2\/media\/557666"}],"wp:attachment":[{"href":"https:\/\/www.europesays.com\/fr\/wp-json\/wp\/v2\/media?parent=557665"}],"wp:term":[{"taxonomy":"category","embeddable":true,"href":"https:\/\/www.europesays.com\/fr\/wp-json\/wp\/v2\/categories?post=557665"},{"taxonomy":"post_tag","embeddable":true,"href":"https:\/\/www.europesays.com\/fr\/wp-json\/wp\/v2\/tags?post=557665"}],"curies":[{"name":"wp","href":"https:\/\/api.w.org\/{rel}","templated":true}]}}