{"id":557667,"date":"2025-11-25T13:00:16","date_gmt":"2025-11-25T13:00:16","guid":{"rendered":"https:\/\/www.europesays.com\/fr\/557667\/"},"modified":"2025-11-25T13:00:16","modified_gmt":"2025-11-25T13:00:16","slug":"le-candidat-rn-a-marseille-vise-rappeurs-marseillais-et-politiques-parisiens","status":"publish","type":"post","link":"https:\/\/www.europesays.com\/fr\/557667\/","title":{"rendered":"le candidat RN \u00e0 Marseille vise rappeurs marseillais et politiques \u00ab\u00a0parisiens\u00a0\u00bb"},"content":{"rendered":"<p>Invit\u00e9 des Grandes Gueules ce mardi, le candidat du Rassemblement national pour les \u00e9lections municipales 2026 \u00e0 Marseille, Franck Allisio, a d\u00e9plor\u00e9 l&rsquo;absence des rappeurs marseillais \u00e0 la marche blanche pour Mehdi Kessaci. Mais il s&rsquo;en est surtout pris \u00e0 la pr\u00e9sence de politiques \u00ab\u00a0parisiens\u00a0\u00bb et surtout \u00e0 celle de l&rsquo;ancien garde des Sceaux, Eric Dupond-Moretti.<\/p>\n<p>Un dernier hommage pour <a href=\"https:\/\/rmc.bfmtv.com\/actualites\/societe\/mon-c-ur-est-dechire-l-emotion-de-la-famille-kessaci-lors-du-rassemblement-pour-mehdi-a-marseille_AN-202511230117.html\" title=\"&quot;Mon c\u0153ur est d\u00e9chir\u00e9&quot;: l&#039;\u00e9motion de la famille Kessaci lors du rassemblement pour Mehdi \u00e0 Marseille\" class=\"internal_link\" target=\"_blank\" rel=\"noopener\">Mehdi Kessaci<\/a> et une marche blanche pour d\u00e9noncer le narcotrafic. Ce samedi, un rassemblement \u00e0 Marseille a eu lieu apr\u00e8s le meurtre d'\u00a0\u00bbavertissement\u00a0\u00bb du fr\u00e8re d&rsquo;Amine Kessaci, militant antidrogue qui a d\u00e9j\u00e0 perdu un fr\u00e8re victime de r\u00e8glements de compte sur fond de trafic de drogue.<\/p>\n<p>De nombreuses personnalit\u00e9s politiques de tout bords ainsi et des figures locales avaient fait le d\u00e9placement pour soutenir la famille Kessaci et demander que \u00ab\u00a0\u00e7a s&rsquo;arr\u00eate\u00a0\u00bb selon les mots de Ouassila Kessaci, endeuill\u00e9e par le meurtre de deux de ses fils.<\/p>\n<p>Les rappeurs marseillais encore point\u00e9s du doigt<\/p>\n<p>Mais certains ont brill\u00e9 par leur absence d\u00e9plore ce mardi sur le plateau des <a href=\"https:\/\/rmc.bfmtv.com\/replay-emissions\/les-grandes-gueules\/\" target=\"_blank\" class=\"external_link\" rel=\"noopener\">Grandes Gueules<\/a> Franck Allisio, d\u00e9put\u00e9 RN candidat du RN \u00e0 Marseille aux prochaines municipales: \u00ab\u00a0Il manquait Jul et les rappeurs marseillais\u00a0\u00bb, note-t-il. \u00ab\u00a0Au milieu des Marseillais, comme j&rsquo;en ai fait le choix plut\u00f4t que dans une sorte de carr\u00e9 VIP pour les \u00e9lus parisiens, il y avait Pablo Longoria (pr\u00e9sident de l&rsquo;Olympique de Marseille) le cardinal Aveline mais <a href=\"https:\/\/rmc.bfmtv.com\/actualites\/police-justice\/ou-etaient-jul-soprano-les-stars-marseillaises-auraient-elles-du-se-mobiliser-pour-mehdi-kessaci_AV-202511240458.html\" title=\"&quot;O\u00f9 \u00e9taient Jul, Soprano...?&quot; Les stars marseillaises auraient-elles d\u00fb se mobiliser pour Mehdi Kessaci?\" class=\"internal_link\" target=\"_blank\" rel=\"noopener\">il manquait les rappeurs marseillais<\/a>, mais je ne suis pas l\u00e0 pour juger la pr\u00e9sence ou l&rsquo;absence des uns des autres\u00a0\u00bb, assure-t-il.<\/p>\n<p><img decoding=\"async\" src=\"https:\/\/www.europesays.com\/fr\/wp-content\/uploads\/2025\/10\/principale-178_3.jpg\"  alt=\"Franck Allisio face aux GG - 25\/11\" title=\"Franck Allisio face aux GG - 25\/11\"\/>Franck Allisio face aux GG &#8211; 25\/11<\/p>\n<p>Quand m\u00eame un peu. Pour Franck Allisio, pire que l&rsquo;absence des rappeurs marseillais, c&rsquo;est la pr\u00e9sence de certains qui est encore plus pr\u00e9judiciable: \u00ab\u00a0La pr\u00e9sence des Parisiens et de certains \u00e9lus marseillais qui ont une part de responsabilit\u00e9 dans ce qu&rsquo;il se passe comme celle d&rsquo;\u00e9lus \u00e9cologistes qui n&rsquo;ont pas vot\u00e9 la loi narcotrafic un an plus t\u00f4t, c&rsquo;est du cynisme!\u00a0\u00bb, tacle-t-il sur <a href=\"https:\/\/www.rmcbfmplay.com\/direct-tv\/rmc-story\" target=\"_blank\" class=\"external_link\" rel=\"noopener\">RMC Story<\/a>.<\/p>\n<p>La pr\u00e9sence d&rsquo;Eric Dupond-Moretti \u00ab\u00a0scandale des scandales\u00a0\u00bb<\/p>\n<p>\u00ab\u00a0J&rsquo;ai vu le porte-parole d&rsquo;un candidat \u00e0 la mairie de Marseille se jeter sur les journalistes pour faire un maximum de m\u00e9dias. On m&rsquo;a appris que quand je venais \u00e0 un enterrement, je ne me mettais pas devant la famille\u00a0\u00bb, poursuit Franck Allisio, tr\u00e8s remont\u00e9.<\/p>\n<p>Pire encore, \u00ab\u00a0scandale des scandales\u00a0\u00bb, il d\u00e9nonce la pr\u00e9sence <a href=\"https:\/\/rmc.bfmtv.com\/replay-emissions\/les-grandes-gueules\/ils-avaient-picole-charles-consigny-s-amuse-de-l-embrouille-estrosi-dupond-moretti-au-restaurant_AV-202510300487.html\" title=\"&quot;Ils avaient picol\u00e9?&quot;: Charles Consigny s&#039;amuse de l&#039;embrouille Estrosi-Dupond-Moretti au restaurant\" class=\"internal_link\" target=\"_blank\" rel=\"noopener\">d&rsquo;Eric Dupond-Moretti ancien garde des Sceaux<\/a> et \u00ab\u00a0avocat de ceux qui tuent\u00a0\u00bb. \u00ab\u00a0Il avait sa place partout sauf ici. Qu&rsquo;est ce qu&rsquo;il a fait comme minsitre de la Justice? C&rsquo;\u00e9tait le pire de ce gouvernement face \u00e0 cela\u00a0\u00bb, tacle-t-il.<\/p>\n<p>\u00ab\u00a0La pr\u00e9sidente de l&rsquo;Assembl\u00e9e nationale, <a href=\"https:\/\/rmc.bfmtv.com\/actualites\/economie\/travail\/c-est-taxer-la-mort-braun-pivet-fait-polemique-sur-l-heritage-tombe-du-ciel-boudjellal-enrage_AV-202510170444.html\" title=\"&quot;C&#039;est taxer la mort&quot;: Braun-Pivet fait pol\u00e9mique sur l&#039;h\u00e9ritage &quot;tomb\u00e9 du ciel&quot;, Boudjellal enrage\" class=\"internal_link\" target=\"_blank\" rel=\"noopener\">Ya\u00ebl Braun-Pivet<\/a>, en a fait des tonnes, tout \u00e7a \u00e9tait ind\u00e9cent et m&rsquo;a \u00e9c\u0153ur\u00e9. On vient parmi les Marseillais, on ne vient pas faire de la politique spectacle dans un moment comme celui-ci\u00a0\u00bb, conclut Franck Allisio.<\/p>\n","protected":false},"excerpt":{"rendered":"Invit\u00e9 des Grandes Gueules ce mardi, le candidat du Rassemblement national pour les \u00e9lections municipales 2026 \u00e0 Marseille,&hellip;\n","protected":false},"author":2,"featured_media":557668,"comment_status":"","ping_status":"","sticky":false,"template":"","format":"standard","meta":{"footnotes":""},"categories":[2814],"tags":[1111,11,1777,674,1011,27,884,12,882,25],"class_list":{"0":"post-557667","1":"post","2":"type-post","3":"status-publish","4":"format-standard","5":"has-post-thumbnail","7":"category-marseille","8":"tag-actu","9":"tag-actualites","10":"tag-eu","11":"tag-europe","12":"tag-fr","13":"tag-france","14":"tag-marseille","15":"tag-news","16":"tag-provence-alpes-cote-dazur","17":"tag-republique-francaise"},"share_on_mastodon":{"url":"https:\/\/pubeurope.com\/@fr\/115610467321875454","error":""},"_links":{"self":[{"href":"https:\/\/www.europesays.com\/fr\/wp-json\/wp\/v2\/posts\/557667","targetHints":{"allow":["GET"]}}],"collection":[{"href":"https:\/\/www.europesays.com\/fr\/wp-json\/wp\/v2\/posts"}],"about":[{"href":"https:\/\/www.europesays.com\/fr\/wp-json\/wp\/v2\/types\/post"}],"author":[{"embeddable":true,"href":"https:\/\/www.europesays.com\/fr\/wp-json\/wp\/v2\/users\/2"}],"replies":[{"embeddable":true,"href":"https:\/\/www.europesays.com\/fr\/wp-json\/wp\/v2\/comments?post=557667"}],"version-history":[{"count":0,"href":"https:\/\/www.europesays.com\/fr\/wp-json\/wp\/v2\/posts\/557667\/revisions"}],"wp:featuredmedia":[{"embeddable":true,"href":"https:\/\/www.europesays.com\/fr\/wp-json\/wp\/v2\/media\/557668"}],"wp:attachment":[{"href":"https:\/\/www.europesays.com\/fr\/wp-json\/wp\/v2\/media?parent=557667"}],"wp:term":[{"taxonomy":"category","embeddable":true,"href":"https:\/\/www.europesays.com\/fr\/wp-json\/wp\/v2\/categories?post=557667"},{"taxonomy":"post_tag","embeddable":true,"href":"https:\/\/www.europesays.com\/fr\/wp-json\/wp\/v2\/tags?post=557667"}],"curies":[{"name":"wp","href":"https:\/\/api.w.org\/{rel}","templated":true}]}}