{"id":557683,"date":"2025-11-25T13:11:16","date_gmt":"2025-11-25T13:11:16","guid":{"rendered":"https:\/\/www.europesays.com\/fr\/557683\/"},"modified":"2025-11-25T13:11:16","modified_gmt":"2025-11-25T13:11:16","slug":"guerre-en-ukraine-ces-points-du-plan-de-paix-qui-risquent-de-coincer-entre-kiev-et-moscou","status":"publish","type":"post","link":"https:\/\/www.europesays.com\/fr\/557683\/","title":{"rendered":"Guerre en Ukraine : ces points du plan de paix qui risquent de coincer entre Kiev et Moscou"},"content":{"rendered":"<ul class=\"jsx-862013697 ArticleChapo__List\">\n<li class=\"jsx-862013697 ArticleChapo__List_Item flex\">Le plan en 28 points propos\u00e9 par Donald Trump la semaine derni\u00e8re s&rsquo;est r\u00e9v\u00e9l\u00e9 favorable \u00e0 la Russie.<\/li>\n<li class=\"jsx-862013697 ArticleChapo__List_Item flex\">Il a \u00e9t\u00e9 modifi\u00e9 par les Europ\u00e9ens et l&rsquo;Ukraine, lesquels ont obtenu de la part de Washington le retrait de plusieurs conditions.<\/li>\n<li class=\"jsx-862013697 ArticleChapo__List_Item flex\">Certaines d&rsquo;entre elles semblent, pour l&rsquo;heure, incompatibles avec la position du Kremlin.<\/li>\n<\/ul>\n<p><a href=\"https:\/\/www.tf1info.fr\/actualite\/guerre-ukraine-russie-une-rencontre-donald-trump-vladimir-poutine-historique-le-vendredi-15-aout-2025-en-alaska-sans-volodymyr-zelensky-14326\/\" rel=\"noopener\" class=\"jsx-484472199 Link jsx-1428418400 jsx-554215408\" target=\"_blank\"><\/p>\n<p style=\"font-weight:400\" class=\"jsx-1837267516\">Suivez la couverture compl\u00e8te<\/p>\n<p style=\"font-weight:800\" class=\"jsx-1837267516\">Ukraine-Russie : la perspective de n\u00e9gociations relanc\u00e9e ?<\/p>\n<p><\/a><\/p>\n<p data-module=\"article-paragraph\" class=\"jsx-3046738180 Paragraph\">\u00ab\u00a0Le plan europ\u00e9en ne nous convient pas\u00a0\u00bb. Le Kremlin, qui pensait avoir le feu vert de Washington concernant un plan de paix pour l&rsquo;Ukraine, a d\u00e9chant\u00e9 lundi 24 novembre en d\u00e9couvrant <a href=\"https:\/\/www.tf1info.fr\/international\/direct-guerre-ukraine-russie-washington-tres-optimiste-apres-une-journee-de-pourparlers-sur-kiev-a-geneve-les-dernieres-informations-lundi-24-novembre-2025-2408471.html\" target=\"_blank\" rel=\"noopener\">la version du texte amend\u00e9e par les alli\u00e9s de Kiev<\/a>. Et pour cause : le texte initial, comprenant 28 points, n&rsquo;en a plus que 19. Et, parmi les conditions qui sont pass\u00e9es \u00e0 la trappe, certaines semblent \u2013 pour l&rsquo;heure \u2013 indispensables pour Vladimir Poutine.\u00a0<\/p>\n<p data-module=\"article-paragraph\" class=\"jsx-3046738180 Paragraph Paragraph__End\">Premier sujet de discorde : le partage du territoire et l&#8217;emplacement d&rsquo;une ligne de d\u00e9marcation. Pour la Russie, <a href=\"https:\/\/www.tf1info.fr\/international\/lci-sur-le-terrain-nous-sommes-peut-etre-russophones-mais-nous-sommes-chez-nous-aux-cotes-des-habitants-du-donbass-2391662.html\" target=\"_blank\" rel=\"noopener\">quatre r\u00e9gions doivent \u00eatre c\u00e9d\u00e9es.<\/a> \u00c0 savoir Kherson et Zaporijia, mais aussi celles du Donbass, Donetsk et Lougansk (est), ainsi que la Crim\u00e9e annex\u00e9e en 2014. Moscou recevrait des territoires qui sont encore aujourd&rsquo;hui sous le contr\u00f4le de Kiev, puisque l&rsquo;arm\u00e9e ukrainienne contr\u00f4le encore des pans entiers dans le Donbass. C&rsquo;est justement l\u00e0 o\u00f9 les deux camps refusent de s&rsquo;accorder pour le moment : dans le projet supervis\u00e9 par les Europ\u00e9ens, la ligne de front actuelle serait gel\u00e9e. En clair : Kiev conserverait les territoires dans certains oblasts pour lesquels <a href=\"https:\/\/www.tf1info.fr\/international\/document-lci-guerre-ukraine-russie-immersion-avec-un-commando-ukrainien-au-coeur-des-combats-2347129.html\" target=\"_blank\" rel=\"noopener\">elle se bat depuis des mois<\/a>.<\/p>\n<p>L&rsquo;entr\u00e9e de l&rsquo;Ukraine dans l&rsquo;Otan repouss\u00e9e<\/p>\n<p data-module=\"article-paragraph\" class=\"jsx-3046738180 Paragraph\">Autre point d&rsquo;achoppement, l&rsquo;avenir de la Russie sur la sc\u00e8ne internationale. C&rsquo;est en effet un souhait du Kremlin : <a href=\"https:\/\/www.tf1info.fr\/international\/la-flotte-fantome-ces-navires-affretes-par-la-russie-pour-continuer-d-exporter-son-petrole-malgre-les-sanctions-2284767.html\" target=\"_blank\" rel=\"noopener\">la fin de son isolement<\/a>, avec sa r\u00e9int\u00e9gration au G8 et la lev\u00e9e progressive des sanctions. La version concoct\u00e9e par les alli\u00e9s de Kiev a purement et simplement supprim\u00e9 cette dol\u00e9ance.<\/p>\n<p data-module=\"article-paragraph\" class=\"jsx-3046738180 Paragraph Paragraph__End\">C\u00f4t\u00e9 diplomatie toujours, Vladimir Poutine veut \u00e9loigner son ennemi de l&rsquo;Otan. M\u00e9fiant, le Kremlin souhaite m\u00eame que la Constitution ukrainienne le stipule. D\u00e9sormais, le trio form\u00e9 par les Am\u00e9ricains, les Europ\u00e9ens et l&rsquo;Ukraine propose simplement d&rsquo;en discuter ult\u00e9rieurement, avec <a href=\"https:\/\/www.tf1info.fr\/actualite\/otan-12155\/\" target=\"_blank\" rel=\"noopener\">l&rsquo;ensemble des membres de l&rsquo;Alliance atlantique.<\/a><\/p>\n<p><a href=\"https:\/\/www.tf1info.fr\/international\/plan-de-paix-menace-russe-service-national-militaire-volontaire-emmanuel-macron-reaffirme-sa-position-sur-la-guerre-en-ukraine-2408727.html\" rel=\"noopener\" class=\"jsx-3308031228 Link flex\" target=\"_blank\"><img decoding=\"async\" src=\"https:\/\/www.europesays.com\/fr\/wp-content\/uploads\/2025\/11\/emmanuel-macron-gabon-24-novembre-2025-40ae63-4@1x.jpeg\" alt=\"Ludovic MARIN \/ AFP\" loading=\"lazy\" importance=\"low\" fetchpriority=\"low\" class=\"\" aria-hidden=\"true\"\/><\/p>\n<p class=\"jsx-3657663356 ReadMoreArticle__Title\">Lire aussi<\/p>\n<p class=\"jsx-3657663356\">Plan de paix, menace russe&#8230; Emmanuel Macron r\u00e9affirme sa position sur la guerre en Ukraine<\/p>\n<p><\/a><\/p>\n<p data-module=\"article-paragraph\" class=\"jsx-3046738180 Paragraph Paragraph__End\">En outre, Moscou veut imposer \u00e0 Kiev de limiter son arm\u00e9e \u00e0 600.000 militaires et se contenter d&rsquo;une protection par des avions de combat europ\u00e9ens bas\u00e9s en Pologne. Dans la nouvelle mouture du texte, on passe \u00e0 800.000 soldats, avec l&rsquo;ajout \u00ab\u00a0en temps de paix\u00a0\u00bb.\u00a0<\/p>\n<p>T.G.<\/p>\n","protected":false},"excerpt":{"rendered":"Le plan en 28 points propos\u00e9 par Donald Trump la semaine derni\u00e8re s&rsquo;est r\u00e9v\u00e9l\u00e9 favorable \u00e0 la Russie.&hellip;\n","protected":false},"author":2,"featured_media":73527,"comment_status":"","ping_status":"","sticky":false,"template":"","format":"standard","meta":{"footnotes":""},"categories":[1590],"tags":[1111,11,1921,13469,1777,674,1922,1916,12,136,220,1917,67457,364,133,1920,135],"class_list":{"0":"post-557683","1":"post","2":"type-post","3":"status-publish","4":"format-standard","5":"has-post-thumbnail","7":"category-ukraine","8":"tag-actu","9":"tag-actualites","10":"tag-article-video","11":"tag-crimee","12":"tag-eu","13":"tag-europe","14":"tag-info","15":"tag-moscou","16":"tag-news","17":"tag-otan","18":"tag-ukraine","19":"tag-ukraine-4-annee-de-guerre","20":"tag-ukraine-russie-la-perspective-de-negociations-relancee","21":"tag-union-europeenne","22":"tag-video","23":"tag-video-international","24":"tag-vladimir-poutine"},"share_on_mastodon":{"url":"https:\/\/pubeurope.com\/@fr\/115610510997597892","error":""},"_links":{"self":[{"href":"https:\/\/www.europesays.com\/fr\/wp-json\/wp\/v2\/posts\/557683","targetHints":{"allow":["GET"]}}],"collection":[{"href":"https:\/\/www.europesays.com\/fr\/wp-json\/wp\/v2\/posts"}],"about":[{"href":"https:\/\/www.europesays.com\/fr\/wp-json\/wp\/v2\/types\/post"}],"author":[{"embeddable":true,"href":"https:\/\/www.europesays.com\/fr\/wp-json\/wp\/v2\/users\/2"}],"replies":[{"embeddable":true,"href":"https:\/\/www.europesays.com\/fr\/wp-json\/wp\/v2\/comments?post=557683"}],"version-history":[{"count":0,"href":"https:\/\/www.europesays.com\/fr\/wp-json\/wp\/v2\/posts\/557683\/revisions"}],"wp:featuredmedia":[{"embeddable":true,"href":"https:\/\/www.europesays.com\/fr\/wp-json\/wp\/v2\/media\/73527"}],"wp:attachment":[{"href":"https:\/\/www.europesays.com\/fr\/wp-json\/wp\/v2\/media?parent=557683"}],"wp:term":[{"taxonomy":"category","embeddable":true,"href":"https:\/\/www.europesays.com\/fr\/wp-json\/wp\/v2\/categories?post=557683"},{"taxonomy":"post_tag","embeddable":true,"href":"https:\/\/www.europesays.com\/fr\/wp-json\/wp\/v2\/tags?post=557683"}],"curies":[{"name":"wp","href":"https:\/\/api.w.org\/{rel}","templated":true}]}}