{"id":557696,"date":"2025-11-25T13:19:15","date_gmt":"2025-11-25T13:19:15","guid":{"rendered":"https:\/\/www.europesays.com\/fr\/557696\/"},"modified":"2025-11-25T13:19:15","modified_gmt":"2025-11-25T13:19:15","slug":"un-journaliste-de-radio-nova-denonce-les-limites-du-sondage-de-lifop","status":"publish","type":"post","link":"https:\/\/www.europesays.com\/fr\/557696\/","title":{"rendered":"un journaliste de Radio Nova d\u00e9nonce les limites du sondage de l&rsquo;IFOP"},"content":{"rendered":"<p>AA \/ Istanbul \/ Seyma Erkul Dayanc<\/p>\n<p>Un sondage de l\u2019IFOP sur le rapport des musulmans aux valeurs r\u00e9publicaines suscite de vives r\u00e9actions en France. Mardi, Azzeddine Ahmed Chaouch, journaliste sur Radio Nova, a comment\u00e9 cette enqu\u00eate, en soulignant que \u00ab\u202fce week-end, j&rsquo;ai lu ce sondage, je te le montre, voil\u00e0, je l&rsquo;ai imprim\u00e9, 60 pages. C&rsquo;est un sondage qui a inond\u00e9 les ouvertures de cha\u00eenes d&rsquo;infos, de journaux, de radios et de d\u00e9bats en tout genre\u202f\u00bb. Il a ajout\u00e9 que cette enqu\u00eate, \u00ab\u202fsign\u00e9e par l&rsquo;IFOP, fait \u00e9tat de la radicalit\u00e9 croissante des fid\u00e8les en France, des fid\u00e8les musulmans, peut-\u00eatre gagn\u00e9s par la tentation de l&rsquo;islamisme\u202f\u00bb.<\/p>\n<p>Selon l\u2019IFOP, le sondage met en \u00e9vidence plusieurs tendances chez certains jeunes musulmans en France\u202f: une r\u00e9affirmation identitaire, une adh\u00e9sion croissante \u00e0 des normes religieuses plus strictes, parfois qualifi\u00e9e de \u00ab\u202fr\u00e9islamisation\u202f\u00bb, ainsi qu\u2019une tentation d\u2019adh\u00e9rer \u00e0 des th\u00e8ses islamistes, d\u00e9crite par l\u2019institut comme \u00ab\u202fune dynamique qui ne serait pas r\u00e9versible\u202f\u00bb. L\u2019enqu\u00eate \u00e9voque \u00e9galement une possible tendance \u00e0 se replier sur des pratiques plus rigoristes, que l\u2019IFOP pr\u00e9sente comme une \u00e9volution de type \u00ab\u202fcontre-soci\u00e9t\u00e9\u202f\u00bb.<\/p>\n<p>Azzeddine Ahmed Chaouch a critiqu\u00e9 le traitement m\u00e9diatique du sondage. \u00ab\u202fForc\u00e9ment, c&rsquo;\u00e9tait carnaval pour CNews et Europe 1\u2026 ce sondage s&rsquo;est m\u00eame invit\u00e9 \u00e0 la table des m\u00e9dias \u201cbobo\u201d\u202f\u00bb, a-t-il comment\u00e9. Il a relev\u00e9 que France Inter adopte un ton alarmiste, soulignant que, pour Patrick Cohen, l\u2019\u00e9tude est \u00ab\u202fparticuli\u00e8rement solide\u202f\u00bb, une appr\u00e9ciation avec laquelle il n\u2019est pas d\u2019accord, qualifiant l\u2019enqu\u00eate de \u00ab\u202fparticuli\u00e8rement probl\u00e9matique\u202f\u00bb.<\/p>\n<p>Selon Chaouch, plusieurs biais m\u00e9thodologiques limitent la port\u00e9e du sondage. L\u2019\u00e9chantillon de 1\u202f005 personnes est trop restreint pour repr\u00e9senter l\u2019ensemble des musulmans fran\u00e7ais, et les questions pos\u00e9es, notamment sur l\u2019islamisme ou le fr\u00e9risme, ne sont pas clairement d\u00e9finies. Il note \u00e9galement que les r\u00e9pondants sont \u00ab\u202fdes musulmans fran\u00e7ais, des \u00e9trangers\u2026 des personnes ma\u00eetrisant mal le fran\u00e7ais. Un bon pot pourri d&rsquo;arabes\u202f\u00bb.<\/p>\n<p>\u00ab\u202f\u00c0 l&rsquo;arriv\u00e9e, cela devient pourtant \u201cles musulmans pensent\u201d, \u201cles musulmans disent\u201d, alors que beaucoup ont du mal \u00e0 se d\u00e9finir\u202f\u00bb, a pr\u00e9cis\u00e9 le journaliste, rappelant que la part de ceux ayant une pratique plus pouss\u00e9e est surrepr\u00e9sent\u00e9e dans l\u2019\u00e9chantillon.<\/p>\n<p><strong>&#8211; Ces r\u00e9actions interviennent alors que plusieurs associations musulmanes ont d\u00e9cid\u00e9 de porter l\u2019affaire devant la justice<\/strong><\/p>\n<p>Quatre associations musulmanes ont saisi le tribunal de Paris pour contester le sondage publi\u00e9 le 18 novembre, intitul\u00e9 \u00ab\u202f\u00c9tat des lieux du rapport \u00e0 l\u2019islam et \u00e0 l\u2019islamisme\u202f\u00bb. Les CDCM du Loiret, de l\u2019Aube, des Bouches-du-Rh\u00f4ne et de Seine-et-Marne estiment que l\u2019\u00e9tude viole \u00ab\u202fle principe d\u2019objectivit\u00e9\u202f\u00bb pr\u00e9vu par la loi de 1977, et qu\u2019elle \u00ab\u202fdiffuse le poison de la haine\u202f\u00bb en amplifiant des r\u00e9sultats minoritaires. <\/p>\n<p>L\u2019IFOP a rejet\u00e9 ces accusations, affirmant que son enqu\u00eate respecte strictement ses m\u00e9thodes, et annonce \u00e9galement une plainte contre deux d\u00e9put\u00e9s LFI accus\u00e9s d\u2019avoir publiquement mis en cause l\u2019institut.<\/p>\n<p>                            &#13;<br \/>\n                                <a href=\"https:\/\/www.aa.com.tr\/fr\/p\/abonnement\/1001\" target=\"_blank\" style=\"font-size:12px; color:#444; text-decoration:none;\" rel=\"noopener\">&#13;<br \/>\n                                    Seulement une partie des d\u00e9p\u00eaches, que l&rsquo;Agence Anadolu diffuse \u00e0 ses abonn\u00e9s via le Syst\u00e8me de Diffusion interne (HAS), est diffus\u00e9e sur le site de l&rsquo;AA, de mani\u00e8re r\u00e9sum\u00e9e. <b style=\"color:#1897F7\">Contactez-nous s&rsquo;il vous pla\u00eet pour vous abonner.<\/b>&#13;<br \/>\n                                <\/a>&#13;<\/p>\n","protected":false},"excerpt":{"rendered":"AA \/ Istanbul \/ Seyma Erkul Dayanc Un sondage de l\u2019IFOP sur le rapport des musulmans aux valeurs&hellip;\n","protected":false},"author":2,"featured_media":557697,"comment_status":"","ping_status":"","sticky":false,"template":"","format":"standard","meta":{"footnotes":""},"categories":[4],"tags":[11,1785,1011,27,27859,12,28820,25,13947],"class_list":{"0":"post-557696","1":"post","2":"type-post","3":"status-publish","4":"format-standard","5":"has-post-thumbnail","7":"category-france","8":"tag-actualites","9":"tag-anadolu-ajansi","10":"tag-fr","11":"tag-france","12":"tag-ifop","13":"tag-news","14":"tag-radio-nova","15":"tag-republique-francaise","16":"tag-sondage"},"share_on_mastodon":{"url":"https:\/\/pubeurope.com\/@fr\/115610541288262836","error":""},"_links":{"self":[{"href":"https:\/\/www.europesays.com\/fr\/wp-json\/wp\/v2\/posts\/557696","targetHints":{"allow":["GET"]}}],"collection":[{"href":"https:\/\/www.europesays.com\/fr\/wp-json\/wp\/v2\/posts"}],"about":[{"href":"https:\/\/www.europesays.com\/fr\/wp-json\/wp\/v2\/types\/post"}],"author":[{"embeddable":true,"href":"https:\/\/www.europesays.com\/fr\/wp-json\/wp\/v2\/users\/2"}],"replies":[{"embeddable":true,"href":"https:\/\/www.europesays.com\/fr\/wp-json\/wp\/v2\/comments?post=557696"}],"version-history":[{"count":0,"href":"https:\/\/www.europesays.com\/fr\/wp-json\/wp\/v2\/posts\/557696\/revisions"}],"wp:featuredmedia":[{"embeddable":true,"href":"https:\/\/www.europesays.com\/fr\/wp-json\/wp\/v2\/media\/557697"}],"wp:attachment":[{"href":"https:\/\/www.europesays.com\/fr\/wp-json\/wp\/v2\/media?parent=557696"}],"wp:term":[{"taxonomy":"category","embeddable":true,"href":"https:\/\/www.europesays.com\/fr\/wp-json\/wp\/v2\/categories?post=557696"},{"taxonomy":"post_tag","embeddable":true,"href":"https:\/\/www.europesays.com\/fr\/wp-json\/wp\/v2\/tags?post=557696"}],"curies":[{"name":"wp","href":"https:\/\/api.w.org\/{rel}","templated":true}]}}