{"id":557703,"date":"2025-11-25T13:27:14","date_gmt":"2025-11-25T13:27:14","guid":{"rendered":"https:\/\/www.europesays.com\/fr\/557703\/"},"modified":"2025-11-25T13:27:14","modified_gmt":"2025-11-25T13:27:14","slug":"le-prix-des-grandes-ventes-cest-fini-actualite","status":"publish","type":"post","link":"https:\/\/www.europesays.com\/fr\/557703\/","title":{"rendered":"Le Prix des Grandes-Ventes, c\u2019est fini &#8211; Actualit\u00e9"},"content":{"rendered":"<p style=\"text-align: justify;\">Il n\u2019y aura pas de 20e \u00e9dition du Prix des Grandes-Ventes (Seine-Maritime). L\u2019organisateur Thierry Bonhomme a choisi de s\u2019arr\u00eater l\u00e0. \u201cJ\u2019y r\u00e9fl\u00e9chissais depuis deux-trois ans. C\u2019est devenu tellement lourd \u00e0 porter\u2026 Il y a aussi des raisons personnelles qui m\u2019ont pouss\u00e9 \u00e0 prendre cette d\u00e9cision\u201d, indique-t-il \u00e0 DirectVelo.<\/p>\n<p>Le Prix des Grandes-Ventes a \u00e9t\u00e9 en grande majorit\u00e9 une \u00e9preuve inscrite au calendrier Toutes Cat\u00e9gories. En 2022, il \u00e9tait en \u00c9lite Nationale puis en 2e cat\u00e9gorie l\u2019ann\u00e9e suivante. Il \u00e9tait revenu en Toutes Cat\u00e9gories en 2024. Cette ann\u00e9e, <strong><a href=\"https:\/\/www.directvelo.com\/epreuve\/47337\/prix-des-grandes-ventes-2025\" target=\"_blank\" rel=\"noopener\">la victoire est revenue \u00e0 Louka Lesueur<\/a><\/strong>. \u201cJ\u2019avais une bonne \u00e9quipe autour de moi. Environ 30 \u00e0 40 coureurs pr\u00e9sents sur la course sont pass\u00e9s ensuite chez les pros. C\u2019est une belle satisfaction\u201d, appr\u00e9cie-t-il.<\/p>\n","protected":false},"excerpt":{"rendered":"Il n\u2019y aura pas de 20e \u00e9dition du Prix des Grandes-Ventes (Seine-Maritime). L\u2019organisateur Thierry Bonhomme a choisi de&hellip;\n","protected":false},"author":2,"featured_media":557704,"comment_status":"","ping_status":"","sticky":false,"template":"","format":"standard","meta":{"footnotes":""},"categories":[1411],"tags":[834,828,836,829,837,827,83,826,824,823,1154,207,814,817,815,816,822,821,832,211,839,1011,27,820,818,819,835,831,830,833,838,60,212,208,825],"class_list":{"0":"post-557703","1":"post","2":"type-post","3":"status-publish","4":"format-standard","5":"has-post-thumbnail","7":"category-cyclisme","8":"tag-attaque","9":"tag-belgique","10":"tag-braquet","11":"tag-bretagne","12":"tag-chute","13":"tag-competition","14":"tag-coupe-de-france","15":"tag-coureur","16":"tag-course-cyclisme","17":"tag-course-cycliste","18":"tag-cycling","19":"tag-cyclisme","20":"tag-direct","21":"tag-direct-velo","22":"tag-directvelo","23":"tag-directvelo-com","24":"tag-epreuve","25":"tag-epreuve-cycliste","26":"tag-federation-francaise-de-cyclisme","27":"tag-ffc","28":"tag-flandres","29":"tag-fr","30":"tag-france","31":"tag-live","32":"tag-live-course","33":"tag-live-epreuve","34":"tag-peloton","35":"tag-radio-peloton","36":"tag-radio-tour","37":"tag-ravitaillement","38":"tag-relance","39":"tag-sports","40":"tag-uci","41":"tag-velo","42":"tag-velos"},"share_on_mastodon":{"url":"https:\/\/pubeurope.com\/@fr\/115610572965747777","error":""},"_links":{"self":[{"href":"https:\/\/www.europesays.com\/fr\/wp-json\/wp\/v2\/posts\/557703","targetHints":{"allow":["GET"]}}],"collection":[{"href":"https:\/\/www.europesays.com\/fr\/wp-json\/wp\/v2\/posts"}],"about":[{"href":"https:\/\/www.europesays.com\/fr\/wp-json\/wp\/v2\/types\/post"}],"author":[{"embeddable":true,"href":"https:\/\/www.europesays.com\/fr\/wp-json\/wp\/v2\/users\/2"}],"replies":[{"embeddable":true,"href":"https:\/\/www.europesays.com\/fr\/wp-json\/wp\/v2\/comments?post=557703"}],"version-history":[{"count":0,"href":"https:\/\/www.europesays.com\/fr\/wp-json\/wp\/v2\/posts\/557703\/revisions"}],"wp:featuredmedia":[{"embeddable":true,"href":"https:\/\/www.europesays.com\/fr\/wp-json\/wp\/v2\/media\/557704"}],"wp:attachment":[{"href":"https:\/\/www.europesays.com\/fr\/wp-json\/wp\/v2\/media?parent=557703"}],"wp:term":[{"taxonomy":"category","embeddable":true,"href":"https:\/\/www.europesays.com\/fr\/wp-json\/wp\/v2\/categories?post=557703"},{"taxonomy":"post_tag","embeddable":true,"href":"https:\/\/www.europesays.com\/fr\/wp-json\/wp\/v2\/tags?post=557703"}],"curies":[{"name":"wp","href":"https:\/\/api.w.org\/{rel}","templated":true}]}}