{"id":557707,"date":"2025-11-25T13:29:13","date_gmt":"2025-11-25T13:29:13","guid":{"rendered":"https:\/\/www.europesays.com\/fr\/557707\/"},"modified":"2025-11-25T13:29:13","modified_gmt":"2025-11-25T13:29:13","slug":"je-suis-dans-une-annee-de-pause","status":"publish","type":"post","link":"https:\/\/www.europesays.com\/fr\/557707\/","title":{"rendered":"je suis dans une ann\u00e9e de pause"},"content":{"rendered":"<p><strong>En qu\u00eate de nouvelle exp\u00e9riences<\/strong>. Emilien l&rsquo;ancien champion de l&rsquo;\u00e9mission Les 12\u00a0coups de midi, vit actuellement gr\u00e2ce \u00e0 ses gains et a cr\u00e9\u00e9 sa chaine sur Twitch. \u00ab\u00a0Je suis actuellement en ann\u00e9e sabbatique et j&rsquo;en profite pour faire du stream, voir comment \u00e7a se passe et tenter des choses (&#8230;) Pour le moment, je suis dans une ann\u00e9e de pause, apr\u00e8s ces deux ann\u00e9es qui ont \u00e9t\u00e9 extr\u00eamement mouvement\u00e9es\u00a0\u00bb, a expliqu\u00e9 l&rsquo;ancien candidat de 22 ans \u00e0 Voici.\u00a0<\/p>\n<p>\u00a0<\/p>\n","protected":false},"excerpt":{"rendered":"En qu\u00eate de nouvelle exp\u00e9riences. Emilien l&rsquo;ancien champion de l&rsquo;\u00e9mission Les 12\u00a0coups de midi, vit actuellement gr\u00e2ce \u00e0&hellip;\n","protected":false},"author":2,"featured_media":557708,"comment_status":"","ping_status":"","sticky":false,"template":"","format":"standard","meta":{"footnotes":""},"categories":[1359],"tags":[67480,51761,58,59,52292,1011,27,51766,1031,973],"class_list":{"0":"post-557707","1":"post","2":"type-post","3":"status-publish","4":"format-standard","5":"has-post-thumbnail","7":"category-people","8":"tag-cms-journaldesfemmes-3248618","9":"tag-controller-content","10":"tag-divertissement","11":"tag-entertainment","12":"tag-format-reportage","13":"tag-fr","14":"tag-france","15":"tag-les-histoires-du-jdf","16":"tag-magazine","17":"tag-people"},"share_on_mastodon":{"url":"https:\/\/pubeurope.com\/@fr\/115610580811106865","error":""},"_links":{"self":[{"href":"https:\/\/www.europesays.com\/fr\/wp-json\/wp\/v2\/posts\/557707","targetHints":{"allow":["GET"]}}],"collection":[{"href":"https:\/\/www.europesays.com\/fr\/wp-json\/wp\/v2\/posts"}],"about":[{"href":"https:\/\/www.europesays.com\/fr\/wp-json\/wp\/v2\/types\/post"}],"author":[{"embeddable":true,"href":"https:\/\/www.europesays.com\/fr\/wp-json\/wp\/v2\/users\/2"}],"replies":[{"embeddable":true,"href":"https:\/\/www.europesays.com\/fr\/wp-json\/wp\/v2\/comments?post=557707"}],"version-history":[{"count":0,"href":"https:\/\/www.europesays.com\/fr\/wp-json\/wp\/v2\/posts\/557707\/revisions"}],"wp:featuredmedia":[{"embeddable":true,"href":"https:\/\/www.europesays.com\/fr\/wp-json\/wp\/v2\/media\/557708"}],"wp:attachment":[{"href":"https:\/\/www.europesays.com\/fr\/wp-json\/wp\/v2\/media?parent=557707"}],"wp:term":[{"taxonomy":"category","embeddable":true,"href":"https:\/\/www.europesays.com\/fr\/wp-json\/wp\/v2\/categories?post=557707"},{"taxonomy":"post_tag","embeddable":true,"href":"https:\/\/www.europesays.com\/fr\/wp-json\/wp\/v2\/tags?post=557707"}],"curies":[{"name":"wp","href":"https:\/\/api.w.org\/{rel}","templated":true}]}}