{"id":557712,"date":"2025-11-25T13:33:11","date_gmt":"2025-11-25T13:33:11","guid":{"rendered":"https:\/\/www.europesays.com\/fr\/557712\/"},"modified":"2025-11-25T13:33:11","modified_gmt":"2025-11-25T13:33:11","slug":"lemotion-de-lio-face-au-message-inattendu-de-louane-dans-c-a-vous","status":"publish","type":"post","link":"https:\/\/www.europesays.com\/fr\/557712\/","title":{"rendered":"l\u2019\u00e9motion de Lio face au message inattendu de Louane dans \u00abC \u00e0 Vous\u00bb"},"content":{"rendered":"<p>    Lio sur le plateau de \u00abC \u00e0 Vous\u00bb, \u00e9mu par le message de Louane ce lundi 24 novembre 2025.<br \/>\n                Capture d&rsquo;\u00e9cran<\/p>\n<p>\n    Ce lundi soir, sur France 5, touch\u00e9e en plein c\u0153ur, la chanteuse n\u2019a pas pu retenir ses larmes \u00e0 l\u2019\u00e9vocation de la derni\u00e8re repr\u00e9sentante fran\u00e7aise \u00e0 l\u2019Eurovision qui lui a offert un titre, juste avant le d\u00e9c\u00e8s de son fils.<\/p>\n<p class=\"fig-paragraph\">La chanteuse des Brunes comptent pas pour des prunes s\u2019est fait surprendre par un message de Louane. Alors invit\u00e9e sur le plateau de\u00a0<a href=\"https:\/\/tvmag.lefigaro.fr\/programme-tv\/programme\/c-a-vous-d629397959\" target=\"_blank\" rel=\"noopener\" data-gtm-custom-categorie=\"navigation\" data-gtm-custom-action=\"crossclick\" data-gtm-custom-label=\"Contextuel\" data-gtm-event=\"customEventSPE\">\u00abC \u00e0 Vous\u00bb<\/a>, ce lundi,\u00a0<a href=\"https:\/\/www.lefigaro.fr\/tag\/lio\" target=\"_blank\" rel=\"noopener\" data-gtm-custom-categorie=\"navigation\" data-gtm-custom-action=\"crossclick\" data-gtm-custom-label=\"Contextuel\" data-gtm-event=\"customEventSPE\"><strong>Lio\u00a0<\/strong><\/a> a \u00e9voqu\u00e9 son nouvel album Geoid Party in the Sky. Cette production artistique r\u00e9sonne de mani\u00e8re particuli\u00e8re pour l\u2019artiste qui le sort seulement quelques mois apr\u00e8s la disparition de\u00a0<a href=\"http:\/\/tvmag.lefigaro.fr\/programme-tv\/actu-tele\/l-amour-de-ma-vie-c-est-lui-les-rares-confidences-de-lio-a-propos-de-son-fils-decede-diego-20250912\" target=\"_blank\" data-fig-type=\"Article\" rel=\"noopener\" data-gtm-custom-categorie=\"navigation\" data-gtm-custom-action=\"crossclick\" data-gtm-custom-label=\"Contextuel\" data-gtm-event=\"customEventSPE\" data-fig-domain=\"TVMAG\">son fils Diego qui s\u2019est donn\u00e9 la mort \u00e0 21 ans, en mars dernier.<\/a><\/p>\n<p class=\"fig-paragraph\">Elle a trouv\u00e9 la force d\u2019\u00e9voquer le sujet de sa mort \u00e0 travers des musiques joyeuses et dansantes\u00a0: \u00ab\u00c7a n\u2019est pas un album de deuil. C\u2019est la vie \u00e0 l\u2019\u00e9tat pur\u00bb, confie-t-elle r\u00e9guli\u00e8rement lors des interviews promotionnelles. Cette cr\u00e9ation musicale a aussi permis une rencontre inattendue avec\u00a0<a href=\"https:\/\/www.lefigaro.fr\/tag\/louane\" target=\"_blank\" rel=\"noopener\" data-gtm-custom-categorie=\"navigation\" data-gtm-custom-action=\"crossclick\" data-gtm-custom-label=\"Contextuel\" data-gtm-event=\"customEventSPE\">Louane<\/a>.<\/p>\n<p>                                    <a class=\"fig-a11y-skip a11y-hidden\" href=\"#fig-a11y-skip-main-inarticle\"><br \/>\n        Passer la publicit\u00e9<br \/>\n    <\/a><\/p>\n<p class=\"fig-paragraph\">L\u2019interpr\u00e8te de Je vole lui a en effet \u00e9crit et envoy\u00e9 sp\u00e9cialement une musique qui appara\u00eet dans l\u2019album intitul\u00e9e Amoureuse solo. Alors que Lio \u00e9voque cet \u00e9change entre les deux artistes,\u00a0<a href=\"https:\/\/www.lefigaro.fr\/tag\/anne-elisabeth-lemoine\" target=\"_blank\" rel=\"noopener\" data-gtm-custom-categorie=\"navigation\" data-gtm-custom-action=\"crossclick\" data-gtm-custom-label=\"Contextuel\" data-gtm-event=\"customEventSPE\">Anne-Elisabeth Lemoine<\/a>, la pr\u00e9sentatrice de \u00abC \u00e0 Vous\u00bb, la surprend en diffusant un magn\u00e9to.<\/p>\n<p class=\"fig-paragraph\">Sur une vid\u00e9o, face cam\u00e9ra, Louane a adress\u00e9 un message \u00e0 la star des ann\u00e9es 1980\u00a0: \u00ab Coucou Lio\u00a0! Je voulais juste te faire un petit message pour te dire \u00e0 quel point j\u2019ai \u00e9t\u00e9 touch\u00e9e de faire partie de ce sublime album que tu viens de sortir. Je voulais aussi te dire \u00e0 quel point notre rencontre, la semaine derni\u00e8re, m\u2019avait profond\u00e9ment touch\u00e9. Tu es inspirante pour toute la g\u00e9n\u00e9ration d\u2019artiste que l\u2019on est, et je voulais te dire\u00a0: merci pour qui tu es. Je t\u2019embrasse tr\u00e8s fort et j\u2019esp\u00e8re \u00e0 tr\u00e8s bient\u00f4t\u00bb, s\u2019est exprim\u00e9e la derni\u00e8re repr\u00e9sentante fran\u00e7aise \u00e0 l\u2019Eurovision.<\/p>\n<p class=\"fig-body-link\">\n            \u00c0 lire aussi<br \/>\n        <a class=\"fig-body-link__link\" href=\"http:\/\/www.lefigaro.fr\/musique\/lio-et-the-beatles-albums-de-la-semaine-du-figaro-20251122\" target=\"_blank\" data-fig-type=\"Article\" rel=\"noopener\" data-gtm-custom-categorie=\"navigation\" data-gtm-custom-action=\"crossclick\" data-gtm-custom-label=\"Contextuel\" data-gtm-event=\"customEventSPE\" data-fig-domain=\"LEFIGARO\"><\/p>\n<p>        Lio et The Beatles, albums de la semaine du Figaro<br \/>\n    <\/a>\n<\/p>\n<p class=\"fig-paragraph\">Lio, tr\u00e8s \u00e9mue, a marqu\u00e9 un temps de pause, avant de r\u00e9pondre\u00a0: \u00abJ\u2019ai beaucoup de chance, j\u2019oublie jamais \u00e7a\u00bb, a r\u00e9agi la chanteuse, qui rappelle avoir re\u00e7u le morceau de Louane quelques jours avant le d\u00e9c\u00e8s de son fils\u00a0: \u00abD\u00e9j\u00e0, quand elle est arriv\u00e9e, c\u2019\u00e9tait tellement inattendu\u00a0! J\u2019ai trouv\u00e9 \u00e7a tellement joli\u00a0! Apr\u00e8s, j\u2019ai commenc\u00e9 \u00e0 chanter la chanson et on trouvait qu\u2019il manquait un pont. Elle (Louane, NDLR) a envoy\u00e9 ce pont-l\u00e0, peut-\u00eatre, deux o\u00f9 trois jours avant la disparition de Diego et \u00e7a r\u00e9sonnait tellement en moi\u00bb, raconte l\u2019artiste de 63 ans, avant de conclure\u00a0: \u00ab Je veux juste m\u2019ouvrir \u00e0 \u00e7a et partager apr\u00e8s. Je suis b\u00e9nie\u00bb, a rajout\u00e9 la f\u00e9ministe, pleine de reconnaissance.<\/p>\n<p class=\"fig-paragraph\">La discussion s\u2019est ensuite dirig\u00e9e vers un autre sujet difficile qui a marqu\u00e9 la vie de la chanteuse\u00a0: les violences faites aux femmes. Elle-m\u00eame victime il y a plusieurs ann\u00e9es, l\u2019artiste militante passe aussi des messages dans son album, enti\u00e8rement r\u00e9alis\u00e9 par des femmes. Elle revient d\u2019ailleurs ce mardi soir \u00e0 la t\u00e9l\u00e9vision, sur TMC \u00e0 21h25, pour le concert \u00abNotre voix pour toutes\u00bb, organis\u00e9 par\u00a0<a href=\"https:\/\/fondationdesfemmes.org\/actualites\/nos-voix-pour-toutes-rediffusion-le-25-novembre-sur-tmc\/\" target=\"_blank\" rel=\"noopener\" data-gtm-custom-categorie=\"navigation\" data-gtm-custom-action=\"crossclick\" data-gtm-custom-label=\"Contextuel\" data-gtm-event=\"customEventSPE\">La Fondation des femmes<\/a>.<\/p>\n","protected":false},"excerpt":{"rendered":"Lio sur le plateau de \u00abC \u00e0 Vous\u00bb, \u00e9mu par le message de Louane ce lundi 24 novembre&hellip;\n","protected":false},"author":2,"featured_media":557713,"comment_status":"","ping_status":"","sticky":false,"template":"","format":"standard","meta":{"footnotes":""},"categories":[1355],"tags":[5632,58,59,1011,27,5633,4501,1361,873],"class_list":{"0":"post-557712","1":"post","2":"type-post","3":"status-publish","4":"format-standard","5":"has-post-thumbnail","7":"category-musique","8":"tag-c-a-vous","9":"tag-divertissement","10":"tag-entertainment","11":"tag-fr","12":"tag-france","13":"tag-lio","14":"tag-louane","15":"tag-music","16":"tag-musique"},"share_on_mastodon":{"url":"https:\/\/pubeurope.com\/@fr\/115610596664041876","error":""},"_links":{"self":[{"href":"https:\/\/www.europesays.com\/fr\/wp-json\/wp\/v2\/posts\/557712","targetHints":{"allow":["GET"]}}],"collection":[{"href":"https:\/\/www.europesays.com\/fr\/wp-json\/wp\/v2\/posts"}],"about":[{"href":"https:\/\/www.europesays.com\/fr\/wp-json\/wp\/v2\/types\/post"}],"author":[{"embeddable":true,"href":"https:\/\/www.europesays.com\/fr\/wp-json\/wp\/v2\/users\/2"}],"replies":[{"embeddable":true,"href":"https:\/\/www.europesays.com\/fr\/wp-json\/wp\/v2\/comments?post=557712"}],"version-history":[{"count":0,"href":"https:\/\/www.europesays.com\/fr\/wp-json\/wp\/v2\/posts\/557712\/revisions"}],"wp:featuredmedia":[{"embeddable":true,"href":"https:\/\/www.europesays.com\/fr\/wp-json\/wp\/v2\/media\/557713"}],"wp:attachment":[{"href":"https:\/\/www.europesays.com\/fr\/wp-json\/wp\/v2\/media?parent=557712"}],"wp:term":[{"taxonomy":"category","embeddable":true,"href":"https:\/\/www.europesays.com\/fr\/wp-json\/wp\/v2\/categories?post=557712"},{"taxonomy":"post_tag","embeddable":true,"href":"https:\/\/www.europesays.com\/fr\/wp-json\/wp\/v2\/tags?post=557712"}],"curies":[{"name":"wp","href":"https:\/\/api.w.org\/{rel}","templated":true}]}}