{"id":557714,"date":"2025-11-25T13:34:29","date_gmt":"2025-11-25T13:34:29","guid":{"rendered":"https:\/\/www.europesays.com\/fr\/557714\/"},"modified":"2025-11-25T13:34:29","modified_gmt":"2025-11-25T13:34:29","slug":"cinema-rencontre-avec-india-hair-quand-elle-etait-lyceenne-on-lavait-prise-pour-une-actrice-et-cest-ce-quelle-voulait","status":"publish","type":"post","link":"https:\/\/www.europesays.com\/fr\/557714\/","title":{"rendered":"Cin\u00e9ma. Rencontre avec India Hair. Quand elle \u00e9tait lyc\u00e9enne, on l&rsquo;avait prise pour une actrice. Et c&rsquo;est ce qu&rsquo;elle voulait"},"content":{"rendered":"<p class=\"article__intro\">Jur\u00e9e du Festival des 3 Continents \u00e0 Nantes, India Hair revient avec plaisir dans la ville o\u00f9 elle a commenc\u00e9 \u00e0 apprendre le m\u00e9tier de com\u00e9dienne. \u00ab\u00a0\u00c7a m&rsquo;a paru accessible\u00a0\u00bb, dit-elle.<\/p>\n<p>\n      L\u2019actu des r\u00e9gions\n    <\/p>\n<p>\n      Chaque jour, un tour d\u2019horizon des principales infos de toutes les r\u00e9gions.\n    <\/p>\n<p>    France T\u00e9l\u00e9visions utilise votre adresse e-mail afin de vous envoyer la newsletter \u00ab\u00a0L\u2019actu des r\u00e9gions\u00a0\u00bb. Vous pouvez vous d\u00e9sinscrire \u00e0 tout moment via le lien en bas de cette newsletter. <a target=\"_blank\" href=\"https:\/\/www.francetelevisions.fr\/groupe\/confidentialite\/politique-de-confidentialite\/politique-de-confidentialite-de-france-televisions-6503\" rel=\"noopener\">Notre politique de confidentialit\u00e9<\/a><\/p>\n<p>Le rendez-vous avait \u00e9t\u00e9 fix\u00e9 au Cosmopolis, \u00ab\u00a0lieu de d\u00e9couverte et d&rsquo;\u00e9change autour des cultures du monde\u00a0\u00bb, dit le site internet de cet espace situ\u00e9 rue Scribe et o\u00f9 se retrouvent festivaliers, organisateurs et invit\u00e9s lors d&rsquo;\u00e9v\u00e9nements comme le Festival du cin\u00e9ma espagnol o\u00f9, en l&rsquo;occurrence, le Festival des 3 Continents.<\/p>\n<p>India Hair arrive, quasiment \u00e0 l&rsquo;heure, il faut le souligner, et on d\u00e9cide de s&rsquo;asseoir \u00e0 une petite table ronde, autour d&rsquo;un caf\u00e9. Serr\u00e9. Sans sucre.<\/p>\n<p>Pull de laine rouge (entre tomate et framboise), \u00e0 col roul\u00e9, torsad\u00e9, maquillage des plus discrets (un l\u00e9ger rouge \u00e0 l\u00e8vres). Une touche de folie tout de m\u00eame avec du vernis paillet\u00e9 sur des ongles coup\u00e9s court.<\/p>\n<p>India Hair aime le naturel, elle le porte sur elle et le d\u00e9cline dans sa vie. Plut\u00f4t que Paris, la com\u00e9dienne a choisi de vivre dans la Sarthe. Elle dit pr\u00e9f\u00e9rer aussi les \u00e9crivains qui parlent de nature.<\/p>\n<p>\u00ab\u00a0\u00c0 La Colini\u00e8re, on avait lu un bouquin de Giono, \u00e7a m&rsquo;avait marqu\u00e9e\u00a0\u00bb, raconte India qui s&rsquo;est replong\u00e9e r\u00e9cemment dans l&rsquo;\u0153uvre de l&rsquo;auteur proven\u00e7al. \u00ab\u00a0Que ma joie demeure\u00a0\u00bb est son livre de chevet en ce moment. \u00ab\u00a0Ce sont les plus belles pages que j&rsquo;ai lues sur le printemps !\u00a0\u00bb, dit-elle, enthousiaste.<\/p>\n<p>La Colini\u00e8re, c&rsquo;est le lyc\u00e9e nantais o\u00f9 India a confirm\u00e9 son choix professionnel. N\u00e9e \u00e0 Saumur d&rsquo;un p\u00e8re am\u00e9ricain et d&rsquo;une m\u00e8re britannique qui habitent tout \u00e0 c\u00f4t\u00e9, en Indre-et-Loire, India Hair a tr\u00e8s vite eu envie de monter sur les planches. C&rsquo;\u00e9tait une fa\u00e7on pour elle de pouvoir exprimer ses sentiments sans risquer des reproches.<\/p>\n<p>\u00ab\u00a0C&rsquo;est tr\u00e8s agr\u00e9able pour un enfant de pouvoir crier. J&rsquo;ai toujours voulu \u00eatre com\u00e9dienne\u00a0\u00bb, explique-t-elle en reconnaissant que sa premi\u00e8re inclination allait plut\u00f4t vers la danse \u00ab\u00a0Mais j&rsquo;\u00e9tais trop nulle\u00a0\u00bb, avoue-t-elle en souriant.<\/p>\n<p>Ses parents sont aussi dans la branche artistique. Lui est c\u00e9ramiste et elle, est sculptrice. \u00ab\u00a0D&rsquo;ailleurs, glisse India au passage, ce samedi (29 novembre), il y a le vernissage d&rsquo;une exposition de ma maman \u00e0 la galerie <a href=\"https:\/\/www.galerie-toulouselauwers.fr\/la-galerie\" target=\"_blank\" rel=\"noopener noreferrer nofollow\" data-tooltip-url=\"https:\/\/www.galerie-toulouselauwers.fr\/la-galerie\">Toulouse Lauwers<\/a>, rue Lafayette \u00e0 Nantes\u00a0\u00bb. Mais la fibre remonte aussi \u00e0 des a\u00efeux qui \u00e9taient dans l&rsquo;univers du th\u00e9\u00e2tre en Angleterre. Un grand-p\u00e8re metteur en sc\u00e8ne et une grand-m\u00e8re actrice. India aimait les \u00e9couter lui raconter leurs souvenirs.<\/p>\n<p>Bien inspir\u00e9e, elle a commenc\u00e9 par prendre des cours de th\u00e9\u00e2tre \u00e0 la maison de quartier de Chinon, puis a choisi d&rsquo;aller au lyc\u00e9e de La Colini\u00e8re, \u00e0 Nantes, option th\u00e9\u00e2tre. Elle se souvient de deux intervenants : le metteur en sc\u00e8ne Fabrice Eveno de la compagnie <a href=\"https:\/\/www.lecerclekarre.com\/equipe-le-cerlce-karre\" target=\"_blank\" rel=\"noopener noreferrer nofollow\" data-tooltip-url=\"https:\/\/www.lecerclekarre.com\/equipe-le-cerlce-karre\">Le Cercle Karr\u00e9<\/a> et le com\u00e9dien Georges Richardeau du <a href=\"https:\/\/theatredelultime.fr\/equipeart.html\" target=\"_blank\" rel=\"noopener noreferrer nofollow\" data-tooltip-url=\"https:\/\/theatredelultime.fr\/equipeart.html\">Th\u00e9\u00e2tre de l&rsquo;Ultime<\/a>.<\/p>\n<p>\u00ab\u00a0Ils nous prenaient pour des acteurs, se souvient avec plaisir India Hair, ils nous parlaient comme \u00e0 des acteurs et nous faisaient d\u00e9couvrir des auteurs magnifiques. On allait voir des spectacles. Ce m\u00e9tier m&rsquo;a paru accessible.\u00a0\u00bb<\/p>\n<p>Elle \u00e9voque aussi une prof de th\u00e9\u00e2tre en seconde et terminale, \u00ab\u00a0Mme Huchet !, se rem\u00e9more-t-elle apr\u00e8s avoir fouill\u00e9 dans sa m\u00e9moire. Elle \u00e9tait g\u00e9niale !\u00a0\u00bb<\/p>\n<p>Puis ce sera le Conservatoire \u00e0 Nantes o\u00f9 d&rsquo;autres enseignants nourriront cette passion. \u00ab\u00a0Ils nous ont fait d\u00e9couvrir le th\u00e9\u00e2tre contemporain. On r\u00e9fl\u00e9chissait \u00e0 la musique, aux costumes. Avant de travailler sur le texte.\u00a0\u00bb<\/p>\n<p>Tout l&rsquo;inverse de ce qu&rsquo;elle fera ensuite au Conservatoire National Sup\u00e9rieur d&rsquo;Art Dramatique de Paris o\u00f9, dit-elle, le texte est l&rsquo;objectif premier.<\/p>\n<p>Rapidement, le cin\u00e9ma accapare la jeune com\u00e9dienne qui obtient un r\u00f4le en 2011 (elle a alors 24 ans) dans le film de Rapha\u00ebl Jacoulot \u00ab\u00a0Avant l&rsquo;aube\u00a0\u00bb. Puis ce sera No\u00e9mie Lvovsky qui l&rsquo;appellera pour \u00ab\u00a0Camille redouble\u00a0\u00bb qui lui vaudra une nomination dans la cat\u00e9gorie du meilleur espoir f\u00e9minin en 2013 (il y aura une nouvelle nomination huit ans plus tard pour Poissonsexe d&rsquo;Olivier Babinet). Et le planning s&rsquo;est peu \u00e0 peu rempli. L&rsquo;an dernier, elle jouait avec Camille Cottin et Sara Forestier dans le film d&rsquo;Emmanuel Mouret \u00ab\u00a0<a href=\"https:\/\/youtu.be\/f-4b-hGE3oc\" target=\"_blank\" rel=\"noopener noreferrer nofollow\" data-tooltip-url=\"https:\/\/youtu.be\/f-4b-hGE3oc\">Trois amies<\/a>\u00ab\u00a0.<\/p>\n<p>Le cin\u00e9ma, mais aussi la t\u00e9l\u00e9vision avec, notamment, des s\u00e9ries de qualit\u00e9 comme Dix pour cent, Des gens bien, Polar Park&#8230;<\/p>\n<p>Avec de trois \u00e0 quatre tournages par an, India Hair ne se plaint pas, m\u00eame si elle reconna\u00eet que \u00e7a n&rsquo;a pas \u00e9t\u00e9 toujours facile. \u00ab\u00a0Il y a des mois o\u00f9 c&rsquo;est gal\u00e8re et d&rsquo;autres mois o\u00f9 c&rsquo;est la f\u00eate\u00a0\u00bb, avoue la com\u00e9dienne qui aimerait refaire du th\u00e9\u00e2tre. Mais, jouer avec une troupe impliquerait d&rsquo;\u00eatre absente de son foyer familial sarthois, et trop loin parfois. La porte n&rsquo;est pas pour autant ferm\u00e9e. Question d&rsquo;organisation dit-elle.<\/p>\n<blockquote class=\"ftvi_content_quote\">\n<p class=\"ftvi_citation_quote\">Quand on va au cin\u00e9ma, on entre en r\u00e9sonance avec des gens qu&rsquo;on n&rsquo;aurait pas pu croiser, je suis rapidement touch\u00e9e.<\/p>\n<\/blockquote>\n<p>L&rsquo;avenir pourrait s&rsquo;\u00e9crire de l&rsquo;autre c\u00f4t\u00e9 de la cam\u00e9ra ou du rideau. La r\u00e9alisation et la mise en sc\u00e8ne l&rsquo;attirent. Elle y recherchera le plaisir de toucher \u00e0 tous les aspects : le choix des costumes, des d\u00e9cors, de la musique. \u00ab\u00a0J&rsquo;aime bien penser globalement\u00a0\u00bb, dit-elle. Elle \u00e9voque aussi un projet de court-m\u00e9trage sur les artistes en milieu rural (Tiens ! une histoire de nature&#8230;)<\/p>\n<p><a data-article-figure=\"\" href=\"https:\/\/france3-regions.franceinfo.fr\/image\/NL3OIb2CLvdCDz_hi39ifUpAges\/4032x3024\/regions\/2025\/11\/24\/img-3075-1-69246a1c68725152607754.jpg\" data-pswp-width=\"4032\" data-pswp-height=\"3024\" target=\"_blank\" rel=\"noopener\"><\/p>\n<p>          <img width=\"600\" height=\"400\" class=\"article-image lazy\" data-src=\"https:\/\/www.europesays.com\/fr\/wp-content\/uploads\/2025\/11\/img-3075-1-69246a1c68725152607754.jpg\" alt=\"Festival des 3 Continents, du 21 au 29 novembre \u00e0 Nantes.\" fetchpriority=\"high\" as=\"image\"\/><\/p>\n<p>\n            Festival des 3 Continents, du 21 au 29 novembre \u00e0 Nantes.<br \/>\n                           \u2022<br \/>\n                                      \u00a9 France T\u00e9l\u00e9visions Olivier Quentin\n                      <\/p>\n<p><\/a><\/p>\n<p>Pour le moment, India Hair, est de passage \u00e0 Nantes en tant que jur\u00e9e pour le Festival des 3 Continents dont c&rsquo;est la <a href=\"https:\/\/www.3continents.com\/fr\/\" target=\"_blank\" rel=\"noopener noreferrer nofollow\" data-tooltip-url=\"https:\/\/www.3continents.com\/fr\/\">47\u00e8me \u00e9dition<\/a>. Un vrai plaisir pour l&rsquo;ex-nantaise d&rsquo;adoption.<\/p>\n<p>\u00ab\u00a0Je voyais les affiches du festival quand j&rsquo;\u00e9tais \u00e0 La Colini\u00e8re, raconte-t-elle. Je suis contente d&rsquo;avoir pu venir. J&rsquo;ai tous mes amis ici.\u00a0\u00bb<\/p>\n<p>Grande lectrice, curieuse des autres, India Hair aime aussi s&rsquo;int\u00e9resser \u00e0 ce qui se fait au cin\u00e9ma dans d&rsquo;autres pays. Elle appr\u00e9cie particuli\u00e8rement le cin\u00e9ma belge et l&rsquo;ambiance des tournages, \u00ab\u00a0le rapport horizontal sur le plateau, dit-elle. On est l\u00e0 ensemble pour servir une \u0153uvre.\u00a0\u00bb Dans le cin\u00e9ma roumain, India se d\u00e9lecte : \u00ab\u00a0Un m\u00e9lange frontal, dr\u00f4le, tr\u00e8s engag\u00e9 politiquement, avec beaucoup de malice. C&rsquo;est joyeux.\u00a0\u00bb<\/p>\n<blockquote class=\"ftvi_content_quote\">\n<p class=\"ftvi_citation_quote\">C&rsquo;est important pour les enfants qu&rsquo;on leur lise plein d&rsquo;histoires et qu&rsquo;ils voient beaucoup de films.<\/p>\n<\/blockquote>\n<p>Nul doute que les d\u00e9lib\u00e9rations seront riches avec cette actrice passionn\u00e9e et cultiv\u00e9e.<\/p>\n<p>Au moment de terminer cette interview, se pose l&rsquo;exercice de la photo qui illustrera l&rsquo;article.<\/p>\n<p>India propose de se placer devant le mur de photographies qui m\u00e8ne au bar de l&rsquo;espace Cosmopolis. Une photo d&rsquo;un des films du r\u00e9alisateur ta\u00efwanais Ang Lee lui convient comme fond de d\u00e9cor. Deux ou trois photos sont prises. L&rsquo;actrice choisit celle o\u00f9 elle a boug\u00e9 et se trouve de profil. Plus originale. Plus d\u00e9cal\u00e9.<\/p>\n<p>Quand on voit les r\u00f4les qu&rsquo;elle a pu camper, ce n&rsquo;est pas surprenant.<\/p>\n<p><strong>Retrouvez-nous sur nos r\u00e9seaux sociaux et sur <\/strong><a href=\"https:\/\/france3-regions.franceinfo.fr\/pays-de-la-loire\/\" target=\"_blank\" rel=\"noopener noreferrer nofollow\" data-tooltip-url=\"https:\/\/france3-regions.franceinfo.fr\/pays-de-la-loire\/\"><strong>france.tv<\/strong><\/a><\/p>\n","protected":false},"excerpt":{"rendered":"Jur\u00e9e du Festival des 3 Continents \u00e0 Nantes, India Hair revient avec plaisir dans la ville o\u00f9 elle&hellip;\n","protected":false},"author":2,"featured_media":557715,"comment_status":"","ping_status":"","sticky":false,"template":"","format":"standard","meta":{"footnotes":""},"categories":[1354],"tags":[58,59,1346,1011,27,1360],"class_list":{"0":"post-557714","1":"post","2":"type-post","3":"status-publish","4":"format-standard","5":"has-post-thumbnail","7":"category-films","8":"tag-divertissement","9":"tag-entertainment","10":"tag-films","11":"tag-fr","12":"tag-france","13":"tag-movies"},"share_on_mastodon":{"url":"https:\/\/pubeurope.com\/@fr\/115610600426281240","error":""},"_links":{"self":[{"href":"https:\/\/www.europesays.com\/fr\/wp-json\/wp\/v2\/posts\/557714","targetHints":{"allow":["GET"]}}],"collection":[{"href":"https:\/\/www.europesays.com\/fr\/wp-json\/wp\/v2\/posts"}],"about":[{"href":"https:\/\/www.europesays.com\/fr\/wp-json\/wp\/v2\/types\/post"}],"author":[{"embeddable":true,"href":"https:\/\/www.europesays.com\/fr\/wp-json\/wp\/v2\/users\/2"}],"replies":[{"embeddable":true,"href":"https:\/\/www.europesays.com\/fr\/wp-json\/wp\/v2\/comments?post=557714"}],"version-history":[{"count":0,"href":"https:\/\/www.europesays.com\/fr\/wp-json\/wp\/v2\/posts\/557714\/revisions"}],"wp:featuredmedia":[{"embeddable":true,"href":"https:\/\/www.europesays.com\/fr\/wp-json\/wp\/v2\/media\/557715"}],"wp:attachment":[{"href":"https:\/\/www.europesays.com\/fr\/wp-json\/wp\/v2\/media?parent=557714"}],"wp:term":[{"taxonomy":"category","embeddable":true,"href":"https:\/\/www.europesays.com\/fr\/wp-json\/wp\/v2\/categories?post=557714"},{"taxonomy":"post_tag","embeddable":true,"href":"https:\/\/www.europesays.com\/fr\/wp-json\/wp\/v2\/tags?post=557714"}],"curies":[{"name":"wp","href":"https:\/\/api.w.org\/{rel}","templated":true}]}}