{"id":557722,"date":"2025-11-25T13:38:18","date_gmt":"2025-11-25T13:38:18","guid":{"rendered":"https:\/\/www.europesays.com\/fr\/557722\/"},"modified":"2025-11-25T13:38:18","modified_gmt":"2025-11-25T13:38:18","slug":"le-plan-aluminium-de-google-se-confirme-frandroid","status":"publish","type":"post","link":"https:\/\/www.europesays.com\/fr\/557722\/","title":{"rendered":"le plan \u00ab\u00a0Aluminium\u00a0\u00bb de Google se confirme \u2014 Frandroid"},"content":{"rendered":"<p>Le secret de Polichinelle n\u2019en est plus un. Une offre d\u2019emploi vient de confirmer ce que tout le monde suspectait : Google pr\u00e9pare activement l\u2019enterrement de ChromeOS tel qu\u2019on le conna\u00eet. Le nom de code ? <strong>Aluminium<\/strong>. Et l\u2019objectif est clair : mettre <strong>Android<\/strong> dans nos PC d\u2019ici 2026.<\/p>\n<p><a href=\"https:\/\/images.frandroid.com\/wp-content\/uploads\/2022\/01\/chromebook-stadia.jpeg\" target=\"_blank\" class=\"article-content__figure\" rel=\"noopener\"><img fetchpriority=\"high\" decoding=\"async\" loading=\"eager\" width=\"1200\" height=\"675\" src=\"https:\/\/www.europesays.com\/fr\/wp-content\/uploads\/2025\/11\/chromebook-stadia.jpeg\" alt=\"\" class=\"wp-image-1212273 wp-image wp-image\"  \/><\/a>Chrome OS prend d\u00e9j\u00e0 en charge Stadia<\/p>\n<p>On le sentait venir, on en parlait \u00e0 demi-mot, mais l\u00e0, c\u2019est \u00e9crit noir sur blanc. Google a commis la boulette classique : tout d\u00e9baller dans une offre d\u2019emploi sur LinkedIn. Le poste recherch\u00e9 ? Un \u00ab\u00a0Senior Product Manager\u00a0\u00bb bas\u00e9 \u00e0 Ta\u00efwan. La mission ? Piloter la transition vers <strong>Aluminium<\/strong>, le nom de code d\u2019un tout nouveau syst\u00e8me d\u2019exploitation bas\u00e9 sur <strong>Android<\/strong>.<\/p>\n<p><a href=\"https:\/\/www.europesays.com\/fr\/wp-content\/uploads\/2025\/11\/image-128.png\" target=\"_blank\" class=\"article-content__figure\"><img loading=\"lazy\" decoding=\"async\" width=\"886\" height=\"306\" src=\"https:\/\/www.europesays.com\/fr\/wp-content\/uploads\/2025\/11\/image-128.png\" alt=\"\" class=\"wp-image-2884103 wp-image\"  \/><\/a><\/p>\n<p>L\u2019objectif est limpide : unifier les forces. ChromeOS, c\u2019est sympa pour les \u00e9coles et les entreprises, mais face \u00e0 l\u2019<a href=\"https:\/\/www.frandroid.com\/marques\/apple\/692786_meilleur-ipad-selection\" target=\"_blank\" rel=\"noopener\">iPad<\/a> et aux <a href=\"https:\/\/www.frandroid.com\/guide-dachat\/638058_quels-sont-les-meilleurs-pc-portables-haut-de-gamme-de-2019\" target=\"_blank\" rel=\"noopener\">PC<\/a> Windows, \u00e7a plafonne.<\/p>\n<p>Avec <strong>Aluminium OS<\/strong>, Google ne veut plus seulement occuper le terrain de l\u2019entr\u00e9e de gamme, ils veulent aller chercher le <strong>march\u00e9 Premium<\/strong>. Et pour \u00e7a, ils ont d\u00e9cid\u00e9 de tout miser sur Android.<\/p>\n<p>Aluminium : Android mange le PC<\/p>\n<p>Alors, qu\u2019est-ce que c\u2019est que cette histoire d\u2019Aluminium ? C\u2019est simple. Jusqu\u2019ici, ChromeOS \u00e9tait une distribution Linux glorifi\u00e9e avec un navigateur Chrome dessus. C\u2019est l\u00e9ger, c\u2019est s\u00e9curis\u00e9, mais c\u2019est limit\u00e9. <strong>Aluminium<\/strong>, c\u2019est l\u2019inverse : c\u2019est Android qu\u2019on adapte pour le format PC.<\/p>\n<p>L\u2019offre d\u2019emploi est tr\u00e8s bavarde. Elle mentionne explicitement des appareils <strong>\u00ab laptops, d\u00e9tachables, tablettes et box \u00bb<\/strong> (comprenez des <a href=\"https:\/\/www.frandroid.com\/guide-dachat\/2472618_meilleurs-mini-pc-quel-modele-choisir\" target=\"_blank\" rel=\"noopener\">mini PC<\/a> fa\u00e7on Mac Mini). Mais le plus int\u00e9ressant, c\u2019est la segmentation. Google ne veut plus se contenter des machines \u00e0 300 euros. Le document \u00e9voque des gammes <strong>\u00ab AL Mass Premium \u00bb<\/strong> et <strong>\u00ab AL Premium \u00bb<\/strong>.<\/p>\n<p>Concr\u00e8tement, \u00e7a veut dire que Google pr\u00e9pare le terrain pour des machines capables de rivaliser avec un <strong>MacBook Pro<\/strong> ou une <strong>Surface Pro<\/strong>. Et pour faire passer la pilule, ils sortent l\u2019argument magique du moment : l\u2019IA. Aluminium est d\u00e9crit comme \u00e9tant \u00ab construit avec l\u2019Intelligence Artificielle au c\u0153ur \u00bb. En clair, attendez-vous \u00e0 voir <strong>Gemini<\/strong> int\u00e9gr\u00e9 partout, probablement de mani\u00e8re bien plus profonde que ce qu\u2019on voit actuellement sur les <a href=\"https:\/\/www.frandroid.com\/marques\/google\/2314040_test-du-google-pixel-9-un-7-10-qui-ne-demande-qua-devenir-un-8-10\" target=\"_blank\" rel=\"noopener\">Pixel 9<\/a>.<\/p>\n<p>Le probl\u00e8me de la transition et de votre Chromebook actuel<\/p>\n<p>C\u2019est bien beau de tout casser, mais qu\u2019est-ce qu\u2019on fait des millions de Chromebooks en circulation ? L\u2019offre d\u2019emploi parle de \u00ab continuit\u00e9 commerciale \u00bb, ce qui est le langage corporate pour dire : \u00ab on ne veut pas que les entreprises clientes partent en courant chez Microsoft \u00bb.<\/p>\n<p>Il y a deux sc\u00e9narios possibles :<\/p>\n<ol start=\"1\" class=\"wp-block-list\">\n<li><strong>La cohabitation :<\/strong> ChromeOS et Aluminium vivent c\u00f4te \u00e0 c\u00f4te pendant quelques ann\u00e9es. C\u2019est le plus probable.<\/li>\n<li><strong>La migration forc\u00e9e :<\/strong> Google propose une mise \u00e0 jour pour transformer certains Chromebooks r\u00e9cents (avec puces <strong>Intel 12e g\u00e9n\u00e9ration<\/strong> ou <strong>MediaTek Kompanio 520<\/strong>, qui sont actuellement test\u00e9es) en machines Android.<\/li>\n<\/ol>\n<p>Android a toujours eu du mal sur les grands \u00e9crans. L\u2019interface de bureau d\u2019Android, on la conna\u00eet, elle s\u2019am\u00e9liore, mais elle est loin d\u2019avoir la fluidit\u00e9 et la gestion de fen\u00eatres d\u2019un Windows 11 ou d\u2019un macOS. <\/p>\n<p>Pourquoi \u00e7a pourrait (enfin) marcher<\/p>\n<p>La strat\u00e9gie \u00ab\u00a0deux OS\u00a0\u00bb de Google n\u2019a aucun sens depuis des ann\u00e9es. Apple a r\u00e9ussi \u00e0 garder macOS et iPadOS distincts parce qu\u2019ils contr\u00f4lent tout le mat\u00e9riel. Google, qui d\u00e9pend de partenaires comme <strong>Acer<\/strong>, <strong>HP<\/strong> ou <strong>Asus<\/strong>, disperse ses ressources.<\/p>\n<p>Depuis plusieurs ann\u00e9es, Google porte des \u00ab\u00a0fonctions\u00a0\u00bb Android sur ChromeOS, dont le Play Store. Mais on est loin d\u2019avoir une exp\u00e9rience compl\u00e8te.<\/p>\n<p>En basculant tout sur Android, Google offre aux d\u00e9veloppeurs une cible unique. Si votre application Android tourne parfaitement sur un smartphone, une tablette ET un PC portable, vous avez une raison de plus de la soigner. <\/p>\n<p>D\u2019ailleurs, le march\u00e9 du PC repart, pouss\u00e9 par les puces ARM (gr\u00e2ce \u00e0 Apple Silicon, Qualcomm et bient\u00f4t Nvidia), et Android est la seule arme cr\u00e9dible de Google pour ne pas rester sur le bord de la route. <\/p>\n<p>Est-ce que ce sera pr\u00eat en 2026 ? Vu l\u2019historique de Google avec les lancements de produits, permettez-moi d\u2019\u00eatre sceptique. Mais la direction semble enfin la bonne.<\/p>\n","protected":false},"excerpt":{"rendered":"Le secret de Polichinelle n\u2019en est plus un. Une offre d\u2019emploi vient de confirmer ce que tout le&hellip;\n","protected":false},"author":2,"featured_media":557723,"comment_status":"","ping_status":"","sticky":false,"template":"","format":"standard","meta":{"footnotes":""},"categories":[7],"tags":[1011,27,43,40,41,39,42,44],"class_list":{"0":"post-557722","1":"post","2":"type-post","3":"status-publish","4":"format-standard","5":"has-post-thumbnail","7":"category-sciences-et-technologies","8":"tag-fr","9":"tag-france","10":"tag-science","11":"tag-science-and-technology","12":"tag-sciences","13":"tag-sciences-et-technologies","14":"tag-technologies","15":"tag-technology"},"share_on_mastodon":{"url":"https:\/\/pubeurope.com\/@fr\/115610617042209306","error":""},"_links":{"self":[{"href":"https:\/\/www.europesays.com\/fr\/wp-json\/wp\/v2\/posts\/557722","targetHints":{"allow":["GET"]}}],"collection":[{"href":"https:\/\/www.europesays.com\/fr\/wp-json\/wp\/v2\/posts"}],"about":[{"href":"https:\/\/www.europesays.com\/fr\/wp-json\/wp\/v2\/types\/post"}],"author":[{"embeddable":true,"href":"https:\/\/www.europesays.com\/fr\/wp-json\/wp\/v2\/users\/2"}],"replies":[{"embeddable":true,"href":"https:\/\/www.europesays.com\/fr\/wp-json\/wp\/v2\/comments?post=557722"}],"version-history":[{"count":0,"href":"https:\/\/www.europesays.com\/fr\/wp-json\/wp\/v2\/posts\/557722\/revisions"}],"wp:featuredmedia":[{"embeddable":true,"href":"https:\/\/www.europesays.com\/fr\/wp-json\/wp\/v2\/media\/557723"}],"wp:attachment":[{"href":"https:\/\/www.europesays.com\/fr\/wp-json\/wp\/v2\/media?parent=557722"}],"wp:term":[{"taxonomy":"category","embeddable":true,"href":"https:\/\/www.europesays.com\/fr\/wp-json\/wp\/v2\/categories?post=557722"},{"taxonomy":"post_tag","embeddable":true,"href":"https:\/\/www.europesays.com\/fr\/wp-json\/wp\/v2\/tags?post=557722"}],"curies":[{"name":"wp","href":"https:\/\/api.w.org\/{rel}","templated":true}]}}