{"id":557728,"date":"2025-11-25T13:41:14","date_gmt":"2025-11-25T13:41:14","guid":{"rendered":"https:\/\/www.europesays.com\/fr\/557728\/"},"modified":"2025-11-25T13:41:14","modified_gmt":"2025-11-25T13:41:14","slug":"recherche-depuis-plus-dun-an-un-delinquant-arrete-avec-une-arme-a-feu-chargee","status":"publish","type":"post","link":"https:\/\/www.europesays.com\/fr\/557728\/","title":{"rendered":"recherch\u00e9 depuis plus d\u2019un an, un d\u00e9linquant arr\u00eat\u00e9 avec une arme \u00e0 feu charg\u00e9e"},"content":{"rendered":"<p>\n    Un individu connu des services de police a \u00e9t\u00e9 interpell\u00e9 lundi soir, dans un quartier sensible de l\u2019agglom\u00e9ration. Porteur d\u2019un pistolet Glock charg\u00e9 \u00e0 plein, il a \u00e9t\u00e9 plac\u00e9 en garde \u00e0 vue.<\/p>\n<p class=\"fig-paragraph\">La police nantaise a men\u00e9 un coup de filet efficace lundi soir. Une op\u00e9ration de contr\u00f4le d\u2019un groupe de six personnes, r\u00e9uni dans un hall d\u2019immeuble\u00a0<a href=\"http:\/\/www.lefigaro.fr\/nantes\/a-nantes-la-peur-et-les-humiliations-des-habitants-du-quartier-bellevue-gangrene-par-la-violence-20240320\" target=\"_blank\" data-fig-type=\"NewsFlash\" rel=\"noopener\" data-gtm-custom-categorie=\"navigation\" data-gtm-custom-action=\"crossclick\" data-gtm-custom-label=\"Contextuel\" data-gtm-event=\"customEventSPE\" data-fig-domain=\"LEFIGARO\">du quartier sensible de Bellevue<\/a>, a men\u00e9 \u00e0 l\u2019interpellation de deux individus pour port d\u2019arme, dans la soir\u00e9e du 24 novembre. Le premier \u00e9tait arm\u00e9 d\u2019un couteau. Le second portait\u00a0<a href=\"http:\/\/www.lefigaro.fr\/nantes\/nantes-apres-de-nouveaux-coups-de-feu-des-armes-de-guerre-saisies-dans-une-voiture-et-deux-individus-interpelles-20251124\" target=\"_blank\" data-fig-type=\"NewsFlash\" rel=\"noopener\" data-gtm-custom-categorie=\"navigation\" data-gtm-custom-action=\"crossclick\" data-gtm-custom-label=\"Contextuel\" data-gtm-event=\"customEventSPE\" data-fig-domain=\"LEFIGARO\">une arme \u00e0 feu<\/a>\u00a0&#8211; et \u00e9tait recherch\u00e9 depuis plus d\u2019un an par la police.<\/p>\n<p>R\u00e9cidiviste<\/p>\n<p class=\"fig-paragraph\">L\u2019homme en question \u00e9tait \u00e9quip\u00e9 d\u2019un pistolet Glock, charg\u00e9 \u00e0 plein, de 16 balles de 9 mm. Il n\u2019a pas oppos\u00e9 de r\u00e9sistance \u00e0 son arrestation, aux alentours de 20 heures, rue de la Mayenne, \u00e0 Saint-Herblain, dans la banlieue ouest\u00a0<a href=\"https:\/\/www.lefigaro.fr\/nantes\" target=\"_blank\" data-fig-type=\"Section\" rel=\"sponsored noopener\" data-gtm-custom-categorie=\"navigation\" data-gtm-custom-action=\"crossclick\" data-gtm-custom-label=\"Contextuel\" data-gtm-event=\"customEventSPE\" data-fig-domain=\"LEFIGARO\">de Nantes<\/a>\u00a0(Loire-Atlantique).<\/p>\n<p>                                    <a class=\"fig-a11y-skip a11y-hidden\" href=\"#fig-a11y-skip-main-inarticle\"><br \/>\n        Passer la publicit\u00e9<br \/>\n    <\/a><\/p>\n<p class=\"fig-paragraph\">Selon une source polici\u00e8re, il s\u2019agit d\u2019un profil r\u00e9cidiviste et \u00abtr\u00e8s bien connu\u00bb des services. La division de la criminalit\u00e9 organis\u00e9e et sp\u00e9cialis\u00e9e a pris le relais \u00e0 son arriv\u00e9e en garde \u00e0 vue, \u00e0 l\u2019h\u00f4tel de police.<\/p>\n","protected":false},"excerpt":{"rendered":"Un individu connu des services de police a \u00e9t\u00e9 interpell\u00e9 lundi soir, dans un quartier sensible de l\u2019agglom\u00e9ration.&hellip;\n","protected":false},"author":2,"featured_media":557729,"comment_status":"","ping_status":"","sticky":false,"template":"","format":"standard","meta":{"footnotes":""},"categories":[4],"tags":[11,2441,1011,27,12,25],"class_list":{"0":"post-557728","1":"post","2":"type-post","3":"status-publish","4":"format-standard","5":"has-post-thumbnail","7":"category-france","8":"tag-actualites","9":"tag-arrestation","10":"tag-fr","11":"tag-france","12":"tag-news","13":"tag-republique-francaise"},"share_on_mastodon":{"url":"https:\/\/pubeurope.com\/@fr\/115610627967658390","error":""},"_links":{"self":[{"href":"https:\/\/www.europesays.com\/fr\/wp-json\/wp\/v2\/posts\/557728","targetHints":{"allow":["GET"]}}],"collection":[{"href":"https:\/\/www.europesays.com\/fr\/wp-json\/wp\/v2\/posts"}],"about":[{"href":"https:\/\/www.europesays.com\/fr\/wp-json\/wp\/v2\/types\/post"}],"author":[{"embeddable":true,"href":"https:\/\/www.europesays.com\/fr\/wp-json\/wp\/v2\/users\/2"}],"replies":[{"embeddable":true,"href":"https:\/\/www.europesays.com\/fr\/wp-json\/wp\/v2\/comments?post=557728"}],"version-history":[{"count":0,"href":"https:\/\/www.europesays.com\/fr\/wp-json\/wp\/v2\/posts\/557728\/revisions"}],"wp:featuredmedia":[{"embeddable":true,"href":"https:\/\/www.europesays.com\/fr\/wp-json\/wp\/v2\/media\/557729"}],"wp:attachment":[{"href":"https:\/\/www.europesays.com\/fr\/wp-json\/wp\/v2\/media?parent=557728"}],"wp:term":[{"taxonomy":"category","embeddable":true,"href":"https:\/\/www.europesays.com\/fr\/wp-json\/wp\/v2\/categories?post=557728"},{"taxonomy":"post_tag","embeddable":true,"href":"https:\/\/www.europesays.com\/fr\/wp-json\/wp\/v2\/tags?post=557728"}],"curies":[{"name":"wp","href":"https:\/\/api.w.org\/{rel}","templated":true}]}}