{"id":557730,"date":"2025-11-25T13:42:14","date_gmt":"2025-11-25T13:42:14","guid":{"rendered":"https:\/\/www.europesays.com\/fr\/557730\/"},"modified":"2025-11-25T13:42:14","modified_gmt":"2025-11-25T13:42:14","slug":"le-corps-sans-vie-dun-eleve-de-17-ans-decouvert-dans-la-cour-interieure-du-lycee-montaigne","status":"publish","type":"post","link":"https:\/\/www.europesays.com\/fr\/557730\/","title":{"rendered":"Le corps sans vie d\u2019un \u00e9l\u00e8ve de 17 ans d\u00e9couvert dans la cour int\u00e9rieure du lyc\u00e9e Montaigne"},"content":{"rendered":"<p>On ignore encore les circonstances de ce drame. Ce mardi, \u00e0 6h40, \u00ab\u00a0le corps sans vie d\u2019un jeune homme a \u00e9t\u00e9 d\u00e9couvert dans une des cours int\u00e9rieures du <a href=\"https:\/\/montaigne-bordeaux.fr\/\" rel=\"nofollow noopener\" target=\"_blank\" class=\"c-link c-link--is-underlined\">lyc\u00e9e Montaigne<\/a>, \u00e0 <a href=\"https:\/\/www.20minutes.fr\/bordeaux\/\" class=\"c-link c-link--is-underlined\" target=\"_blank\" rel=\"noopener\">Bordeaux<\/a>, par deux agents techniques de l\u2019\u00e9tablissement\u00a0\u00bb, annonce Renaud Gaudeul, procureur de la R\u00e9publique de Bordeaux dans un communiqu\u00e9, ce mardi midi.<\/p>\n<p>Le corps se trouvait au sol, \u00e0 l\u2019aplomb d\u2019un b\u00e2timent, pr\u00e9cise le parquet. \u00c2g\u00e9 de 17 ans, le jeune homme \u00e9tait interne au sein du lyc\u00e9e et scolaris\u00e9 en deuxi\u00e8me ann\u00e9e de classe pr\u00e9paratoire.<\/p>\n<p>Une cellule de soutien psychologique mise en place<\/p>\n<p>Une enqu\u00eate pour rechercher les causes de la mort a \u00e9t\u00e9 confi\u00e9e \u00e0 la division de la criminalit\u00e9 territoriale (DCT) du commissariat de Bordeaux et les investigations se poursuivent sous la supervision du parquet de Bordeaux. Un m\u00e9decin l\u00e9giste a \u00e9t\u00e9 requis afin d\u2019op\u00e9rer toutes les constatations utiles.<\/p>\n<p>\u00ab\u00a0Toutes les pr\u00e9cautions ont \u00e9t\u00e9 prises afin que les autres \u00e9l\u00e8ves de l\u2019\u00e9tablissement soient tenus \u00e9loign\u00e9s du lieu de la d\u00e9couverte du corps\u00a0\u00bb, souligne le procureur. Une <a href=\"https:\/\/www.20minutes.fr\/societe\/625143-20101118-societe-une-cellule-psychologique-comment-ca-marche\" class=\"c-link c-link--is-underlined\" target=\"_blank\" rel=\"noopener\">cellule de soutien psychologique <\/a>a \u00e9galement \u00e9t\u00e9 mise en place par le recteur, qui s\u2019est rendu sur place.<\/p>\n","protected":false},"excerpt":{"rendered":"On ignore encore les circonstances de ce drame. Ce mardi, \u00e0 6h40, \u00ab\u00a0le corps sans vie d\u2019un jeune&hellip;\n","protected":false},"author":2,"featured_media":557731,"comment_status":"","ping_status":"","sticky":false,"template":"","format":"standard","meta":{"footnotes":""},"categories":[2],"tags":[47,11,3177,1997,118,1011,27,2905,2633,12,2219,15860],"class_list":{"0":"post-557730","1":"post","2":"type-post","3":"status-publish","4":"format-standard","5":"has-post-thumbnail","7":"category-actualites","8":"tag-actualite","9":"tag-actualites","10":"tag-aquitaine","11":"tag-bordeaux","12":"tag-faits-divers","13":"tag-fr","14":"tag-france","15":"tag-gironde","16":"tag-lycee","17":"tag-news","18":"tag-nouvelle-aquitaine","19":"tag-parquet"},"share_on_mastodon":{"url":"https:\/\/pubeurope.com\/@fr\/115610631948687791","error":""},"_links":{"self":[{"href":"https:\/\/www.europesays.com\/fr\/wp-json\/wp\/v2\/posts\/557730","targetHints":{"allow":["GET"]}}],"collection":[{"href":"https:\/\/www.europesays.com\/fr\/wp-json\/wp\/v2\/posts"}],"about":[{"href":"https:\/\/www.europesays.com\/fr\/wp-json\/wp\/v2\/types\/post"}],"author":[{"embeddable":true,"href":"https:\/\/www.europesays.com\/fr\/wp-json\/wp\/v2\/users\/2"}],"replies":[{"embeddable":true,"href":"https:\/\/www.europesays.com\/fr\/wp-json\/wp\/v2\/comments?post=557730"}],"version-history":[{"count":0,"href":"https:\/\/www.europesays.com\/fr\/wp-json\/wp\/v2\/posts\/557730\/revisions"}],"wp:featuredmedia":[{"embeddable":true,"href":"https:\/\/www.europesays.com\/fr\/wp-json\/wp\/v2\/media\/557731"}],"wp:attachment":[{"href":"https:\/\/www.europesays.com\/fr\/wp-json\/wp\/v2\/media?parent=557730"}],"wp:term":[{"taxonomy":"category","embeddable":true,"href":"https:\/\/www.europesays.com\/fr\/wp-json\/wp\/v2\/categories?post=557730"},{"taxonomy":"post_tag","embeddable":true,"href":"https:\/\/www.europesays.com\/fr\/wp-json\/wp\/v2\/tags?post=557730"}],"curies":[{"name":"wp","href":"https:\/\/api.w.org\/{rel}","templated":true}]}}