{"id":557746,"date":"2025-11-25T13:52:11","date_gmt":"2025-11-25T13:52:11","guid":{"rendered":"https:\/\/www.europesays.com\/fr\/557746\/"},"modified":"2025-11-25T13:52:11","modified_gmt":"2025-11-25T13:52:11","slug":"rouen-de-la-prison-ferme-pour-un-dealer-de-cocaine-et-dheroine","status":"publish","type":"post","link":"https:\/\/www.europesays.com\/fr\/557746\/","title":{"rendered":"Rouen. De la prison ferme pour un dealer de coca\u00efne et d&rsquo;h\u00e9ro\u00efne"},"content":{"rendered":"<p melodystyle=\"texte\">Les enqu\u00eateurs de la Division de la criminalit\u00e9 territoriale (DCT) de Seine-Maritime ont arr\u00eat\u00e9 un homme de 35 ans, mercredi 19\u00a0novembre \u00e0 6h, rue Marie Curie \u00e0 Rouen.<\/p>\n<p melodystyle=\"texte\">Il \u00e9tait sous surveillance depuis plusieurs jours. Il \u00e9tait soup\u00e7onn\u00e9 de vendre de la coca\u00efne et de l&rsquo;h\u00e9ro\u00efne dans le centre-ville de Rouen. Son trafic s&rsquo;organisait autour de la place Saint-Marc.<\/p>\n<p melodystyle=\"texte\">Lors de la perquisition de son domicile, la police a retrouv\u00e9 40 grammes de coca\u00efne. L&rsquo;homme n&rsquo;\u00e9tait connu des policiers que pour des conduites sans permis.<\/p>\n<p melodystyle=\"texte\">En comparution imm\u00e9diate, il a \u00e9t\u00e9 condamn\u00e9 \u00e0 18 mois de prison dont 9 ferme.<\/p>\n","protected":false},"excerpt":{"rendered":"Les enqu\u00eateurs de la Division de la criminalit\u00e9 territoriale (DCT) de Seine-Maritime ont arr\u00eat\u00e9 un homme de 35&hellip;\n","protected":false},"author":2,"featured_media":557747,"comment_status":"","ping_status":"","sticky":false,"template":"","format":"standard","meta":{"footnotes":""},"categories":[9587],"tags":[1111,11,1777,674,1011,27,12,5161,25,9590],"class_list":{"0":"post-557746","1":"post","2":"type-post","3":"status-publish","4":"format-standard","5":"has-post-thumbnail","7":"category-rouen","8":"tag-actu","9":"tag-actualites","10":"tag-eu","11":"tag-europe","12":"tag-fr","13":"tag-france","14":"tag-news","15":"tag-normandie","16":"tag-republique-francaise","17":"tag-rouen"},"share_on_mastodon":{"url":"https:\/\/pubeurope.com\/@fr\/115610671184058370","error":""},"_links":{"self":[{"href":"https:\/\/www.europesays.com\/fr\/wp-json\/wp\/v2\/posts\/557746","targetHints":{"allow":["GET"]}}],"collection":[{"href":"https:\/\/www.europesays.com\/fr\/wp-json\/wp\/v2\/posts"}],"about":[{"href":"https:\/\/www.europesays.com\/fr\/wp-json\/wp\/v2\/types\/post"}],"author":[{"embeddable":true,"href":"https:\/\/www.europesays.com\/fr\/wp-json\/wp\/v2\/users\/2"}],"replies":[{"embeddable":true,"href":"https:\/\/www.europesays.com\/fr\/wp-json\/wp\/v2\/comments?post=557746"}],"version-history":[{"count":0,"href":"https:\/\/www.europesays.com\/fr\/wp-json\/wp\/v2\/posts\/557746\/revisions"}],"wp:featuredmedia":[{"embeddable":true,"href":"https:\/\/www.europesays.com\/fr\/wp-json\/wp\/v2\/media\/557747"}],"wp:attachment":[{"href":"https:\/\/www.europesays.com\/fr\/wp-json\/wp\/v2\/media?parent=557746"}],"wp:term":[{"taxonomy":"category","embeddable":true,"href":"https:\/\/www.europesays.com\/fr\/wp-json\/wp\/v2\/categories?post=557746"},{"taxonomy":"post_tag","embeddable":true,"href":"https:\/\/www.europesays.com\/fr\/wp-json\/wp\/v2\/tags?post=557746"}],"curies":[{"name":"wp","href":"https:\/\/api.w.org\/{rel}","templated":true}]}}