{"id":557748,"date":"2025-11-25T13:53:11","date_gmt":"2025-11-25T13:53:11","guid":{"rendered":"https:\/\/www.europesays.com\/fr\/557748\/"},"modified":"2025-11-25T13:53:11","modified_gmt":"2025-11-25T13:53:11","slug":"rouen-quatre-migrants-retrouves-dans-un-camion-frigorifique","status":"publish","type":"post","link":"https:\/\/www.europesays.com\/fr\/557748\/","title":{"rendered":"Rouen. Quatre migrants retrouv\u00e9s dans un camion frigorifique"},"content":{"rendered":"<p melodystyle=\"texte\">Quatre migrants ont \u00e9t\u00e9 arr\u00eat\u00e9s lundi 24\u00a0novembre \u00e0 Rouen.<\/p>\n<p melodystyle=\"texte\">Vers 23h50, la police a re\u00e7u un appel de ces quatre personnes. Elles s&rsquo;\u00e9taient cach\u00e9es dans la remorque d&rsquo;un camion frigorifique et se sont aper\u00e7ues qu&rsquo;elles ne prenaient pas la direction de la Grande-Bretagne.<\/p>\n<p melodystyle=\"texte\">Gr\u00e2ce \u00e0 la g\u00e9olocalisation, les policiers ont rep\u00e9r\u00e9 le groupe avenue du Commandant Bicheray, sur le parking du MIN (March\u00e9 d&rsquo;int\u00e9r\u00eat national). Sur place, un chauffeur hollandais, qui transportait des fleurs, est venu \u00e0 leur rencontre, expliquant avoir entendu du bruit provenant de sa remorque.<\/p>\n<p melodystyle=\"texte\">Les migrants se trouvaient \u00e0 l&rsquo;int\u00e9rieur. Il s&rsquo;agit de quatre hommes de 24 \u00e0 31 ans, originaires d&rsquo;Irak. Ils \u00e9taient mont\u00e9s dans le camion sur une aire d&rsquo;autoroute. Ces hommes ont fait l&rsquo;objet d&rsquo;une retenue administrative.<\/p>\n","protected":false},"excerpt":{"rendered":"Quatre migrants ont \u00e9t\u00e9 arr\u00eat\u00e9s lundi 24\u00a0novembre \u00e0 Rouen. Vers 23h50, la police a re\u00e7u un appel de&hellip;\n","protected":false},"author":2,"featured_media":557749,"comment_status":"","ping_status":"","sticky":false,"template":"","format":"standard","meta":{"footnotes":""},"categories":[9587],"tags":[1111,11,1777,674,1011,27,12,5161,25,9590],"class_list":{"0":"post-557748","1":"post","2":"type-post","3":"status-publish","4":"format-standard","5":"has-post-thumbnail","7":"category-rouen","8":"tag-actu","9":"tag-actualites","10":"tag-eu","11":"tag-europe","12":"tag-fr","13":"tag-france","14":"tag-news","15":"tag-normandie","16":"tag-republique-francaise","17":"tag-rouen"},"share_on_mastodon":{"url":"https:\/\/pubeurope.com\/@fr\/115610675028774965","error":""},"_links":{"self":[{"href":"https:\/\/www.europesays.com\/fr\/wp-json\/wp\/v2\/posts\/557748","targetHints":{"allow":["GET"]}}],"collection":[{"href":"https:\/\/www.europesays.com\/fr\/wp-json\/wp\/v2\/posts"}],"about":[{"href":"https:\/\/www.europesays.com\/fr\/wp-json\/wp\/v2\/types\/post"}],"author":[{"embeddable":true,"href":"https:\/\/www.europesays.com\/fr\/wp-json\/wp\/v2\/users\/2"}],"replies":[{"embeddable":true,"href":"https:\/\/www.europesays.com\/fr\/wp-json\/wp\/v2\/comments?post=557748"}],"version-history":[{"count":0,"href":"https:\/\/www.europesays.com\/fr\/wp-json\/wp\/v2\/posts\/557748\/revisions"}],"wp:featuredmedia":[{"embeddable":true,"href":"https:\/\/www.europesays.com\/fr\/wp-json\/wp\/v2\/media\/557749"}],"wp:attachment":[{"href":"https:\/\/www.europesays.com\/fr\/wp-json\/wp\/v2\/media?parent=557748"}],"wp:term":[{"taxonomy":"category","embeddable":true,"href":"https:\/\/www.europesays.com\/fr\/wp-json\/wp\/v2\/categories?post=557748"},{"taxonomy":"post_tag","embeddable":true,"href":"https:\/\/www.europesays.com\/fr\/wp-json\/wp\/v2\/tags?post=557748"}],"curies":[{"name":"wp","href":"https:\/\/api.w.org\/{rel}","templated":true}]}}