{"id":557754,"date":"2025-11-25T13:58:15","date_gmt":"2025-11-25T13:58:15","guid":{"rendered":"https:\/\/www.europesays.com\/fr\/557754\/"},"modified":"2025-11-25T13:58:15","modified_gmt":"2025-11-25T13:58:15","slug":"huit-femmes-en-garde-a-vue-pour-avoir-essaye-dinstaller-une-banderole-en-pleine-nuit-a-republique","status":"publish","type":"post","link":"https:\/\/www.europesays.com\/fr\/557754\/","title":{"rendered":"huit femmes en garde \u00e0 vue pour avoir essay\u00e9 d&rsquo;installer une banderole en pleine nuit \u00e0 R\u00e9publique"},"content":{"rendered":"<p>                    Par<br \/>\n        <strong><br \/>\n            <a href=\"https:\/\/actu.fr\/auteur\/brian-legoff\" title=\"Consulter tous les articles de Brian Le Goff\" target=\"_blank\" rel=\"noopener\">Brian Le Goff<\/a><br \/>\n                    <\/strong><\/p>\n<p>        Publi\u00e9 le<\/p>\n<p>            25 nov. 2025 \u00e0 13h27        <\/p>\n<p>Elles n\u2019ont <strong>pas eu le temps d\u2019aller au bout de leur action<\/strong>. \u00c0 Rennes, vers 3h du matin, mardi 25\u00a0novembre,<strong> huit femmes ont \u00e9t\u00e9 interpell\u00e9es<\/strong> par les policiers pour avoir tent\u00e9 d\u2019accrocher une banderole f\u00e9ministe <strong>\u00ab\u2009Tornade vengeresse\u2009\u00bb<\/strong> sur un \u00e9chafaudage, install\u00e9 devant le b\u00e2timent qui accueille au rez-de-chauss\u00e9e le Starbucks, place de la R\u00e9publique, indique une source polici\u00e8re \u00e0 <a href=\"https:\/\/actu.fr\/rennes\/\" target=\"_blank\" rel=\"noopener\">actu Rennes<\/a>, confirmant <a href=\"https:\/\/www.ouest-france.fr\/societe\/faits-divers\/a-rennes-huit-femmes-en-garde-a-vue-apres-avoir-tente-de-deployer-une-banderole-feministe-en-pleine-nuit-93b56478-c9eb-11f0-8e72-0bb15ba0f998\" target=\"_blank\" rel=\"noopener\">Ouest-France<\/a>.<\/p>\n<p>Pochoirs et bombes de peinture<\/p>\n<p class=\" wall-content\">Capuch\u00e9es et masqu\u00e9es, elles ont <strong>tr\u00e8s rapidement \u00e9t\u00e9 rep\u00e9r\u00e9es<\/strong> par les forces de l\u2019ordre. Certaines se trouvaient sur l\u2019\u00e9chafaudage tandis que <strong>d\u2019autres filmaient la sc\u00e8ne<\/strong>. Elles \u00e9taient \u00e9galement en possession de pochoirs et bombes de peinture.<\/p>\n<p class=\" wall-content\">Intercept\u00e9es, elles ont refus\u00e9 de d\u00e9cliner leur identit\u00e9 et de se soumettre aux v\u00e9rifications d\u2019usage, indique une source polici\u00e8re, sollicit\u00e9e par notre r\u00e9daction.<\/p>\n<p class=\" wall-content\"><strong>Plac\u00e9es en garde \u00e0 vue,<\/strong> nous ne savons pas si elles s\u2019y trouvent toujours.<\/p>\n<p>Une marche aux flambeaux ce mardi soir<\/p>\n<p class=\" wall-content\">Cette action intervient apr\u00e8s la journ\u00e9e internationale de lutte contre les violences sexistes et sexuelles, samedi 22\u00a0novembre, avec <a href=\"https:\/\/actu.fr\/bretagne\/rennes_35238\/plusieurs-centaines-de-personnes-dans-la-rue-a-rennes-pour-lutter-contre-les-violences-sexistes-et-sexuelles_63475103.html\" target=\"_blank\" rel=\"noopener\">une manifestation dans le centre-ville qui a r\u00e9uni des centaines de personnes<\/a>, et \u00e0 quelques heures d\u2019une \u00ab\u2009marche aux flambeaux f\u00e9ministe comm\u00e9morative et revendicative pour des vies dignes, libres et sans violences pour toustes\u2009\u00bb, <strong>au d\u00e9part de R\u00e9publique, \u00e0 partir de 18h<\/strong>.<\/p>\n<p class=\" wall-content\">Personnalisez votre actualit\u00e9 en ajoutant vos villes et m\u00e9dias en favori avec <a href=\"https:\/\/moncompte.actu.fr\" title=\"D\u00e9couvez Mon Actu\" rel=\"nofollow noopener\" data-trk=\"{&quot;cta&quot;:{&quot;action&quot;:&quot;https:\\\/\\\/moncompte.actu.fr&quot;,&quot;category&quot;:&quot;mon compte&quot;,&quot;from&quot;:&quot;article footer&quot;,&quot;name&quot;:&quot;Mon actu&quot;,&quot;type&quot;:&quot;cta&quot;}}\" target=\"_blank\">Mon Actu<\/a>.<\/p>\n","protected":false},"excerpt":{"rendered":"Par Brian Le Goff Publi\u00e9 le 25 nov. 2025 \u00e0 13h27 Elles n\u2019ont pas eu le temps d\u2019aller&hellip;\n","protected":false},"author":2,"featured_media":499894,"comment_status":"","ping_status":"","sticky":false,"template":"","format":"standard","meta":{"footnotes":""},"categories":[2821],"tags":[1111,11,829,1777,674,118,6757,1011,27,12,1072,584,25],"class_list":{"0":"post-557754","1":"post","2":"type-post","3":"status-publish","4":"format-standard","5":"has-post-thumbnail","7":"category-rennes","8":"tag-actu","9":"tag-actualites","10":"tag-bretagne","11":"tag-eu","12":"tag-europe","13":"tag-faits-divers","14":"tag-feminisme","15":"tag-fr","16":"tag-france","17":"tag-news","18":"tag-police","19":"tag-rennes","20":"tag-republique-francaise"},"share_on_mastodon":{"url":"https:\/\/pubeurope.com\/@fr\/115610694736683935","error":""},"_links":{"self":[{"href":"https:\/\/www.europesays.com\/fr\/wp-json\/wp\/v2\/posts\/557754","targetHints":{"allow":["GET"]}}],"collection":[{"href":"https:\/\/www.europesays.com\/fr\/wp-json\/wp\/v2\/posts"}],"about":[{"href":"https:\/\/www.europesays.com\/fr\/wp-json\/wp\/v2\/types\/post"}],"author":[{"embeddable":true,"href":"https:\/\/www.europesays.com\/fr\/wp-json\/wp\/v2\/users\/2"}],"replies":[{"embeddable":true,"href":"https:\/\/www.europesays.com\/fr\/wp-json\/wp\/v2\/comments?post=557754"}],"version-history":[{"count":0,"href":"https:\/\/www.europesays.com\/fr\/wp-json\/wp\/v2\/posts\/557754\/revisions"}],"wp:featuredmedia":[{"embeddable":true,"href":"https:\/\/www.europesays.com\/fr\/wp-json\/wp\/v2\/media\/499894"}],"wp:attachment":[{"href":"https:\/\/www.europesays.com\/fr\/wp-json\/wp\/v2\/media?parent=557754"}],"wp:term":[{"taxonomy":"category","embeddable":true,"href":"https:\/\/www.europesays.com\/fr\/wp-json\/wp\/v2\/categories?post=557754"},{"taxonomy":"post_tag","embeddable":true,"href":"https:\/\/www.europesays.com\/fr\/wp-json\/wp\/v2\/tags?post=557754"}],"curies":[{"name":"wp","href":"https:\/\/api.w.org\/{rel}","templated":true}]}}