{"id":557766,"date":"2025-11-25T14:05:11","date_gmt":"2025-11-25T14:05:11","guid":{"rendered":"https:\/\/www.europesays.com\/fr\/557766\/"},"modified":"2025-11-25T14:05:11","modified_gmt":"2025-11-25T14:05:11","slug":"les-restos-du-coeur-ont-lance-leur-campagne-dhiver","status":"publish","type":"post","link":"https:\/\/www.europesays.com\/fr\/557766\/","title":{"rendered":"les Restos du c\u0153ur ont lanc\u00e9 leur campagne d\u2019hiver"},"content":{"rendered":"<p>La nouvelle campagne d\u2019hiver des Restos du c\u0153ur pour le centre de Blanquefort a d\u00e9marr\u00e9 le lundi 17\u00a0novembre. \u00ab\u00a0Apr\u00e8s trois jours d\u2019inscriptions, explique Marie-Christine Guyot, la responsable, nous avons d\u00e9j\u00e0 enregistr\u00e9 144\u00a0familles, soit 370\u00a0personnes inscrites.\u00a0\u00bb<\/p>\n<p>La r\u00e9partition des personnes accueillies est la suivante\u00a0: 9\u00a0% de b\u00e9b\u00e9s jusqu\u2019\u00e0 3\u00a0ans, 22\u00a0% d\u2019enfants et de jeunes de 4 \u00e0 18\u00a0ans, 15\u00a0% pour les moins de 30\u00a0ans, 25\u00a0% pour les adultes de 31 \u00e0 50\u00a0ans, 15\u00a0% pour ceux de 51 \u00e0 65\u00a0ans, 14\u00a0% pour les 66\u00a0ans et plus.<\/p>\n<p>\u00c0 noter qu\u2019une vente de caisses de vin en bois au profit des Restos du c\u0153ur est pr\u00e9vue \u00e0 la Compagnie des vins de Bordeaux et de la Gironde (CVBG) de Parempuyre (1) ce vendredi 28\u00a0novembre \u00e0 14\u00a0heures.<\/p>\n","protected":false},"excerpt":{"rendered":"La nouvelle campagne d\u2019hiver des Restos du c\u0153ur pour le centre de Blanquefort a d\u00e9marr\u00e9 le lundi 17\u00a0novembre.&hellip;\n","protected":false},"author":2,"featured_media":557767,"comment_status":"","ping_status":"","sticky":false,"template":"","format":"standard","meta":{"footnotes":""},"categories":[2817],"tags":[1111,11,1997,1777,674,1011,27,12,2219,25],"class_list":{"0":"post-557766","1":"post","2":"type-post","3":"status-publish","4":"format-standard","5":"has-post-thumbnail","7":"category-bordeaux","8":"tag-actu","9":"tag-actualites","10":"tag-bordeaux","11":"tag-eu","12":"tag-europe","13":"tag-fr","14":"tag-france","15":"tag-news","16":"tag-nouvelle-aquitaine","17":"tag-republique-francaise"},"share_on_mastodon":{"url":"https:\/\/pubeurope.com\/@fr\/115610722333046756","error":""},"_links":{"self":[{"href":"https:\/\/www.europesays.com\/fr\/wp-json\/wp\/v2\/posts\/557766","targetHints":{"allow":["GET"]}}],"collection":[{"href":"https:\/\/www.europesays.com\/fr\/wp-json\/wp\/v2\/posts"}],"about":[{"href":"https:\/\/www.europesays.com\/fr\/wp-json\/wp\/v2\/types\/post"}],"author":[{"embeddable":true,"href":"https:\/\/www.europesays.com\/fr\/wp-json\/wp\/v2\/users\/2"}],"replies":[{"embeddable":true,"href":"https:\/\/www.europesays.com\/fr\/wp-json\/wp\/v2\/comments?post=557766"}],"version-history":[{"count":0,"href":"https:\/\/www.europesays.com\/fr\/wp-json\/wp\/v2\/posts\/557766\/revisions"}],"wp:featuredmedia":[{"embeddable":true,"href":"https:\/\/www.europesays.com\/fr\/wp-json\/wp\/v2\/media\/557767"}],"wp:attachment":[{"href":"https:\/\/www.europesays.com\/fr\/wp-json\/wp\/v2\/media?parent=557766"}],"wp:term":[{"taxonomy":"category","embeddable":true,"href":"https:\/\/www.europesays.com\/fr\/wp-json\/wp\/v2\/categories?post=557766"},{"taxonomy":"post_tag","embeddable":true,"href":"https:\/\/www.europesays.com\/fr\/wp-json\/wp\/v2\/tags?post=557766"}],"curies":[{"name":"wp","href":"https:\/\/api.w.org\/{rel}","templated":true}]}}