{"id":557768,"date":"2025-11-25T14:06:14","date_gmt":"2025-11-25T14:06:14","guid":{"rendered":"https:\/\/www.europesays.com\/fr\/557768\/"},"modified":"2025-11-25T14:06:14","modified_gmt":"2025-11-25T14:06:14","slug":"un-eleve-decouvert-mort-dans-la-cour-du-lycee-montaigne-a-bordeaux","status":"publish","type":"post","link":"https:\/\/www.europesays.com\/fr\/557768\/","title":{"rendered":"un \u00e9l\u00e8ve d\u00e9couvert mort dans la cour du lyc\u00e9e Montaigne \u00e0 Bordeaux"},"content":{"rendered":"<p>        <img decoding=\"async\" id=\"26848831\" src=\"https:\/\/www.europesays.com\/fr\/wp-content\/uploads\/2025\/11\/20251125-104051-censored.jpg\" alt=\"La police est sur place ce mardi 25\u00a0novembre matin.\" itemprop=\"contentURL\"\/><\/p>\n<p>    La police est sur place ce mardi 25\u00a0novembre matin.<\/p>\n<p>Fr\u00e9d\u00e9ric Laharie<\/p>\n<p>Le lyc\u00e9en a \u00e9t\u00e9 d\u00e9couvert \u00ab\u00a0par deux agents techniques de l\u2019\u00e9tablissement\u00a0\u00bb, a indiqu\u00e9 le procureur de la R\u00e9publique Renaud Gaudeul, pr\u00e9cisant qu\u2019il s\u2019agit d\u2019un interne scolaris\u00e9 en deuxi\u00e8me ann\u00e9e de classe pr\u00e9paratoire.<\/p>\n<p>Des constatations sont en cours, r\u00e9alis\u00e9es par les enqu\u00eateurs du Service local de police judiciaire (SLPJ), sous l\u2019autorit\u00e9 du procureur de la R\u00e9publique, en pr\u00e9sence du recteur de l\u2019acad\u00e9mie et du directeur des services de l\u2019\u00c9ducation nationale de Gironde. Pour l\u2019heure, aucune piste n\u2019est privil\u00e9gi\u00e9e. Acte de d\u00e9sespoir ou chute accidentelle\u00a0? L\u2019enqu\u00eate a \u00e9t\u00e9 confi\u00e9e \u00e0 la Division de la criminalit\u00e9 territoriale (DCT).<\/p>\n<p>\u00ab\u00a0Une ambiance hors du temps\u00a0\u00bb<\/p>\n<p>Les \u00e9l\u00e8ves ont compris la gravit\u00e9 de la situation \u00e0 leur arriv\u00e9e sur place pour les premiers cours, pour les externes\u00a0; au r\u00e9veil \u00e0 7\u00a0heures, pour les internes, en d\u00e9couvrant les forces de police et les secours sur place.<\/p>\n<p>\u00ab\u00a0C\u2019est le professeur de notre classe qui nous a appris qu\u2019un \u00e9l\u00e8ve \u00e9tait d\u00e9c\u00e9d\u00e9, t\u00e9moigne un \u00e9l\u00e8ve en 2e ann\u00e9e de pr\u00e9pa. L\u2019ambiance \u00e9tait bizarre, c\u2019\u00e9tait \u00e9trange d\u2019\u00eatre \u00e0 quelques m\u00e8tres de la sc\u00e8ne du drame. On a encha\u00een\u00e9 les cours et c\u2019est \u00e0 partir de 10\u00a0heures qu\u2019on a commenc\u00e9 \u00e0 en parler entre nous, que cela a commenc\u00e9 \u00e0 devenir concret pour nous. Le professeur nous a propos\u00e9 de partir, on a tous pr\u00e9f\u00e9r\u00e9 arr\u00eater le cours, prof et \u00e9l\u00e8ves, tout le monde \u00e9tait touch\u00e9.\u00a0\u00bb<\/p>\n<p>Au fil de la matin\u00e9e, certains se sont retrouv\u00e9s dans un caf\u00e9 cours Victor-Hugo, d\u2019autres rue Sainte-Catherine devant l\u2019autre entr\u00e9e du lyc\u00e9e Montaigne o\u00f9 un conseiller principal d\u2019\u00e9ducation du lyc\u00e9e leur a indiqu\u00e9 que deux cellules d\u2019\u00e9coutes, en lien avec la Cellule d\u2019Urgence M\u00e9dico-Psychologique ont \u00e9t\u00e9 mises en place, l\u2019une pour eux, l\u2019autre pour les professeurs et personnels du lyc\u00e9e. \u00ab\u00a0Elles resteront actives autant que n\u00e9cessaire\u00a0\u00bb, a pr\u00e9cis\u00e9 l\u2019Acad\u00e9mie.<\/p>\n<p>\u00ab\u00a0C\u2019est une ambiance hors du temps, t\u00e9moignait un autre \u00e9l\u00e8ve, interne. Certains sont touch\u00e9s, d\u2019autres r\u00e9alisent peut-\u00eatre moins pour l\u2019instant, chacun l\u2019appr\u00e9hende \u00e0 sa mani\u00e8re.\u00a0\u00bb<\/p>\n<p>En d\u00e9but d\u2019apr\u00e8s-midi, l\u2019Acad\u00e9mie de Bordeaux a \u00ab\u00a0exprim\u00e9 sa profonde tristesse et sa vive \u00e9motion, et pr\u00e9sent\u00e9 ses sinc\u00e8res condol\u00e9ances \u00e0 la famille et aux proches du jeune homme\u00a0\u00bb.<\/p>\n","protected":false},"excerpt":{"rendered":"La police est sur place ce mardi 25\u00a0novembre matin. Fr\u00e9d\u00e9ric Laharie Le lyc\u00e9en a \u00e9t\u00e9 d\u00e9couvert \u00ab\u00a0par deux&hellip;\n","protected":false},"author":2,"featured_media":557769,"comment_status":"","ping_status":"","sticky":false,"template":"","format":"standard","meta":{"footnotes":""},"categories":[2817],"tags":[1111,11,1997,1777,674,1011,27,12,2219,25],"class_list":{"0":"post-557768","1":"post","2":"type-post","3":"status-publish","4":"format-standard","5":"has-post-thumbnail","7":"category-bordeaux","8":"tag-actu","9":"tag-actualites","10":"tag-bordeaux","11":"tag-eu","12":"tag-europe","13":"tag-fr","14":"tag-france","15":"tag-news","16":"tag-nouvelle-aquitaine","17":"tag-republique-francaise"},"share_on_mastodon":{"url":"https:\/\/pubeurope.com\/@fr\/115610726970223215","error":""},"_links":{"self":[{"href":"https:\/\/www.europesays.com\/fr\/wp-json\/wp\/v2\/posts\/557768","targetHints":{"allow":["GET"]}}],"collection":[{"href":"https:\/\/www.europesays.com\/fr\/wp-json\/wp\/v2\/posts"}],"about":[{"href":"https:\/\/www.europesays.com\/fr\/wp-json\/wp\/v2\/types\/post"}],"author":[{"embeddable":true,"href":"https:\/\/www.europesays.com\/fr\/wp-json\/wp\/v2\/users\/2"}],"replies":[{"embeddable":true,"href":"https:\/\/www.europesays.com\/fr\/wp-json\/wp\/v2\/comments?post=557768"}],"version-history":[{"count":0,"href":"https:\/\/www.europesays.com\/fr\/wp-json\/wp\/v2\/posts\/557768\/revisions"}],"wp:featuredmedia":[{"embeddable":true,"href":"https:\/\/www.europesays.com\/fr\/wp-json\/wp\/v2\/media\/557769"}],"wp:attachment":[{"href":"https:\/\/www.europesays.com\/fr\/wp-json\/wp\/v2\/media?parent=557768"}],"wp:term":[{"taxonomy":"category","embeddable":true,"href":"https:\/\/www.europesays.com\/fr\/wp-json\/wp\/v2\/categories?post=557768"},{"taxonomy":"post_tag","embeddable":true,"href":"https:\/\/www.europesays.com\/fr\/wp-json\/wp\/v2\/tags?post=557768"}],"curies":[{"name":"wp","href":"https:\/\/api.w.org\/{rel}","templated":true}]}}