{"id":557778,"date":"2025-11-25T14:12:15","date_gmt":"2025-11-25T14:12:15","guid":{"rendered":"https:\/\/www.europesays.com\/fr\/557778\/"},"modified":"2025-11-25T14:12:15","modified_gmt":"2025-11-25T14:12:15","slug":"rouee-de-coups-et-menacee-par-son-ex-mari-une-femme-secourue-a-marseille-grace-au-telephone-grave-danger","status":"publish","type":"post","link":"https:\/\/www.europesays.com\/fr\/557778\/","title":{"rendered":"Rou\u00e9e de coups et menac\u00e9e \u00ab\u00a0par son ex-mari\u00a0\u00bb, une femme secourue \u00e0 Marseille gr\u00e2ce au T\u00e9l\u00e9phone Grave Danger"},"content":{"rendered":"<p>C\u2019est gr\u00e2ce au <a href=\"https:\/\/www.laprovence.com\/article\/france-monde\/2104943923335214\/lutte-contre-les-violences-faites-aux-femmes-pres-de-5-000-telephones-grave-danger-actifs\" target=\"_blank\" rel=\"noopener\">T\u00e9l\u00e9phone Grave Danger<\/a>, TGD dans le jargon des minist\u00e8res de la Justice et des droits des femmes, qu\u2019une quadrag\u00e9naire victime de violences conjugales a pu voir les forces de l\u2019ordre intervenir tr\u00e8s rapidement lundi apr\u00e8s-midi 24\u00a0novembre, dans le 15e arrondissement de <a href=\"https:\/\/www.laprovence.com\/bouches-du-rhone\/marseille-13055\" target=\"_blank\" rel=\"noopener\">Marseille<\/a>.<\/p>\n<p>Il \u00e9tait un peu plus de 15\u00a0heures lorsque cette femme a d\u00e9clench\u00e9 le dispositif en appuyant sur la touche d\u00e9di\u00e9e d\u2019un TGD. Une simple pression sur le bouton d\u2019appel d\u2019urgence qui a permis \u00e0 la victime de joindre un service de t\u00e9l\u00e9assistance accessible 7j\/7 et 24h\/24, lui-m\u00eame reli\u00e9 aux services de la police nationale. Le TGD permettant \u00e9galement la <a href=\"https:\/\/www.laprovence.com\/article\/edition-alpes\/4722252\/un-telephone-geolocalisable-pour-des-victimes-en-danger.html\" target=\"_blank\" rel=\"noopener\">g\u00e9olocalisation<\/a> de la victime, un \u00e9quipage de police s\u2019est aussit\u00f4t rendu chemin de la Bigotte, dans le quartier de la Solidarit\u00e9.<\/p>\n<p>Rou\u00e9e de coups et bless\u00e9e \u00e0 l\u2019arme blanche<\/p>\n<p>Agress\u00e9e par un homme qui avait pris soin de dissimuler son visage, la victime \u00e2g\u00e9e de 44\u00a0ans est n\u00e9anmoins certaine d\u2019avoir reconnu son ex-mari, un homme d\u00e9j\u00e0 condamn\u00e9 par la justice pour des <a href=\"https:\/\/www.laprovence.com\/article\/societe\/231464587771215\/violences-faites-aux-femmes-les-baisses-de-budget-mettent-en-danger-les-associations-alerte-solidarite-femmes\" target=\"_blank\" rel=\"noopener\">violences conjugales<\/a> \u00e0 son encontre et faisant l\u2019objet d\u2019une mesure d\u2019\u00e9loignement la concernant ainsi que d\u2019une <a href=\"https:\/\/www.laprovence.com\/article\/france-monde\/2115156275676515\/parquet-specialise-outils-repressifs-les-mesures-phares-de-la-loi-narcotrafic\" target=\"_blank\" rel=\"noopener\">interdiction de para\u00eetre<\/a> dans les Bouches-du-Rh\u00f4ne.<\/p>\n<p>Autant de restrictions qui n\u2019ont pas emp\u00each\u00e9 cet homme de rouer de coups de pied et de poing son ex-femme avant d\u2019exhiber un couteau avec lequel il a bless\u00e9 la quadrag\u00e9naire \u00e0 la main.<\/p>\n<p>En fuite \u00e0 l\u2019arriv\u00e9e des forces de l\u2019ordre et des secours, l\u2019individu demeure introuvable malgr\u00e9 les recherches actives de la police. Quant \u00e0 la victime, elle a \u00e9t\u00e9 transport\u00e9e \u00e0 l\u2019h\u00f4pital o\u00f9 elle s\u2019est vue d\u00e9livrer une ITT de 7 jours.<\/p>\n","protected":false},"excerpt":{"rendered":"C\u2019est gr\u00e2ce au T\u00e9l\u00e9phone Grave Danger, TGD dans le jargon des minist\u00e8res de la Justice et des droits&hellip;\n","protected":false},"author":2,"featured_media":557779,"comment_status":"","ping_status":"","sticky":false,"template":"","format":"standard","meta":{"footnotes":""},"categories":[2814],"tags":[17,1111,11,854,1777,674,67482,274,1011,27,884,18636,12,5912,882,25,67481,3711,96],"class_list":{"0":"post-557778","1":"post","2":"type-post","3":"status-publish","4":"format-standard","5":"has-post-thumbnail","7":"category-marseille","8":"tag-17","9":"tag-actu","10":"tag-actualites","11":"tag-coups","12":"tag-eu","13":"tag-europe","14":"tag-ex-mari","15":"tag-faits-divers-justice","16":"tag-fr","17":"tag-france","18":"tag-marseille","19":"tag-menacee","20":"tag-news","21":"tag-par","22":"tag-provence-alpes-cote-dazur","23":"tag-republique-francaise","24":"tag-rouee","25":"tag-son","26":"tag-une"},"share_on_mastodon":{"url":"https:\/\/pubeurope.com\/@fr\/115610749768603202","error":""},"_links":{"self":[{"href":"https:\/\/www.europesays.com\/fr\/wp-json\/wp\/v2\/posts\/557778","targetHints":{"allow":["GET"]}}],"collection":[{"href":"https:\/\/www.europesays.com\/fr\/wp-json\/wp\/v2\/posts"}],"about":[{"href":"https:\/\/www.europesays.com\/fr\/wp-json\/wp\/v2\/types\/post"}],"author":[{"embeddable":true,"href":"https:\/\/www.europesays.com\/fr\/wp-json\/wp\/v2\/users\/2"}],"replies":[{"embeddable":true,"href":"https:\/\/www.europesays.com\/fr\/wp-json\/wp\/v2\/comments?post=557778"}],"version-history":[{"count":0,"href":"https:\/\/www.europesays.com\/fr\/wp-json\/wp\/v2\/posts\/557778\/revisions"}],"wp:featuredmedia":[{"embeddable":true,"href":"https:\/\/www.europesays.com\/fr\/wp-json\/wp\/v2\/media\/557779"}],"wp:attachment":[{"href":"https:\/\/www.europesays.com\/fr\/wp-json\/wp\/v2\/media?parent=557778"}],"wp:term":[{"taxonomy":"category","embeddable":true,"href":"https:\/\/www.europesays.com\/fr\/wp-json\/wp\/v2\/categories?post=557778"},{"taxonomy":"post_tag","embeddable":true,"href":"https:\/\/www.europesays.com\/fr\/wp-json\/wp\/v2\/tags?post=557778"}],"curies":[{"name":"wp","href":"https:\/\/api.w.org\/{rel}","templated":true}]}}