{"id":557780,"date":"2025-11-25T14:13:17","date_gmt":"2025-11-25T14:13:17","guid":{"rendered":"https:\/\/www.europesays.com\/fr\/557780\/"},"modified":"2025-11-25T14:13:17","modified_gmt":"2025-11-25T14:13:17","slug":"la-parole-aux-habitants-de-marseille-quelles-sont-vos-idees-pour-ameliorer-le-quartier-de-la-pointe-rouge","status":"publish","type":"post","link":"https:\/\/www.europesays.com\/fr\/557780\/","title":{"rendered":"La parole aux habitants de Marseille : quelles sont vos id\u00e9es pour am\u00e9liorer le quartier de la Pointe Rouge"},"content":{"rendered":"<p>La <a href=\"https:\/\/www.laprovence.com\/article\/region\/775029319417114\/de-la-marina-a-la-pointe-rouge-les-marseillais-reclament-du-changement\" target=\"_blank\" rel=\"noopener\">Pointe Rouge<\/a>, quartier anim\u00e9 et convivial donne son nom \u00e0 une vaste plage de sable bien connue des Marseillais bord\u00e9e de cabanons, non loin, Vieille Chapelle, entre ville et campagne, est \u00e0 la fois r\u00e9sidentiel et touristique. Entre port de plaisance, restaurants et acc\u00e8s au parc national des Calanques, dites-nous ce qui pour vous fait l&rsquo;\u00e2me de ces quartiers.<\/p>\n<p>D\u00e9crivez-nous les probl\u00e9matiques que vous rencontrez au quotidien. Quels sont les atouts et les manques de votre quartier\u00a0? Et quels projets pourraient participer \u00e0 am\u00e9liorer votre cadre de vie\u00a0?<\/p>\n<p><strong>\u00c9crivez-nous \u00e0 <a href=\"https:\/\/www.laprovence.com\/cdn-cgi\/l\/email-protection\" class=\"__cf_email__\" data-cfemail=\"c1b3a4a5a0a2b5a8aeafaca0b3b2a4a8adada481ada0b1b3aeb7a4afa2a4efa2aeac\" target=\"_blank\" rel=\"noopener\">[email\u00a0protected]<\/a>.<\/strong><\/p>\n","protected":false},"excerpt":{"rendered":"La Pointe Rouge, quartier anim\u00e9 et convivial donne son nom \u00e0 une vaste plage de sable bien connue&hellip;\n","protected":false},"author":2,"featured_media":557781,"comment_status":"","ping_status":"","sticky":false,"template":"","format":"standard","meta":{"footnotes":""},"categories":[2814],"tags":[17,1111,11,1007,1777,674,1011,27,4021,884,12,866,882,4022,25,104,3333,4023],"class_list":{"0":"post-557780","1":"post","2":"type-post","3":"status-publish","4":"format-standard","5":"has-post-thumbnail","7":"category-marseille","8":"tag-17","9":"tag-actu","10":"tag-actualites","11":"tag-aux","12":"tag-eu","13":"tag-europe","14":"tag-fr","15":"tag-france","16":"tag-habitants","17":"tag-marseille","18":"tag-news","19":"tag-parole","20":"tag-provence-alpes-cote-dazur","21":"tag-quelles","22":"tag-republique-francaise","23":"tag-societe","24":"tag-sont","25":"tag-vos"},"share_on_mastodon":{"url":"https:\/\/pubeurope.com\/@fr\/115610753837735377","error":""},"_links":{"self":[{"href":"https:\/\/www.europesays.com\/fr\/wp-json\/wp\/v2\/posts\/557780","targetHints":{"allow":["GET"]}}],"collection":[{"href":"https:\/\/www.europesays.com\/fr\/wp-json\/wp\/v2\/posts"}],"about":[{"href":"https:\/\/www.europesays.com\/fr\/wp-json\/wp\/v2\/types\/post"}],"author":[{"embeddable":true,"href":"https:\/\/www.europesays.com\/fr\/wp-json\/wp\/v2\/users\/2"}],"replies":[{"embeddable":true,"href":"https:\/\/www.europesays.com\/fr\/wp-json\/wp\/v2\/comments?post=557780"}],"version-history":[{"count":0,"href":"https:\/\/www.europesays.com\/fr\/wp-json\/wp\/v2\/posts\/557780\/revisions"}],"wp:featuredmedia":[{"embeddable":true,"href":"https:\/\/www.europesays.com\/fr\/wp-json\/wp\/v2\/media\/557781"}],"wp:attachment":[{"href":"https:\/\/www.europesays.com\/fr\/wp-json\/wp\/v2\/media?parent=557780"}],"wp:term":[{"taxonomy":"category","embeddable":true,"href":"https:\/\/www.europesays.com\/fr\/wp-json\/wp\/v2\/categories?post=557780"},{"taxonomy":"post_tag","embeddable":true,"href":"https:\/\/www.europesays.com\/fr\/wp-json\/wp\/v2\/tags?post=557780"}],"curies":[{"name":"wp","href":"https:\/\/api.w.org\/{rel}","templated":true}]}}