{"id":557782,"date":"2025-11-25T14:14:18","date_gmt":"2025-11-25T14:14:18","guid":{"rendered":"https:\/\/www.europesays.com\/fr\/557782\/"},"modified":"2025-11-25T14:14:18","modified_gmt":"2025-11-25T14:14:18","slug":"on-sattend-a-des-debordements-localises","status":"publish","type":"post","link":"https:\/\/www.europesays.com\/fr\/557782\/","title":{"rendered":"on s\u2019attend \u00e0 des d\u00e9bordements localis\u00e9s"},"content":{"rendered":"<p>Le froid est moins mordant que les jours pr\u00e9c\u00e9dents mais les conditions m\u00e9t\u00e9orologiques restent perturb\u00e9es en ce d\u00e9but de semaine. Avec des pluies g\u00e9n\u00e9ralis\u00e9es, M\u00e9t\u00e9o-France a plac\u00e9 depuis, ce mardi 25\u00a0novembre, \u00e0 10 heures, 16 d\u00e9partements en \u201cvigilance jaune crues\u201d dont le Rh\u00f4ne, ainsi que plusieurs d\u00e9partements limitrophes comme la Sa\u00f4ne-et-Loire, l\u2019Ain ou l\u2019Is\u00e8re.<\/p>\n<p>Cette alerte correspond \u00e0 un risque mod\u00e9r\u00e9 de crue pouvant entra\u00eener des d\u00e9bordements localis\u00e9s. \u00ab\u00a0Ces d\u00e9bordements localis\u00e9s sont en cours et continuent tout au long de la journ\u00e9e\u00a0\u00bb, peut-on lire sur le <a href=\"https:\/\/www.vigicrues.gouv.fr\/bulletin_local\/18\" target=\"_blank\" rel=\"noopener\">site gouvernemental Vigicrues<\/a>.<\/p>\n<p>  Le Rh\u00f4ne pourrait atteindre 2m11 ce mardi apr\u00e8s-midi<\/p>\n<p>Selon cette m\u00eame source, le Rh\u00f4ne, mesur\u00e9 au niveau du <a href=\"https:\/\/www.vigicrues.gouv.fr\/station\/V300002001\" target=\"_blank\" rel=\"noopener\">pont Morand \u00e0 Lyon<\/a> , pourrait atteindre 2m11 ce mardi \u00e0 partir de 16 heures avant de se stabiliser. \u00ab\u00a0Le maximum restera proche des premiers d\u00e9bordements et dommages localis\u00e9s\u00a0\u00bb, indique Vigicrues. Rappelons que le Rh\u00f4ne a \u00e9t\u00e9 mesur\u00e9 \u00e0 2,22\u00a0m le 17\u00a0juin 2016, niveau consid\u00e9r\u00e9 comme crue historique, et \u00e0 <a href=\"https:\/\/www.leprogres.fr\/environnement\/2021\/01\/30\/la-saone-et-le-rhone-toujours-en-crue\" target=\"_blank\" rel=\"noopener\">3m53, le 24\u00a0janvier 2018.<\/a><\/p>\n<p>Il est conseill\u00e9 d\u2019\u00e9viter de pratiquer des activit\u00e9s nautiques et de ne pas s\u2019engager sur une route immerg\u00e9e, m\u00eame partiellement.<\/p>\n<p>La Ville de Lyon communique \u00e9galement en rappelant que \u00ab\u00a0les occupants des p\u00e9niches doivent v\u00e9rifier les amarres, respecter les consignes de s\u00e9curit\u00e9 et alerter leur voisinage. L\u2019acc\u00e8s aux bas-ports est momentan\u00e9ment interdit\u00a0\u00bb.<\/p>\n<p>Ce contenu est bloqu\u00e9 car vous n&rsquo;avez pas accept\u00e9 les cookies et autres traceurs.<\/p>\n<p>En cliquant sur \u00ab J\u2019accepte \u00bb, les cookies et autres traceurs seront d\u00e9pos\u00e9s et vous pourrez visualiser les contenus  (<a href=\"\" class=\"consentModule_policy\" target=\"_blank\" title=\"Consulter la politique de protection des donn\u00e9es du fournisseur\">plus d&rsquo;informations<\/a>).<\/p>\n<p>En cliquant sur \u00ab J\u2019accepte tous les cookies \u00bb, vous autorisez des d\u00e9p\u00f4ts de cookies et autres traceurs pour le stockage de vos donn\u00e9es sur nos sites et applications \u00e0 des fins de personnalisation et de ciblage publicitaire.<\/p>\n<p class=\"consentModule_secondaryText\">Vous gardez la possibilit\u00e9 de retirer votre consentement \u00e0 tout moment en consultant notre <a href=\"https:\/\/www.leprogres.fr\/protection-des-donnees\" target=\"_blank\" title=\"Consulter notre politique de protection des donn\u00e9es\" rel=\"noopener\">politique de protection des donn\u00e9es<\/a>. <br \/>&#13;<br \/>\n            <a href=\"https:\/\/www.leprogres.fr\/environnement\/2025\/11\/25\/javascript:Didomi.notice.show()\" class=\"consentModule_cmp\" target=\"_blank\" rel=\"noopener\">G\u00e9rer mes choix<\/a>&#13;\n        <\/p>\n<p>&#13;<br \/>\n                        J&rsquo;accepte&#13;<br \/>\n            J&rsquo;accepte tous les cookies&#13;\n        <\/p>\n<p>La Sa\u00f4ne n\u2019est pas concern\u00e9e par les alertes de M\u00e9t\u00e9o-France. Des averses, parfois soutenues, resteront pr\u00e9sentes toute la journ\u00e9e.<\/p>\n","protected":false},"excerpt":{"rendered":"Le froid est moins mordant que les jours pr\u00e9c\u00e9dents mais les conditions m\u00e9t\u00e9orologiques restent perturb\u00e9es en ce d\u00e9but&hellip;\n","protected":false},"author":2,"featured_media":557783,"comment_status":"","ping_status":"","sticky":false,"template":"","format":"standard","meta":{"footnotes":""},"categories":[1889],"tags":[1111,11,2430,2757,436,1777,674,107,1011,27,2428,2756,8423,12,25,2429],"class_list":{"0":"post-557782","1":"post","2":"type-post","3":"status-publish","4":"format-standard","5":"has-post-thumbnail","7":"category-lyon","8":"tag-actu","9":"tag-actualites","10":"tag-auvergne-rhone-alpes","11":"tag-edition-lyon-villeurbanne","12":"tag-environnement","13":"tag-eu","14":"tag-europe","15":"tag-fil-info","16":"tag-fr","17":"tag-france","18":"tag-lyon","19":"tag-lyon-bassin","20":"tag-meteorologie-climat","21":"tag-news","22":"tag-republique-francaise","23":"tag-rhone"},"share_on_mastodon":{"url":"https:\/\/pubeurope.com\/@fr\/115610757736569517","error":""},"_links":{"self":[{"href":"https:\/\/www.europesays.com\/fr\/wp-json\/wp\/v2\/posts\/557782","targetHints":{"allow":["GET"]}}],"collection":[{"href":"https:\/\/www.europesays.com\/fr\/wp-json\/wp\/v2\/posts"}],"about":[{"href":"https:\/\/www.europesays.com\/fr\/wp-json\/wp\/v2\/types\/post"}],"author":[{"embeddable":true,"href":"https:\/\/www.europesays.com\/fr\/wp-json\/wp\/v2\/users\/2"}],"replies":[{"embeddable":true,"href":"https:\/\/www.europesays.com\/fr\/wp-json\/wp\/v2\/comments?post=557782"}],"version-history":[{"count":0,"href":"https:\/\/www.europesays.com\/fr\/wp-json\/wp\/v2\/posts\/557782\/revisions"}],"wp:featuredmedia":[{"embeddable":true,"href":"https:\/\/www.europesays.com\/fr\/wp-json\/wp\/v2\/media\/557783"}],"wp:attachment":[{"href":"https:\/\/www.europesays.com\/fr\/wp-json\/wp\/v2\/media?parent=557782"}],"wp:term":[{"taxonomy":"category","embeddable":true,"href":"https:\/\/www.europesays.com\/fr\/wp-json\/wp\/v2\/categories?post=557782"},{"taxonomy":"post_tag","embeddable":true,"href":"https:\/\/www.europesays.com\/fr\/wp-json\/wp\/v2\/tags?post=557782"}],"curies":[{"name":"wp","href":"https:\/\/api.w.org\/{rel}","templated":true}]}}