{"id":557786,"date":"2025-11-25T14:17:20","date_gmt":"2025-11-25T14:17:20","guid":{"rendered":"https:\/\/www.europesays.com\/fr\/557786\/"},"modified":"2025-11-25T14:17:20","modified_gmt":"2025-11-25T14:17:20","slug":"harcelement-de-rue-le-dispositif-demandez-angela-operationnel-a-montreuil","status":"publish","type":"post","link":"https:\/\/www.europesays.com\/fr\/557786\/","title":{"rendered":"Harc\u00e8lement de rue : Le dispositif \u00ab Demandez Angela \u00bb op\u00e9rationnel \u00e0 Montreuil"},"content":{"rendered":"<p><a href=\"https:\/\/www.echoidf.fr\/montreuil-veut-deployer-le-dispositif-demandez-angela\/\" target=\"_blank\" rel=\"noopener\">En mars dernier, la Ville de Montreuil lan\u00e7ait un appel aux commer\u00e7ants et associations volontaires pour d\u00e9ployer le dispositif \u00ab Demandez Angela \u00bb.<\/a> Un dispositif de lutte contre toutes les formes de harc\u00e8lement de rue (dont l\u2019origine remonte \u00e0 une campagne de communication men\u00e9e en Angleterre en 2016) qui permet \u00e0 une victime ou \u00e0 toute personne se sentant en danger notamment d\u2019agression sexuelle ou sexiste dans l\u2019espace public de trouver refuge dans un lieu partenaire : un commerce, un local associatif, un \u00e9tablissement public\u2026<\/p>\n<p><strong>Une trentaine de commer\u00e7ants engag\u00e9s<\/strong><\/p>\n<p>Et l\u2019appel de la mairie a \u00e9t\u00e9 entendu puisque, 9 mois apr\u00e8s, et alors qu\u2019a lieu ce mardi la Journ\u00e9e internationale de lutte contre les violences faites aux femmes, 32 commer\u00e7ants de Montreuil proposent effectivement ce dispositif depuis quelques jours. Des commer\u00e7ants qui ont \u00e9t\u00e9 form\u00e9s par le Centre d\u2019information sur les droits des femmes et des familles (CIDFF), en collaboration avec la direction de la Pr\u00e9vention, S\u00e9curit\u00e9, Tranquillit\u00e9 publique de la Ville de Montreuil. Car le dispositif \u00ab Demandez Angela \u00bb consiste aussi \u00e0 apporter une premi\u00e8re assistance aux victimes avec un accueil adapt\u00e9 et bienveillant (sans questionnement, sans jugement ni parole blessante ou discriminante).<\/p>\n<p>Dans les faits, ces victimes de harc\u00e8lement de rue peuvent identifier les lieux partenaires gr\u00e2ce \u00e0 un autocollant \u00ab Demandez Angela \u00bb appos\u00e9 sur leurs portes ou vitrines. Elles sont alors invit\u00e9es \u00e0 y entrer et \u00e0 demander \u00e0 voir Angela, sorte de mot de passe renseignant leur situation. \u00ab La personne victime de harc\u00e8lement de rue sera alors mise en s\u00e9curit\u00e9 aussi longtemps que n\u00e9cessaire et un soutien mat\u00e9riel lui sera apport\u00e9 (t\u00e9l\u00e9phone, verre d\u2019eau, chaise pour se reposer\u2026), explique la mairie. Si la n\u00e9cessit\u00e9 se fait ressentir, le commer\u00e7ant pourra \u00e9galement pr\u00e9venir les secours \u00bb.<\/p>\n<p><strong>Un r\u00e9seau de lieux s\u00fbrs<\/strong><\/p>\n<p>La Ville a ainsi l\u2019ambition de structurer progressivement \u00ab sur l\u2019ensemble du territoire municipal \u00bb un r\u00e9seau de lieux s\u00fbrs et solidaires en mesure \u00ab d\u2019accueillir, d\u2019assister et de soutenir les femmes et toute personne qui, en raison de son genre, de ses origines suppos\u00e9es, de son apparence \u00bb se retrouvent en situation de danger ou de harc\u00e8lement.<\/p>\n<p>\u00ab S\u2019engager dans le dispositif \u00ab Demandez Angela \u00bb c\u2019est amplifier l\u2019attention port\u00e9e par Montreuil aux questions d\u2019\u00e9galit\u00e9 et de respect. C\u2019est apporter une solution concr\u00e8te aux victimes d\u2019attitudes, de paroles et de gestes de discrimination et de violences sexistes et sexuelles qui ne devraient plus exister \u00bb, d\u00e9clare le maire (PCF) Patrice Bessac. \u00ab Les victimes de tous ces regards insistants, ces sifflements, ces commentaires sur l\u2019apparence et ces demandes oppressantes vont pouvoir trouver dans de nombreux lieux de Montreuil, l\u2019aide de personnes bienveillantes et form\u00e9es \u00bb, se r\u00e9jouit ainsi l\u2019\u00e9lu.<\/p>\n","protected":false},"excerpt":{"rendered":"En mars dernier, la Ville de Montreuil lan\u00e7ait un appel aux commer\u00e7ants et associations volontaires pour d\u00e9ployer le&hellip;\n","protected":false},"author":2,"featured_media":557787,"comment_status":"","ping_status":"","sticky":false,"template":"","format":"standard","meta":{"footnotes":""},"categories":[1592],"tags":[1111,11,11211,7227,5894,9119,1777,674,1011,27,67485,662,67486,5672,12,626,25,1945,7691,67483,67484,32279,799],"class_list":{"0":"post-557786","1":"post","2":"type-post","3":"status-publish","4":"format-standard","5":"has-post-thumbnail","7":"category-ile-de-france","8":"tag-actu","9":"tag-actualites","10":"tag-agressions","11":"tag-commerces","12":"tag-discriminations","13":"tag-dispositif","14":"tag-eu","15":"tag-europe","16":"tag-fr","17":"tag-france","18":"tag-harcu00e8lement-de-rue","19":"tag-ile-de-france","20":"tag-lieu-su00fbr","21":"tag-montreuil","22":"tag-news","23":"tag-paris","24":"tag-republique-francaise","25":"tag-seine-saint-denis","26":"tag-su00e9curitu00e9","27":"tag-u00ab-demandez-angela-u00bb","28":"tag-u00ab-lieux-su00fbrs-u00bb","29":"tag-violences-sexistes","30":"tag-violences-sexuelles"},"share_on_mastodon":{"url":"https:\/\/pubeurope.com\/@fr\/115610769472417648","error":""},"_links":{"self":[{"href":"https:\/\/www.europesays.com\/fr\/wp-json\/wp\/v2\/posts\/557786","targetHints":{"allow":["GET"]}}],"collection":[{"href":"https:\/\/www.europesays.com\/fr\/wp-json\/wp\/v2\/posts"}],"about":[{"href":"https:\/\/www.europesays.com\/fr\/wp-json\/wp\/v2\/types\/post"}],"author":[{"embeddable":true,"href":"https:\/\/www.europesays.com\/fr\/wp-json\/wp\/v2\/users\/2"}],"replies":[{"embeddable":true,"href":"https:\/\/www.europesays.com\/fr\/wp-json\/wp\/v2\/comments?post=557786"}],"version-history":[{"count":0,"href":"https:\/\/www.europesays.com\/fr\/wp-json\/wp\/v2\/posts\/557786\/revisions"}],"wp:featuredmedia":[{"embeddable":true,"href":"https:\/\/www.europesays.com\/fr\/wp-json\/wp\/v2\/media\/557787"}],"wp:attachment":[{"href":"https:\/\/www.europesays.com\/fr\/wp-json\/wp\/v2\/media?parent=557786"}],"wp:term":[{"taxonomy":"category","embeddable":true,"href":"https:\/\/www.europesays.com\/fr\/wp-json\/wp\/v2\/categories?post=557786"},{"taxonomy":"post_tag","embeddable":true,"href":"https:\/\/www.europesays.com\/fr\/wp-json\/wp\/v2\/tags?post=557786"}],"curies":[{"name":"wp","href":"https:\/\/api.w.org\/{rel}","templated":true}]}}