{"id":557788,"date":"2025-11-25T14:18:14","date_gmt":"2025-11-25T14:18:14","guid":{"rendered":"https:\/\/www.europesays.com\/fr\/557788\/"},"modified":"2025-11-25T14:18:14","modified_gmt":"2025-11-25T14:18:14","slug":"lastronaute-sophie-adenot-embarquera-un-bout-de-la-france-dans-lespace","status":"publish","type":"post","link":"https:\/\/www.europesays.com\/fr\/557788\/","title":{"rendered":"\u200b\u200bL\u2019astronaute Sophie Adenot embarquera \u00ab\u00a0un bout de la France dans l\u2019espace\u00a0\u00bb"},"content":{"rendered":"<p>                     <img loading=\"lazy\" decoding=\"async\" src=\"https:\/\/www.europesays.com\/fr\/wp-content\/uploads\/2025\/11\/f0481b0_ftp-import-images-1-02nxpcqkol3p-5517733-01-06.jpg\" alt=\"L\u2019astronaute fran\u00e7aise Sophie Adenot lors d\u2019une conf\u00e9rence de presse au CNES, \u00e0 Toulouse, le 24\u00a0novembre\u00a02025. \"   width=\"664\" height=\"443\"\/>    L\u2019astronaute fran\u00e7aise Sophie Adenot lors d\u2019une conf\u00e9rence de presse au CNES, \u00e0 Toulouse, le 24\u00a0novembre\u00a02025.  VALENTINE CHAPUIS \/ AFP                 <\/p>\n<p class=\"article__paragraph  \">Sophie Adenot ne d\u00e9collera pas les mains vides le 15\u00a0f\u00e9vrier\u00a02026 de Cap Canaveral, en Floride, \u00e0 bord de la capsule Crew Dragon de la fus\u00e9e SpaceX. A l\u2019int\u00e9rieur de sa trousse de transport, elle embarquera une caisse volumineuse remplie de graines d\u2019arabette des dames et de mizuna. Dans la Station spatiale internationale (ISS), l\u2019astronaute fran\u00e7aise photographiera \u00e0 intervalles r\u00e9guliers les effets de la gravit\u00e9 et l\u2019influence de la lumi\u00e8re sur la germination et la croissance de ces deux plantes.<\/p>\n<p>                                   Lire aussi (2022) |  Article r\u00e9serv\u00e9 \u00e0 nos abonn\u00e9s  <a href=\"https:\/\/www.lemonde.fr\/sciences\/article\/2022\/11\/25\/sophie-adenot-une-francaise-dans-le-corps-d-elite-des-astronautes_6151633_1650684.html\" class=\"js-article-read-also catcher--favoris__link\" data-premium=\"1\" id=\"article-title-3299724\" target=\"_blank\" rel=\"noopener\">Sophie Adenot, une Fran\u00e7aise dans le corps d\u2019\u00e9lite des astronautes<\/a>    <\/p>\n<p>   Lire plus tard  <\/p>\n<p class=\"article__paragraph  \">Elle partagea ces clich\u00e9s avec 260\u00a0000 \u00e9l\u00e8ves participant \u00e0 ce projet, appel\u00e9 \u00ab\u00a0ChlorISS\u00a0\u00bb. A leur tour, \u200bils\u00a0feront pousser dans leur classe ces\u00a0v\u00e9g\u00e9taux robustes. \u00ab\u00a0Je suis ravie de contribuer \u00e0 cette exp\u00e9rience \u00e9ducative car j\u2019aime particuli\u00e8rement ce sujet\u00a0\u00bb, a d\u00e9clar\u00e9 Sophie Adenot devant la presse, lundi 24\u00a0novembre, dans la salle de contr\u00f4le du\u00a0Centre d\u2019aide au d\u00e9veloppement des activit\u00e9s en micropesanteur et des op\u00e9rations spatiales (Cadmos), \u00e0 Toulouse, o\u00f9 elle a pass\u00e9 une journ\u00e9e.<\/p>\n<p class=\"article__paragraph  \">Ces temps-ci, elle passe le plus clair de son temps au Centre spatial am\u00e9ricain \u00e0 Houston, au Texas, et au Centre europ\u00e9en des astronautes, \u00e0 Cologne, en Allemagne, pour des apprentissages techniques, des simulations de sortie extrav\u00e9hiculaire en piscine et des proc\u00e9dures m\u00e9dicales. Mais le d\u00e9tour par le\u00a0laboratoire toulousain de recherche en micropesanteur du Centre national d\u2019\u00e9tudes spatiales (CNES) ne rel\u00e8ve pas du hasard. C\u2019est dans les locaux de ce service consacr\u00e9 aux vols habit\u00e9s\u00a0qu\u2019ont \u00e9t\u00e9 con\u00e7ues et d\u00e9velopp\u00e9es\u00a0les sept exp\u00e9riences scientifiques fran\u00e7aises, dont ChlorISS, que l\u2019astronaute conduira dans l\u2019espace pour la mission Epsilon de l\u2019Agence spatiale europ\u00e9enne (ESA).<\/p>\n<p class=\"reading-mode-only \"><strong>Il vous reste 67.26% de cet article \u00e0 lire. La suite est r\u00e9serv\u00e9e aux abonn\u00e9s.<\/strong><\/p>\n","protected":false},"excerpt":{"rendered":"L\u2019astronaute fran\u00e7aise Sophie Adenot lors d\u2019une conf\u00e9rence de presse au CNES, \u00e0 Toulouse, le 24\u00a0novembre\u00a02025. VALENTINE CHAPUIS \/&hellip;\n","protected":false},"author":2,"featured_media":557789,"comment_status":"","ping_status":"","sticky":false,"template":"","format":"standard","meta":{"footnotes":""},"categories":[1888],"tags":[1111,1928,11,1927,1777,674,1011,27,12,1926,626,1925,25],"class_list":{"0":"post-557788","1":"post","2":"type-post","3":"status-publish","4":"format-standard","5":"has-post-thumbnail","7":"category-paris","8":"tag-actu","9":"tag-actu-paris","10":"tag-actualites","11":"tag-actualites-paris","12":"tag-eu","13":"tag-europe","14":"tag-fr","15":"tag-france","16":"tag-news","17":"tag-news-paris","18":"tag-paris","19":"tag-paris-news","20":"tag-republique-francaise"},"share_on_mastodon":{"url":"https:\/\/pubeurope.com\/@fr\/115610774360716410","error":""},"_links":{"self":[{"href":"https:\/\/www.europesays.com\/fr\/wp-json\/wp\/v2\/posts\/557788","targetHints":{"allow":["GET"]}}],"collection":[{"href":"https:\/\/www.europesays.com\/fr\/wp-json\/wp\/v2\/posts"}],"about":[{"href":"https:\/\/www.europesays.com\/fr\/wp-json\/wp\/v2\/types\/post"}],"author":[{"embeddable":true,"href":"https:\/\/www.europesays.com\/fr\/wp-json\/wp\/v2\/users\/2"}],"replies":[{"embeddable":true,"href":"https:\/\/www.europesays.com\/fr\/wp-json\/wp\/v2\/comments?post=557788"}],"version-history":[{"count":0,"href":"https:\/\/www.europesays.com\/fr\/wp-json\/wp\/v2\/posts\/557788\/revisions"}],"wp:featuredmedia":[{"embeddable":true,"href":"https:\/\/www.europesays.com\/fr\/wp-json\/wp\/v2\/media\/557789"}],"wp:attachment":[{"href":"https:\/\/www.europesays.com\/fr\/wp-json\/wp\/v2\/media?parent=557788"}],"wp:term":[{"taxonomy":"category","embeddable":true,"href":"https:\/\/www.europesays.com\/fr\/wp-json\/wp\/v2\/categories?post=557788"},{"taxonomy":"post_tag","embeddable":true,"href":"https:\/\/www.europesays.com\/fr\/wp-json\/wp\/v2\/tags?post=557788"}],"curies":[{"name":"wp","href":"https:\/\/api.w.org\/{rel}","templated":true}]}}