{"id":557790,"date":"2025-11-25T14:19:13","date_gmt":"2025-11-25T14:19:13","guid":{"rendered":"https:\/\/www.europesays.com\/fr\/557790\/"},"modified":"2025-11-25T14:19:13","modified_gmt":"2025-11-25T14:19:13","slug":"europe-en-concert-a-lolympia-de-paris-en-octobre-2026-pour-les-40-ans-de-the-final-countdown-news-rockurlife","status":"publish","type":"post","link":"https:\/\/www.europesays.com\/fr\/557790\/","title":{"rendered":"Europe : en concert \u00e0 l\u2019Olympia de Paris en octobre 2026 pour les 40 ans de \u00ab\u00a0The Final Countdown\u00a0\u00bb ! &#8211; News &#8211; RockUrLife"},"content":{"rendered":"<p><strong>Europe<\/strong> pr\u00e9pare un retour triomphal \u00e0 <strong>Paris<\/strong>. Le 6 octobre 2026, <strong>L\u2019Olympia<\/strong> accueillera un concert exceptionnel c\u00e9l\u00e9brant les quarante ans de\u00a0<strong>The Final Countdown<\/strong>, album embl\u00e9matique qui propulsa le groupe su\u00e9dois au rang de l\u00e9gende du rock m\u00e9lodique !<\/p>\n<p>Pour marquer cet anniversaire hautement symbolique, <strong>Europe<\/strong> interpr\u00e9tera l\u2019album dans son int\u00e9gralit\u00e9, une prouesse rare dans sa carri\u00e8re, pr\u00e9c\u00e9d\u00e9e d\u2019un large panorama de titres phares et de morceaux incontournables issus de plus de quatre d\u00e9cennies de sc\u00e8ne.<\/p>\n<p>La soir\u00e9e sera ouverte par <strong>The Damn Truth<\/strong>, formation rock canadienne en pleine ascension, invit\u00e9e sp\u00e9ciale sur l\u2019ensemble de la tourn\u00e9e. Une mise en bouche id\u00e9ale avant de plonger dans un show que <strong>Joey Tempest<\/strong> promet \u00e0 la hauteur de l\u2019\u00e9v\u00e9nement. \u00ab En un clin d\u2019\u0153il, quarante ans ont pass\u00e9 et nous nous appr\u00eatons \u00e0 jouer\u00a0<strong>The Final Countdown<\/strong> en entier pour seulement la deuxi\u00e8me fois de notre carri\u00e8re, accompagn\u00e9 d\u2019autres titres marquants et de morceaux sp\u00e9ciaux tir\u00e9s de notre prochain album. Ce sera incroyable : nous travaillons \u00e0 faire en sorte que la production et le show soient \u00e0 la hauteur de cette occasion si particuli\u00e8re \u00bb, confie le frontman.<\/p>\n<p>Ce passage par <strong>Paris<\/strong> s\u2019inscrit dans une grande tourn\u00e9e europ\u00e9enne couvrant douze pays et dix-neuf dates entre septembre et octobre 2026. <strong>Europe<\/strong> profitera de l\u2019occasion pour d\u00e9fendre son douzi\u00e8me album, attendu en septembre prochain et enregistr\u00e9 r\u00e9cemment aux <strong>RMV Studios<\/strong> de <strong>Stockholm<\/strong> avec le producteur <strong>Tom Dalgety<\/strong>, connu pour son travail aupr\u00e8s de <strong>Ghost<\/strong>, <strong>The Pixies<\/strong>, <strong>Royal Blood <\/strong>ou encore <strong>Opeth<\/strong>.<\/p>\n<p>La pr\u00e9vente pour le concert parisien se tiendra ce vendredi 28 novembre \u00e0 11h, avant une mise en vente g\u00e9n\u00e9rale pr\u00e9vue le 1er d\u00e9cembre \u00e0 10h dans les points de vente habituels.<\/p>\n<p>Une soir\u00e9e pens\u00e9e pour les fans de toujours comme pour les nouvelles g\u00e9n\u00e9rations, autour d\u2019un disque intemporel et d\u2019un groupe qui n\u2019a jamais cess\u00e9 de regarder vers l\u2019avenir.<\/p>\n<p><img loading=\"lazy\" decoding=\"async\" width=\"768\" height=\"1024\" src=\"https:\/\/www.europesays.com\/fr\/wp-content\/uploads\/2025\/11\/IMG_3755-768x1024.jpeg\" alt=\"\" class=\"wp-image-229518\"\/><\/p>\n","protected":false},"excerpt":{"rendered":"Europe pr\u00e9pare un retour triomphal \u00e0 Paris. Le 6 octobre 2026, L\u2019Olympia accueillera un concert exceptionnel c\u00e9l\u00e9brant les&hellip;\n","protected":false},"author":2,"featured_media":557791,"comment_status":"","ping_status":"","sticky":false,"template":"","format":"standard","meta":{"footnotes":""},"categories":[1888],"tags":[1111,1928,11,1927,1777,674,1011,27,12,1926,15955,626,1925,25],"class_list":{"0":"post-557790","1":"post","2":"type-post","3":"status-publish","4":"format-standard","5":"has-post-thumbnail","7":"category-paris","8":"tag-actu","9":"tag-actu-paris","10":"tag-actualites","11":"tag-actualites-paris","12":"tag-eu","13":"tag-europe","14":"tag-fr","15":"tag-france","16":"tag-news","17":"tag-news-paris","18":"tag-olympia","19":"tag-paris","20":"tag-paris-news","21":"tag-republique-francaise"},"share_on_mastodon":{"url":"https:\/\/pubeurope.com\/@fr\/115610778248498076","error":""},"_links":{"self":[{"href":"https:\/\/www.europesays.com\/fr\/wp-json\/wp\/v2\/posts\/557790","targetHints":{"allow":["GET"]}}],"collection":[{"href":"https:\/\/www.europesays.com\/fr\/wp-json\/wp\/v2\/posts"}],"about":[{"href":"https:\/\/www.europesays.com\/fr\/wp-json\/wp\/v2\/types\/post"}],"author":[{"embeddable":true,"href":"https:\/\/www.europesays.com\/fr\/wp-json\/wp\/v2\/users\/2"}],"replies":[{"embeddable":true,"href":"https:\/\/www.europesays.com\/fr\/wp-json\/wp\/v2\/comments?post=557790"}],"version-history":[{"count":0,"href":"https:\/\/www.europesays.com\/fr\/wp-json\/wp\/v2\/posts\/557790\/revisions"}],"wp:featuredmedia":[{"embeddable":true,"href":"https:\/\/www.europesays.com\/fr\/wp-json\/wp\/v2\/media\/557791"}],"wp:attachment":[{"href":"https:\/\/www.europesays.com\/fr\/wp-json\/wp\/v2\/media?parent=557790"}],"wp:term":[{"taxonomy":"category","embeddable":true,"href":"https:\/\/www.europesays.com\/fr\/wp-json\/wp\/v2\/categories?post=557790"},{"taxonomy":"post_tag","embeddable":true,"href":"https:\/\/www.europesays.com\/fr\/wp-json\/wp\/v2\/tags?post=557790"}],"curies":[{"name":"wp","href":"https:\/\/api.w.org\/{rel}","templated":true}]}}