{"id":557794,"date":"2025-11-25T14:21:17","date_gmt":"2025-11-25T14:21:17","guid":{"rendered":"https:\/\/www.europesays.com\/fr\/557794\/"},"modified":"2025-11-25T14:21:17","modified_gmt":"2025-11-25T14:21:17","slug":"lepouvantable-nuit-de-ces-habitants-pris-dans-lincendie-de-leur-immeuble","status":"publish","type":"post","link":"https:\/\/www.europesays.com\/fr\/557794\/","title":{"rendered":"l&rsquo;\u00e9pouvantable nuit de ces habitants pris dans l&rsquo;incendie de leur immeuble"},"content":{"rendered":"<p>                    Par<br \/>\n        <strong><br \/>\n            <a href=\"https:\/\/actu.fr\/auteur\/antoine-grotteria02\" title=\"Consulter tous les articles de Antoine Grotteria\" target=\"_blank\" rel=\"noopener\">Antoine Grotteria<\/a><br \/>\n                    <\/strong><\/p>\n<p>        Publi\u00e9 le<\/p>\n<p>            25 nov. 2025 \u00e0 14h52        <\/p>\n<p>Jo\u00ebl* n\u2019a m\u00eame pas eu le temps d\u2019\u00f4ter son pyjama. Le jeune trentenaire porte encore une veste et un pantalon de surv\u00eatement noir et garde les traces d\u2019une soir\u00e9e \u00ab<strong>\u2009\u00e9pouvantable<\/strong>\u2009\u00bb. Son visage reste couvert d\u2019une fine couche de suie. \u00ab\u2009J\u2019ai encore un peu mal \u00e0 la gorge, mais \u00e7a va beaucoup mieux\u2009\u00bb, assure ce locataire \u00e0 actu Paris, positionn\u00e9 devant l\u2019immeuble de six \u00e9tages du 41 rue d\u2019Ornano, dans le 18e arrondissement de <a href=\"https:\/\/actu.fr\/paris\/\" target=\"_blank\" rel=\"noopener\">Paris<\/a>, touch\u00e9 par un violent <a href=\"https:\/\/actu.fr\/tag\/incendie\" target=\"_blank\" rel=\"noopener\">incendie<\/a> ce lundi 24\u00a0novembre 2025. <strong>Quatorze personnes<\/strong>, dont <strong>deux<\/strong> gravement, ont \u00e9t\u00e9 bless\u00e9es. Au lendemain du sinistre, une nu\u00e9e d\u2019acteurs viennent constater les <strong>d\u00e9g\u00e2ts<\/strong>. Propri\u00e9taires et locataires p\u00e9n\u00e8trent dans la b\u00e2tisse haussmannienne gard\u00e9e par deux agents de la police municipale qui filtrent les entr\u00e9es. Par terre, des d\u00e9bris calcin\u00e9s. \u00c0 c\u00f4t\u00e9, un restaurant de street food au rideau m\u00e9tallique ab\u00eem\u00e9 par le passage des <a href=\"https:\/\/actu.fr\/tag\/brigade-de-sapeurs-pompiers-de-paris\" target=\"_blank\" rel=\"noopener\">pompiers de Paris<\/a>. Quelques m\u00e8tres plus loin, au march\u00e9, la vie se poursuit comme si rien ne s\u2019\u00e9tait produit.<\/p>\n<p>R\u00e9veill\u00e9e par l\u2019odeur de fum\u00e9e<\/p>\n<p class=\" wall-content\">Les traits encore marqu\u00e9s par sa courte nuit, Chlo\u00e9 est la premi\u00e8re habitante \u00e0 avoir averti les pompiers, \u00e0 22h20. \u00ab\u2009J\u2019\u00e9tais couch\u00e9e. J\u2019ai senti une <strong>forte odeur de fum\u00e9e<\/strong>. Je voyais qu\u2019elle rentrait dans mon appartement. Les pompiers sont arriv\u00e9s en quatre minutes\u2009\u00bb, raconte cette jeune habitante qui loue un appartement au premier \u00e9tage avec la plateforme Airbnb.<\/p>\n<p class=\" wall-content\">La propagation du feu dans la cage d\u2019escalier a rendu la tache des soldats du feu complexe. Chlo\u00e9 a ainsi \u00e9t\u00e9 <strong>\u00e9vacu\u00e9e par la fen\u00eatre<\/strong>, comme tous les habitants. D\u00e9sormais, la jeune femme attend de r\u00e9cup\u00e9rer ses affaires, rest\u00e9es dans son <a href=\"https:\/\/actu.fr\/tag\/logement\" target=\"_blank\" rel=\"noopener\">logement<\/a>.<\/p>\n<blockquote class=\"ac-article-quote wall-content\">\n<p>\u00ab\u00a0Je ne sais pas comment je vais faire pour \u00eatre relog\u00e9e. Mais au moins, je suis saine et sauve\u00a0\u00bb<\/p>\n<p>    <strong>Chlo\u00e9<\/strong><br \/>\n        Sinistr\u00e9e    <\/p><\/blockquote>\n<p>    <img   decoding=\"async\" loading=\"lazy\" src=\"https:\/\/www.europesays.com\/fr\/wp-content\/uploads\/2025\/11\/img-20251125-104818-resized-20251125-110959218-960x640.jpg\" alt=\"Les pompiers de Paris sortent de l'immeuble incendi\u00e9 et des agents de la police municipale, avec des habitants, ce mardi 25 novembre 2025. \" width=\"960\" height=\"640\"\/><br \/>\n    Les pompiers de Paris sortent de l\u2019immeuble incendi\u00e9 et des agents de la police municipale, avec des habitants, ce mardi 25\u00a0novembre 2025. (\u00a9AG\/ actu Paris)<\/p>\n<p class=\" wall-content\">Au troisi\u00e8me \u00e9tage, Jo\u00ebl s\u2019en est \u00e9galement sorti, mais avec plus de s\u00e9quelles. \u00ab\u2009J\u2019ai senti le cram\u00e9. Je suis sorti de chez moi, j\u2019ai vu plein de gens <strong>crier dans les couloirs<\/strong>. C\u2019\u00e9tait horrible. Je suis revenu dans mon appartement. Les pompiers sont mont\u00e9s par l\u2019\u00e9chelle pour venir me secourir. J\u2019avais du mal \u00e0 respirer, ils m\u2019ont mis de l\u2019oxyg\u00e8ne. J\u2019ai pass\u00e9 quelques heures \u00e0 l\u2019h\u00f4pital, sous surveillance. Mais je ne suis pas mort\u2009\u00bb, t\u00e9moigne cet habitant, les mains tremblantes.<\/p>\n<p>L\u2019origine du feu non connue<\/p>\n<p class=\" wall-content\">Pour le moment, l\u2019origine de l\u2019incendie n\u2019a pas \u00e9t\u00e9 communiqu\u00e9e. Le <a href=\"https:\/\/actu.fr\/tag\/tribunal-de-paris\" target=\"_blank\" rel=\"noopener\">parquet de Paris<\/a> a annonc\u00e9 l\u2019ouverture d\u2019une <strong>enqu\u00eate<\/strong> pour d\u00e9terminer les causes de l\u2019incendie. Un d\u00e9part de feu avait d\u00e9j\u00e0 \u00e9t\u00e9 observ\u00e9 \u00ab\u2009il y a quelques mois\u2009\u00bb, note un policier municipal. Rapidement ma\u00eetris\u00e9, il n\u2019avait pas occasionn\u00e9 de d\u00e9g\u00e2ts. Pour un habitu\u00e9 des lieux, le feu pourrait \u00eatre le fruit de la \u00ab\u2009b\u00eatise humaine\u2009\u00bb.<\/p>\n<p>Votre r\u00e9gion, votre actu !<\/p>\n<p>Recevez chaque jour les infos qui comptent pour vous.<\/p>\n<p>\t<a href=\"https:\/\/actu.fr\/newsletter\" class=\"ac-btn ac-btn--corner ac-btn--medium ac-btn--blue800\" target=\"_blank\" rel=\"noopener\">S&rsquo;incrire<\/a><\/p>\n<p class=\" wall-content\">En attendant de savoir les raisons du sinistre, les occupants des <strong>45 logements<\/strong> cherchent une situation de relogement. Contact\u00e9, le syndic de la copropri\u00e9t\u00e9 n\u2019a pas pas r\u00e9pondu \u00e0 nos sollicitations sur place.<\/p>\n<p class=\" wall-content\">*Le pr\u00e9nom a \u00e9t\u00e9 modifi\u00e9 \u00e0 la demande de l\u2019int\u00e9ress\u00e9<\/p>\n<p class=\" wall-content\">Personnalisez votre actualit\u00e9 en ajoutant vos villes et m\u00e9dias en favori avec <a href=\"https:\/\/moncompte.actu.fr\" title=\"D\u00e9couvez Mon Actu\" rel=\"nofollow noopener\" data-trk=\"{&quot;cta&quot;:{&quot;action&quot;:&quot;https:\\\/\\\/moncompte.actu.fr&quot;,&quot;category&quot;:&quot;mon compte&quot;,&quot;from&quot;:&quot;article footer&quot;,&quot;name&quot;:&quot;Mon actu&quot;,&quot;type&quot;:&quot;cta&quot;}}\" target=\"_blank\">Mon Actu<\/a>.<\/p>\n","protected":false},"excerpt":{"rendered":"Par Antoine Grotteria Publi\u00e9 le 25 nov. 2025 \u00e0 14h52 Jo\u00ebl* n\u2019a m\u00eame pas eu le temps d\u2019\u00f4ter&hellip;\n","protected":false},"author":2,"featured_media":557795,"comment_status":"","ping_status":"","sticky":false,"template":"","format":"standard","meta":{"footnotes":""},"categories":[1888],"tags":[11,3056,1777,674,118,1011,27,1310,1908,12,626,25],"class_list":{"0":"post-557794","1":"post","2":"type-post","3":"status-publish","4":"format-standard","5":"has-post-thumbnail","7":"category-paris","8":"tag-actualites","9":"tag-brigade-de-sapeurs-pompiers-de-paris","10":"tag-eu","11":"tag-europe","12":"tag-faits-divers","13":"tag-fr","14":"tag-france","15":"tag-incendie","16":"tag-logement","17":"tag-news","18":"tag-paris","19":"tag-republique-francaise"},"share_on_mastodon":{"url":"https:\/\/pubeurope.com\/@fr\/115610786230240029","error":""},"_links":{"self":[{"href":"https:\/\/www.europesays.com\/fr\/wp-json\/wp\/v2\/posts\/557794","targetHints":{"allow":["GET"]}}],"collection":[{"href":"https:\/\/www.europesays.com\/fr\/wp-json\/wp\/v2\/posts"}],"about":[{"href":"https:\/\/www.europesays.com\/fr\/wp-json\/wp\/v2\/types\/post"}],"author":[{"embeddable":true,"href":"https:\/\/www.europesays.com\/fr\/wp-json\/wp\/v2\/users\/2"}],"replies":[{"embeddable":true,"href":"https:\/\/www.europesays.com\/fr\/wp-json\/wp\/v2\/comments?post=557794"}],"version-history":[{"count":0,"href":"https:\/\/www.europesays.com\/fr\/wp-json\/wp\/v2\/posts\/557794\/revisions"}],"wp:featuredmedia":[{"embeddable":true,"href":"https:\/\/www.europesays.com\/fr\/wp-json\/wp\/v2\/media\/557795"}],"wp:attachment":[{"href":"https:\/\/www.europesays.com\/fr\/wp-json\/wp\/v2\/media?parent=557794"}],"wp:term":[{"taxonomy":"category","embeddable":true,"href":"https:\/\/www.europesays.com\/fr\/wp-json\/wp\/v2\/categories?post=557794"},{"taxonomy":"post_tag","embeddable":true,"href":"https:\/\/www.europesays.com\/fr\/wp-json\/wp\/v2\/tags?post=557794"}],"curies":[{"name":"wp","href":"https:\/\/api.w.org\/{rel}","templated":true}]}}