{"id":557796,"date":"2025-11-25T14:22:15","date_gmt":"2025-11-25T14:22:15","guid":{"rendered":"https:\/\/www.europesays.com\/fr\/557796\/"},"modified":"2025-11-25T14:22:15","modified_gmt":"2025-11-25T14:22:15","slug":"le-plan-trump-ravive-les-tensions-entre-lue-et-la-belgique-sur-le-financement-de-lukraine","status":"publish","type":"post","link":"https:\/\/www.europesays.com\/fr\/557796\/","title":{"rendered":"le plan Trump ravive les tensions entre l\u2019UE et la Belgique sur le financement de l\u2019Ukraine"},"content":{"rendered":"<p>L\u2019Europe redoute l\u2019impact du point num\u00e9ro\u00a014 du plan Trump. Ce volet propose de transf\u00e9rer une partie des avoirs russes immobilis\u00e9s aux \u00c9tats-Unis et au Kremlin pour financer divers projets.\u00a0Ce sc\u00e9nario est jug\u00e9 inenvisageable par la majorit\u00e9 des capitales membres. Confier une partie de ces fonds \u00e0 Washington, ou pire, les restituer directement \u00e0 la Russie, reviendrait \u00e0 priver l\u2019Europe de son principal levier de pression strat\u00e9gique face \u00e0 Moscou. L\u2019onde de choc est d\u2019autant plus forte que l\u2019UE est d\u00e9j\u00e0 en pleine n\u00e9gociation pour s\u00e9curiser un financement pluriannuel de l\u2019Ukraine, afin d\u2019\u00e9viter que Kiev ne subisse une p\u00e9nurie de ressources dans les deux prochaines ann\u00e9es.<\/p>\n<p>La position fran\u00e7aise est claire. Emmanuel Macron, le pr\u00e9sident fran\u00e7ais, a \u00e9t\u00e9 cat\u00e9gorique\u00a0: c\u2019est \u00ab\u00a0aux Europ\u00e9ens de d\u00e9cider\u00a0\u00bb de l\u2019usage de ces actifs russes. La proposition am\u00e9ricaine ne se limite pas \u00e0 un simple d\u00e9saccord strat\u00e9gique. Elle s\u2019apparente \u00e0 une tentative d\u2019imposition ext\u00e9rieure sur un dispositif de sanction que l\u2019UE consid\u00e8re comme un attribut de sa souverainet\u00e9 \u00e9conomique.<\/p>\n<p>210\u00a0milliards d\u2019euros\u00a0: l\u2019attractivit\u00e9 face \u00e0 l\u2019ins\u00e9curit\u00e9 juridique&#13;\n<\/p>\n<p>Le montant total des avoirs gel\u00e9s s\u2019\u00e9l\u00e8ve \u00e0 210\u00a0milliards d\u2019euros. Il s\u2019agit de fonds appartenant \u00e0 la Banque centrale russe, immobilis\u00e9s depuis l\u2019invasion de l\u2019Ukraine en f\u00e9vrier\u00a02022.<\/p>\n<p>Pour une large majorit\u00e9 des pays de l\u2019UE dont les finances publiques sont sous tension, l\u2019option de s\u2019appuyer sur ces fonds, telle qu\u2019\u00e9tudi\u00e9e par la Commission europ\u00e9enne, repr\u00e9sente la solution de loin la plus s\u00e9duisante et la moins co\u00fbteuse budg\u00e9tairement. L\u2019Allemagne, les pays baltes, les nations scandinaves, la Pologne et les Pays-Bas poussent fermement pour que l\u2019Union avance rapidement sur ce dossier. Le Premier ministre polonais, Donald Tusk, a d\u2019ailleurs exprim\u00e9 l\u2019espoir d\u2019un compromis rapide pour que ces ressources puissent \u00eatre mobilis\u00e9es pour aider l\u2019Ukraine.<\/p>\n<p>Cependant, cette op\u00e9ration est sans pr\u00e9c\u00e9dent et soul\u00e8ve d\u2019immenses questions juridiques. C\u2019est pr\u00e9cis\u00e9ment cet angle qui nourrit la forte r\u00e9ticence de la Belgique, pays qui h\u00e9berge la plus grande partie de ces actifs.<\/p>\n<p>La Belgique maintient son blocage face \u00e0 la menace de repr\u00e9sailles russes&#13;\n<\/p>\n<p>La position belge reste ferme, malgr\u00e9 la publication du plan de Donald Trump. Le Premier ministre belge, Bart De Wever, exprime une crainte majeure et persistante\u00a0: que son pays soit le seul \u00e0 assumer les cons\u00e9quences en cas de probl\u00e8me et se retrouve expos\u00e9 \u00e0 d\u2019\u00e9ventuelles repr\u00e9sailles russes. Ces r\u00e9torsions pourraient prendre la forme d\u2019actions en justice ou de mesures de r\u00e9torsion \u00e9conomique cibl\u00e9es.<\/p>\n<p>Cette r\u00e9sistance belge constitue le principal point de friction institutionnel \u00e0 Bruxelles. Un diplomate europ\u00e9en a d\u2019ailleurs confirm\u00e9 que la proposition am\u00e9ricaine a \u00ab\u00a0encore accru la pression pour trouver un accord\u00a0\u00bb en urgence.<\/p>\n<p>Malgr\u00e9 l\u2019optimisme affich\u00e9 par Donald Tusk, qui a not\u00e9 que ce n\u2019est \u00ab\u00a0pas encore une d\u00e9cision d\u00e9finitive, car certains pays europ\u00e9ens ont encore des r\u00e9serves\u00a0\u00bb, la Belgique, sollicit\u00e9e par l\u2019AFP, a affirm\u00e9 que ses \u00ab\u00a0pr\u00e9occupations\u00a0\u00bb et sa \u00ab\u00a0position\u00a0\u00bb demeurent pour l\u2019heure inchang\u00e9es.<\/p>\n<p>Les capitales europ\u00e9ennes disposent d\u00e9sormais d\u2019une courte fen\u00eatre de trois semaines. Elles doivent tenter de rallier la Belgique au projet d\u2019utilisation des actifs, ou, alternativement, d\u2019identifier d\u2019autres formes de financement p\u00e9renne pour l\u2019Ukraine. L\u2019\u00e9ch\u00e9ance politique est fix\u00e9e au sommet de la mi-d\u00e9cembre.<\/p>\n","protected":false},"excerpt":{"rendered":"L\u2019Europe redoute l\u2019impact du point num\u00e9ro\u00a014 du plan Trump. Ce volet propose de transf\u00e9rer une partie des avoirs&hellip;\n","protected":false},"author":2,"featured_media":557797,"comment_status":"","ping_status":"","sticky":false,"template":"","format":"standard","meta":{"footnotes":""},"categories":[1591],"tags":[17,4961,11,828,33,1887,3531,49093,1861,5493,12,5355,26267,2536,1885,1886,132,9965,467],"class_list":{"0":"post-557796","1":"post","2":"type-post","3":"status-publish","4":"format-standard","5":"has-post-thumbnail","7":"category-russie","8":"tag-17","9":"tag-actifs","10":"tag-actualites","11":"tag-belgique","12":"tag-economie","13":"tag-federation-de-russie","14":"tag-financement","15":"tag-geles","16":"tag-lue","17":"tag-lukraine","18":"tag-news","19":"tag-plan","20":"tag-ravive","21":"tag-russes","22":"tag-russia","23":"tag-russian-federation","24":"tag-russie","25":"tag-tensions","26":"tag-trump"},"share_on_mastodon":{"url":"https:\/\/pubeurope.com\/@fr\/115610789226557510","error":""},"_links":{"self":[{"href":"https:\/\/www.europesays.com\/fr\/wp-json\/wp\/v2\/posts\/557796","targetHints":{"allow":["GET"]}}],"collection":[{"href":"https:\/\/www.europesays.com\/fr\/wp-json\/wp\/v2\/posts"}],"about":[{"href":"https:\/\/www.europesays.com\/fr\/wp-json\/wp\/v2\/types\/post"}],"author":[{"embeddable":true,"href":"https:\/\/www.europesays.com\/fr\/wp-json\/wp\/v2\/users\/2"}],"replies":[{"embeddable":true,"href":"https:\/\/www.europesays.com\/fr\/wp-json\/wp\/v2\/comments?post=557796"}],"version-history":[{"count":0,"href":"https:\/\/www.europesays.com\/fr\/wp-json\/wp\/v2\/posts\/557796\/revisions"}],"wp:featuredmedia":[{"embeddable":true,"href":"https:\/\/www.europesays.com\/fr\/wp-json\/wp\/v2\/media\/557797"}],"wp:attachment":[{"href":"https:\/\/www.europesays.com\/fr\/wp-json\/wp\/v2\/media?parent=557796"}],"wp:term":[{"taxonomy":"category","embeddable":true,"href":"https:\/\/www.europesays.com\/fr\/wp-json\/wp\/v2\/categories?post=557796"},{"taxonomy":"post_tag","embeddable":true,"href":"https:\/\/www.europesays.com\/fr\/wp-json\/wp\/v2\/tags?post=557796"}],"curies":[{"name":"wp","href":"https:\/\/api.w.org\/{rel}","templated":true}]}}