{"id":557798,"date":"2025-11-25T14:23:18","date_gmt":"2025-11-25T14:23:18","guid":{"rendered":"https:\/\/www.europesays.com\/fr\/557798\/"},"modified":"2025-11-25T14:23:18","modified_gmt":"2025-11-25T14:23:18","slug":"le-plan-de-paix-de-trump-pour-lukraine-rien-dautre-quune-proposition-commerciale-bidon","status":"publish","type":"post","link":"https:\/\/www.europesays.com\/fr\/557798\/","title":{"rendered":"Le plan de paix de Trump pour l\u2019Ukraine, \u201crien d\u2019autre qu\u2019une proposition commerciale bidon\u201d"},"content":{"rendered":"\n<p>Le plan am\u00e9ricano-russe pour l\u2019Ukraine en 28\u00a0points n\u2019est pas un texte inspir\u00e9 qui restera dans les annales de la diplomatie pour la paix\u00a0: c\u2019est une demande de capitulation pure et simple faite \u00e0 l\u2019Ukraine. Quand bien m\u00eame elle ne serait mise en \u0153uvre qu\u2019en partie, cette liste ultrapartiale, pos\u00e9e en mode \u201c\u00e0 prendre ou \u00e0 prendre\u201d, priverait non seulement l\u2019Ukraine des moyens de financer son appareil d\u2019\u00c9tat, mais exigerait du pays qu\u2019il r\u00e9duise drastiquement ses forces arm\u00e9es et se laisse amputer de territoires strat\u00e9giques vitaux. Si ce plan survit sous sa forme actuelle, le pr\u00e9sident ukrainien, Volodymyr Zelensky, n\u2019a plus qu\u2019\u00e0 quitter ses fonctions.<\/p>\n<p>Il ne restera de son pays qu\u2019une coquille ingouvernable. C\u2019est pr\u00e9cis\u00e9ment l\u2019objectif de guerre de Vladimir Poutine. L\u2019Europe contribuant d\u00e9sormais bien plus que les \u00c9tats-Unis \u00e0 l\u2019effort de guerre ukrainien, ses gouvernements imaginaient que cela leur donnerait suffisamment de poids, collectivement, pour conjurer le pire. Mais au lieu de \u00e7a, les chefs d\u2019\u00c9tat europ\u00e9ens membres de l\u2019Otan, dont Keir Starmer [et Emmanuel Macron], marchent sur des \u0153ufs\u00a0: s\u2019ils contestent trop ouvertement Trump, ils risquent une fracture profonde, insurmontable peut-\u00eatre, dans l\u2019Alliance atlantique, et c\u2019est le Kremlin qui en sortira gagnant. Le progra<\/p>\n<p>                                     <strong class=\"paywall-title\">Pour lire la suite de cet article, abonnez-vous<\/strong>   <\/p>\n<p class=\"paywall-text\">Acc\u00e9dez \u00e0\u00a0l\u2019int\u00e9gralit\u00e9 de\u00a0nos contenus sur le\u00a0site et\u00a0l\u2019application en\u00a0vous abonnant \u00e0\u00a0l\u2019offre sp\u00e9ciale.<\/p>\n<p class=\"article-authors\">                         <a href=\"https:\/\/www.courrierinternational.com\/auteur\/editorial\" target=\"_blank\" rel=\"noopener\">\u00c9ditorial<\/a>    <\/p>\n<p class=\"article-vo\"><a href=\"https:\/\/www.thetimes.com\/comment\/the-times-view\/article\/europe-step-up-help-ukraine-survive-7n7qgsk87\" rel=\"noopener\" target=\"_blank\">Lire l\u2019article original<\/a><\/p>\n<p>Source de l\u2019article<\/p>\n<p>   <img decoding=\"async\" class=\"source-logo\" src=\"https:\/\/www.europesays.com\/fr\/wp-content\/uploads\/2025\/04\/1745749512_584_6daa7ca_1643653582538-the-times.jpg\"  alt=\"Logo\" loading=\"lazy\" width=\"32\" height=\"32\"\/>  The Times  (Londres)       <\/p>\n<p>Le plus ancien des quotidiens britanniques (1785) et le plus connu \u00e0 l\u2019\u00e9tranger appartient depuis 1981\u00a0\u00e0 News UK, propri\u00e9t\u00e9 du milliardaire Rupert Murdoch. De tendance conservatrice, il a longtemps \u00e9t\u00e9 le journal de r\u00e9f\u00e9rence et la voix de l\u2019establishment. En 2016, The Times se prononce contre la sortie du Royaume-Uni de l\u2019Union europ\u00e9enne et continue de militer pour la pr\u00e9servation de bonnes relations avec le continent.<\/p>\n<p>Aux quelque 360\u00a0000\u00a0lecteurs du journal en version papier s\u2019ajoutent plus de 400\u00a0000\u00a0abonn\u00e9s num\u00e9riques. Au d\u00e9but de l\u2019agression russe en Ukraine, le 24\u00a0f\u00e9vrier 2022, le site de The Times (partag\u00e9 avec son \u00e9dition dominicale The Sunday Times) enregistre 1\u00a0000\u00a0nouveaux abonnements par jour, reflet de son excellent travail de terrain en mati\u00e8re d\u2019actualit\u00e9 internationale. Sept reporters couvrent le conflit en permanence, sur le terrain.<\/p>\n<p>En 2020, News UK a lanc\u00e9 Times Radio, station de radio g\u00e9n\u00e9raliste pens\u00e9e pour concurrencer BBC Radio 4, l\u2019\u00e9quivalent britannique de France Inter. Anim\u00e9es en partie par des journalistes de la r\u00e9daction de The Times, ses \u00e9missions attirent un demi-million d\u2019auditeurs par semaine.<\/p>\n<p>      <a href=\"https:\/\/www.courrierinternational.com\/notule-source\/the-times\" class=\"source-link\" target=\"_blank\" rel=\"noopener\">Lire la suite<\/a>                 <\/p>\n<p>Nos services<\/p>\n","protected":false},"excerpt":{"rendered":"Le plan am\u00e9ricano-russe pour l\u2019Ukraine en 28\u00a0points n\u2019est pas un texte inspir\u00e9 qui restera dans les annales de&hellip;\n","protected":false},"author":2,"featured_media":557799,"comment_status":"","ping_status":"","sticky":false,"template":"","format":"standard","meta":{"footnotes":""},"categories":[1590],"tags":[11,3822,1777,674,1892,131,12,132,770,220],"class_list":{"0":"post-557798","1":"post","2":"type-post","3":"status-publish","4":"format-standard","5":"has-post-thumbnail","7":"category-ukraine","8":"tag-actualites","9":"tag-amu00e9riques","10":"tag-eu","11":"tag-europe","12":"tag-gu00e9opolitique","13":"tag-guerre-en-ukraine","14":"tag-news","15":"tag-russie","16":"tag-u00e9tats-unis","17":"tag-ukraine"},"share_on_mastodon":{"url":"https:\/\/pubeurope.com\/@fr\/115610793835120198","error":""},"_links":{"self":[{"href":"https:\/\/www.europesays.com\/fr\/wp-json\/wp\/v2\/posts\/557798","targetHints":{"allow":["GET"]}}],"collection":[{"href":"https:\/\/www.europesays.com\/fr\/wp-json\/wp\/v2\/posts"}],"about":[{"href":"https:\/\/www.europesays.com\/fr\/wp-json\/wp\/v2\/types\/post"}],"author":[{"embeddable":true,"href":"https:\/\/www.europesays.com\/fr\/wp-json\/wp\/v2\/users\/2"}],"replies":[{"embeddable":true,"href":"https:\/\/www.europesays.com\/fr\/wp-json\/wp\/v2\/comments?post=557798"}],"version-history":[{"count":0,"href":"https:\/\/www.europesays.com\/fr\/wp-json\/wp\/v2\/posts\/557798\/revisions"}],"wp:featuredmedia":[{"embeddable":true,"href":"https:\/\/www.europesays.com\/fr\/wp-json\/wp\/v2\/media\/557799"}],"wp:attachment":[{"href":"https:\/\/www.europesays.com\/fr\/wp-json\/wp\/v2\/media?parent=557798"}],"wp:term":[{"taxonomy":"category","embeddable":true,"href":"https:\/\/www.europesays.com\/fr\/wp-json\/wp\/v2\/categories?post=557798"},{"taxonomy":"post_tag","embeddable":true,"href":"https:\/\/www.europesays.com\/fr\/wp-json\/wp\/v2\/tags?post=557798"}],"curies":[{"name":"wp","href":"https:\/\/api.w.org\/{rel}","templated":true}]}}