{"id":557800,"date":"2025-11-25T14:24:13","date_gmt":"2025-11-25T14:24:13","guid":{"rendered":"https:\/\/www.europesays.com\/fr\/557800\/"},"modified":"2025-11-25T14:24:13","modified_gmt":"2025-11-25T14:24:13","slug":"les-etats-unis-presse-larmee-du-soudan-et-les-forces-de-soutien-rapide-daccepter-une-proposition-de-treve","status":"publish","type":"post","link":"https:\/\/www.europesays.com\/fr\/557800\/","title":{"rendered":"Les \u00c9tats-Unis presse l\u2019arm\u00e9e du Soudan et les Forces de soutien rapide d\u2019accepter une proposition de tr\u00eave"},"content":{"rendered":"<p>L\u2019\u00e9missaire du pr\u00e9sident am\u00e9ricain pour l\u2019Afrique, Massad Boulos, a exhort\u00e9 mardi les parties en guerre au Soudan \u00e0 accepter \u00ab\u00a0sans conditions pr\u00e9alables\u00a0\u00bb une proposition internationale de cessez-le-feu dans le pays ravag\u00e9 par plus de deux ans d\u2019un conflit meurtrier.<\/p>\n<p>Les efforts diplomatiques se sont intensifi\u00e9s depuis que le pr\u00e9sident am\u00e9ricain <a href=\"https:\/\/www.ledevoir.com\/donald-trump\" target=\"_blank\" rel=\"noopener\">Donald Trump<\/a> a dit la semaine derni\u00e8re qu\u2019il s\u2019impliquerait pour mettre fin \u00e0 la guerre.<\/p>\n<p>Cette derni\u00e8re proposition de tr\u00eave, pr\u00e9sent\u00e9e r\u00e9cemment au nom des pays m\u00e9diateurs (\u00c9tats-Unis, \u00c9mirats arabes unis, Arabie saoudite et \u00c9gypte) et dont les d\u00e9tails n\u2019ont pas \u00e9t\u00e9 divulgu\u00e9s, a \u00e9t\u00e9 qualifi\u00e9e d\u2019\u00ab\u00a0inacceptable\u00a0\u00bb par le g\u00e9n\u00e9ral de l\u2019arm\u00e9e soudanaise, Abdel Fattah al-Burhane.<\/p>\n<p>Son rival et ancien bras droit, le chef des Forces de soutien rapide (FSR), Mohamed Hamdane Daglo, a de son c\u00f4t\u00e9 annonc\u00e9 lundi une tr\u00eave humanitaire unilat\u00e9rale de trois mois.<\/p>\n<p>\u00ab\u00a0Nous appelons les deux parties \u00e0 accepter la tr\u00eave humanitaire telle que pr\u00e9sent\u00e9e sans conditions pr\u00e9alables\u00a0\u00bb, a d\u00e9clar\u00e9 Massad Boulos \u00e0 Abou Dhabi, pr\u00e9cisant qu\u2019aucune des deux ne l\u2019avait pour l\u2019heure approuv\u00e9e.<\/p>\n<p>\u00ab\u00a0Nous aimerions qu\u2019elles acceptent le texte sp\u00e9cifique qui leur a \u00e9t\u00e9 pr\u00e9sent\u00e9\u00a0\u00bb, a-t-il ajout\u00e9.<\/p>\n<p>Il s\u2019exprimait lors d\u2019un point de presse conjoint avec le conseiller du pr\u00e9sident \u00e9mirati, Anwar Gargash, quelques jours apr\u00e8s que le chef de l\u2019arm\u00e9e a accus\u00e9 la m\u00e9diation de partialit\u00e9 car les \u00c9mirats arabes unis, accus\u00e9s de soutenir les FSR, en font partie.<\/p>\n<p>Abou Dhabi est soup\u00e7onn\u00e9 de fournir des armes, des hommes et du carburant aux FSR, ce qu\u2019il nie cat\u00e9goriquement, malgr\u00e9 des preuves fournies par des rapports internationaux et enqu\u00eates ind\u00e9pendantes.<\/p>\n<p>  \u00ab\u00a0Ignorer ces commentaires\u00a0\u00bb<\/p>\n<p>Dimanche, le chef de l\u2019arm\u00e9e soudanaise avait affirm\u00e9 que la derni\u00e8re proposition envoy\u00e9e par l\u2019\u00e9missaire am\u00e9ricain \u00e9tait \u00ab\u00a0la pire\u00a0\u00bb, et estim\u00e9 que le diplomate am\u00e9ricain reprenait les \u00e9l\u00e9ments de langage des \u00c9mirats arabe unis.<\/p>\n<p>Le g\u00e9n\u00e9ral Burhane fait \u00ab\u00a0r\u00e9f\u00e9rence \u00e0 quelque chose qui n\u2019existe pas\u00a0\u00bb et dont il n\u2019a \u00ab\u00a0aucune id\u00e9e\u00a0\u00bb, a balay\u00e9 Massad Boulos mardi.<\/p>\n<p>\u00ab\u00a0Nous devons ignorer ces commentaires et ces remarques et se concentrer sur l\u2019essentiel, c\u2019est-\u00e0-dire la crise humanitaire\u00a0\u00bb, a-t-il ajout\u00e9.<\/p>\n<p>Le chef des FSR avait annonc\u00e9 lundi une tr\u00eave humanitaire de trois mois \u00ab\u00a0en r\u00e9ponse aux efforts internationaux, notamment \u00e0 l\u2019initiative du pr\u00e9sident am\u00e9ricain Donald Trump et des m\u00e9diateurs\u00a0\u00bb.<\/p>\n<p>Les paramilitaires avaient indiqu\u00e9 d\u00e9but novembre accepter le principe d\u2019une tr\u00eave humanitaire propos\u00e9e par les m\u00e9diateurs, \u00e0 laquelle l\u2019arm\u00e9e n\u2019avait pas r\u00e9pondu, et les combats entre les deux camps n\u2019ont pas cess\u00e9 depuis.<\/p>\n<p>Le conflit, marqu\u00e9 par des exactions dans les deux camps et auquel plusieurs m\u00e9diateurs internationaux tentent de mettre un terme, a fait depuis avril 2023 plusieurs dizaines de milliers de morts et forc\u00e9 le d\u00e9placement de millions de personnes, plongeant le pays dans ce que l\u2019ONU qualifie de \u00ab\u00a0pire crise humanitaire\u00a0\u00bb au monde.<\/p>\n<p>L\u2019organisation de d\u00e9fense des droits humains Amnesty International a accus\u00e9 mardi les FSR de \u00ab\u00a0crimes de guerre\u00a0\u00bb, allant d\u2019ex\u00e9cutions sommaires d\u2019hommes non arm\u00e9s \u00e0 des viols de femmes et de jeunes filles, commis lors de la prise r\u00e9cente de la ville d\u2019El-Facher, en d\u00e9non\u00e7ant le \u00ab\u00a0soutien\u00a0\u00bb des \u00c9mirats aux paramilitaires.<\/p>\n<p>Au cours des deux derni\u00e8res ann\u00e9es, les parties bellig\u00e9rantes au Soudan ont viol\u00e9 tous les accords de cessez-le-feu, entra\u00eenant l\u2019\u00e9chec des efforts de n\u00e9gociation.<\/p>\n","protected":false},"excerpt":{"rendered":"L\u2019\u00e9missaire du pr\u00e9sident am\u00e9ricain pour l\u2019Afrique, Massad Boulos, a exhort\u00e9 mardi les parties en guerre au Soudan \u00e0&hellip;\n","protected":false},"author":2,"featured_media":557801,"comment_status":"","ping_status":"","sticky":false,"template":"","format":"standard","meta":{"footnotes":""},"categories":[1589],"tags":[11,73,1866,12,1864,1865,1863,308],"class_list":{"0":"post-557800","1":"post","2":"type-post","3":"status-publish","4":"format-standard","5":"has-post-thumbnail","7":"category-etats-unis","8":"tag-actualites","9":"tag-etats-unis","10":"tag-etats-unis-damerique","11":"tag-news","12":"tag-united-states","13":"tag-united-states-of-america","14":"tag-us","15":"tag-usa"},"share_on_mastodon":{"url":"https:\/\/pubeurope.com\/@fr\/115610797077751253","error":""},"_links":{"self":[{"href":"https:\/\/www.europesays.com\/fr\/wp-json\/wp\/v2\/posts\/557800","targetHints":{"allow":["GET"]}}],"collection":[{"href":"https:\/\/www.europesays.com\/fr\/wp-json\/wp\/v2\/posts"}],"about":[{"href":"https:\/\/www.europesays.com\/fr\/wp-json\/wp\/v2\/types\/post"}],"author":[{"embeddable":true,"href":"https:\/\/www.europesays.com\/fr\/wp-json\/wp\/v2\/users\/2"}],"replies":[{"embeddable":true,"href":"https:\/\/www.europesays.com\/fr\/wp-json\/wp\/v2\/comments?post=557800"}],"version-history":[{"count":0,"href":"https:\/\/www.europesays.com\/fr\/wp-json\/wp\/v2\/posts\/557800\/revisions"}],"wp:featuredmedia":[{"embeddable":true,"href":"https:\/\/www.europesays.com\/fr\/wp-json\/wp\/v2\/media\/557801"}],"wp:attachment":[{"href":"https:\/\/www.europesays.com\/fr\/wp-json\/wp\/v2\/media?parent=557800"}],"wp:term":[{"taxonomy":"category","embeddable":true,"href":"https:\/\/www.europesays.com\/fr\/wp-json\/wp\/v2\/categories?post=557800"},{"taxonomy":"post_tag","embeddable":true,"href":"https:\/\/www.europesays.com\/fr\/wp-json\/wp\/v2\/tags?post=557800"}],"curies":[{"name":"wp","href":"https:\/\/api.w.org\/{rel}","templated":true}]}}