{"id":557804,"date":"2025-11-25T14:26:15","date_gmt":"2025-11-25T14:26:15","guid":{"rendered":"https:\/\/www.europesays.com\/fr\/557804\/"},"modified":"2025-11-25T14:26:15","modified_gmt":"2025-11-25T14:26:15","slug":"chute-inattendue-de-la-confiance-des-entreprises","status":"publish","type":"post","link":"https:\/\/www.europesays.com\/fr\/557804\/","title":{"rendered":"chute inattendue de la confiance des entreprises"},"content":{"rendered":"<p><strong>La confiance des entreprises en Allemagne a chut\u00e9 de mani\u00e8re inattendue en novembre, un autre signe des difficult\u00e9s de l\u2019\u00e9conomie du pays \u00e0 sortir de la stagnation alors que le gouvernement augmente les d\u00e9penses publiques.<\/strong><\/p>\n<p>L\u2019indice des anticipations de l\u2019institut \u00e9conomique Ifo a recul\u00e9 \u00e0 90,6 points en novembre, contre 91,6 le mois pr\u00e9c\u00e9dent, selon les donn\u00e9es publi\u00e9es lundi 24 novembre. Les analystes interrog\u00e9s par Bloomberg s\u2019attendaient \u00e0 ce que l\u2019indice reste stable.<\/p>\n<p>\u00ab Les entreprises estiment que leur situation actuelle s\u2019est l\u00e9g\u00e8rement am\u00e9lior\u00e9e \u00bb, a d\u00e9clar\u00e9 Clemens Fuest, pr\u00e9sident de l\u2019Ifo. \u00ab Toutefois, elles doutent fortement d\u2019une reprise imminente \u00bb, a-t-il ajout\u00e9, soulignant que les perspectives du secteur manufacturier avaient \u00e9t\u00e9 \u00ab fortement compromises \u00bb.<\/p>\n<p>Ces donn\u00e9es renforcent les doutes quant au plan du gouvernement visant \u00e0 relancer l\u2019\u00e9conomie par des investissements dans les infrastructures et la d\u00e9fense. Si la Bundesbank et la plupart des \u00e9conomistes anticipent une croissance du PIB au quatri\u00e8me trimestre\u2026 certains ont r\u00e9cemment revu leurs pr\u00e9visions \u00e0 la baisse.<\/p>\n<p>Les conseillers \u00e9conomiques du chancelier Friedrich Merz ont revu \u00e0 la baisse ce mois-ci leurs pr\u00e9visions de croissance pour l\u2019ann\u00e9e prochaine, les ramenant \u00e0 moins de 1 %, et ont averti que le gouvernement devait imp\u00e9rativement orienter les d\u00e9penses vers des investissements productifs suppl\u00e9mentaires. Faute de quoi, ont-ils affirm\u00e9, l\u2019occasion de s\u2019attaquer aux probl\u00e8mes structurels profonds et de r\u00e9tablir une croissance durable risque d\u2019\u00eatre manqu\u00e9e.<\/p>\n<p>Les enqu\u00eates de S&amp;P Global sur le climat des affaires, publi\u00e9es durant la semaine du 17 novembre, ont montr\u00e9 que l\u2019activit\u00e9 \u00e9conomique a continu\u00e9 de cro\u00eetre en novembre, mais \u00e0 un rythme plus lent qu\u2019en octobre. Le secteur manufacturier a \u00e9t\u00e9 particuli\u00e8rement touch\u00e9, les nouvelles commandes ayant fortement chut\u00e9.<\/p>\n<p>La Commission europ\u00e9enne a toutefois indiqu\u00e9 la semaine derni\u00e8re s\u2019attendre \u00e0 ce que l\u2019Allemagne sorte d\u2019une longue p\u00e9riode de stagnation l\u2019ann\u00e9e prochaine. Malgr\u00e9 le poids des droits de douane am\u00e9ricains et de l\u2019incertitude mondiale sur les exportations, l\u2019\u00e9conomie devrait \u00eatre dynamis\u00e9e par la hausse des investissements et de la consommation priv\u00e9e.<\/p>\n","protected":false},"excerpt":{"rendered":"La confiance des entreprises en Allemagne a chut\u00e9 de mani\u00e8re inattendue en novembre, un autre signe des difficult\u00e9s&hellip;\n","protected":false},"author":2,"featured_media":557805,"comment_status":"","ping_status":"","sticky":false,"template":"","format":"standard","meta":{"footnotes":""},"categories":[1587],"tags":[11,672,1804,1805,1803,1777,674,1801,12,1802],"class_list":{"0":"post-557804","1":"post","2":"type-post","3":"status-publish","4":"format-standard","5":"has-post-thumbnail","7":"category-allemagne","8":"tag-actualites","9":"tag-allemagne","10":"tag-bundesrepublik-deutschland","11":"tag-de","12":"tag-deutschland","13":"tag-eu","14":"tag-europe","15":"tag-germany","16":"tag-news","17":"tag-republique-federale-dallemagne"},"share_on_mastodon":{"url":"https:\/\/pubeurope.com\/@fr\/115610804795453584","error":""},"_links":{"self":[{"href":"https:\/\/www.europesays.com\/fr\/wp-json\/wp\/v2\/posts\/557804","targetHints":{"allow":["GET"]}}],"collection":[{"href":"https:\/\/www.europesays.com\/fr\/wp-json\/wp\/v2\/posts"}],"about":[{"href":"https:\/\/www.europesays.com\/fr\/wp-json\/wp\/v2\/types\/post"}],"author":[{"embeddable":true,"href":"https:\/\/www.europesays.com\/fr\/wp-json\/wp\/v2\/users\/2"}],"replies":[{"embeddable":true,"href":"https:\/\/www.europesays.com\/fr\/wp-json\/wp\/v2\/comments?post=557804"}],"version-history":[{"count":0,"href":"https:\/\/www.europesays.com\/fr\/wp-json\/wp\/v2\/posts\/557804\/revisions"}],"wp:featuredmedia":[{"embeddable":true,"href":"https:\/\/www.europesays.com\/fr\/wp-json\/wp\/v2\/media\/557805"}],"wp:attachment":[{"href":"https:\/\/www.europesays.com\/fr\/wp-json\/wp\/v2\/media?parent=557804"}],"wp:term":[{"taxonomy":"category","embeddable":true,"href":"https:\/\/www.europesays.com\/fr\/wp-json\/wp\/v2\/categories?post=557804"},{"taxonomy":"post_tag","embeddable":true,"href":"https:\/\/www.europesays.com\/fr\/wp-json\/wp\/v2\/tags?post=557804"}],"curies":[{"name":"wp","href":"https:\/\/api.w.org\/{rel}","templated":true}]}}