{"id":557806,"date":"2025-11-25T14:27:15","date_gmt":"2025-11-25T14:27:15","guid":{"rendered":"https:\/\/www.europesays.com\/fr\/557806\/"},"modified":"2025-11-25T14:27:15","modified_gmt":"2025-11-25T14:27:15","slug":"faire-revenir-les-gens-les-communautes-arctiques-deurope-luttent-pour-leur-survie","status":"publish","type":"post","link":"https:\/\/www.europesays.com\/fr\/557806\/","title":{"rendered":"Faire revenir les gens : Les communaut\u00e9s arctiques d&rsquo;Europe luttent pour leur survie"},"content":{"rendered":"<p>Selv\u00e6r, l&rsquo;une des \u00eeles de Tr\u00e6na, abrite une cinquantaine de personnes et une centaine de moutons.<\/p>\n<p>L&rsquo;ing\u00e9nieur n\u00e9erlandais Thijs De Swart s&rsquo;est install\u00e9 ici il y a quelques ann\u00e9es pour devenir \u00e9leveur. Autrefois, les moutons \u00e9taient omnipr\u00e9sents. Ils broutaient l&rsquo;herbe et emp\u00eachaient les mauvaises herbes d&rsquo;envahir les \u00eeles. Mais \u00e0 mesure que certains habitants ont quitt\u00e9 les lieux et que d&rsquo;autres ont pris leur retraite, tous les autres \u00e9leveurs ont \u00e9galement disparu.<\/p>\n<p>\u00ab Les communaut\u00e9s ici sont en train de dispara\u00eetre \u00bb, explique De Swart. \u00ab La population a diminu\u00e9 tr\u00e8s rapidement. Il est difficile de vivre ici avec des enfants. Il est tr\u00e8s difficile de trouver un emploi ici, il faut en quelque sorte cr\u00e9er son propre emploi. \u00bb<\/p>\n<p>\u00ab Les beaux jours de la p\u00eache sont r\u00e9volus \u00e0 jamais \u00bb<\/p>\n<p>Le changement climatique a profond\u00e9ment affect\u00e9 Tr\u00e6na. Les stocks de poissons qui ont fait vivre la communaut\u00e9 pendant des si\u00e8cles ont disparu, et les bateaux de p\u00eache qui remplissaient autrefois les quais ont pour la plupart d\u00e9sert\u00e9 les lieux.<\/p>\n<p>\u00ab D&rsquo;autres industries tentent de combler une partie du d\u00e9ficit \u00bb, explique Trond Vegard Sletten, maire de Tr\u00e6na. \u00ab Mais les beaux jours de la p\u00eache, o\u00f9 beaucoup de personnes vivaient pleinement de la mer, sont probablement r\u00e9volus \u00e0 jamais. \u00bb<\/p>\n<p>Au cours de la derni\u00e8re d\u00e9cennie, Tr\u00e6na a perdu pr\u00e8s de 10 % de sa population. <\/p>\n<p>Les conditions m\u00e9t\u00e9orologiques impr\u00e9visibles de l&rsquo;Arctique, aggrav\u00e9es par le changement climatique, rendent les liaisons de transport peu fiables. Les bateaux et les ferries sont souvent annul\u00e9s en raison du mauvais temps ou pour des raisons op\u00e9rationnelles, coupant les habitants des h\u00f4pitaux du continent et d&rsquo;autres services essentiels.<\/p>\n<p>\u00ab Nous voulons pouvoir acc\u00e9der aux grandes villes lorsque cela est n\u00e9cessaire \u00bb, explique M. Sletten. \u00ab Il est difficile pour une petite communaut\u00e9 de survivre lorsque le simple fait de se d\u00e9placer devient un d\u00e9fi majeur. \u00bb<\/p>\n<p>Des chercheurs europ\u00e9ens donnent de l&rsquo;espoir<\/p>\n<p>Le projet EmpowerUS, financ\u00e9 par l&rsquo;Union europ\u00e9enne, a pass\u00e9 trois ans \u00e0 \u00e9tudier les d\u00e9fis locaux et a produit une bo\u00eete \u00e0 outils contenant des strat\u00e9gies pour aider les habitants de Tr\u00e6na \u00e0 lutter contre leur d\u00e9clin.<\/p>\n<p>\u00ab La centralisation rend le quotidien plus difficile dans les zones p\u00e9riph\u00e9riques, en particulier dans l&rsquo;Arctique \u00bb, explique Maiken Bj\u00f8rkan, de l&rsquo;Institut de recherche du Nordland, qui a coordonn\u00e9 la recherche. \u00ab Les \u00eeles ont besoin d&rsquo;attirer davantage de population. Elles ont besoin de cr\u00e9er plus de possibilit\u00e9s d&#8217;emploi. Et elles doivent devenir plus attractives pour que les jeunes viennent s&rsquo;y installer. \u00bb<\/p>\n<p>Les recommandations se concentrent sur plusieurs domaines cl\u00e9s, principalement l&rsquo;am\u00e9lioration des infrastructures de transport, la promotion du tourisme durable et la pr\u00e9servation de l&rsquo;identit\u00e9 locale. <\/p>\n<p>\u00c0 Tr\u00e6na, on craint que la diminution de la population entra\u00eene une r\u00e9duction du nombre de bateaux, ce qui aggraverait encore le probl\u00e8me.<\/p>\n<p>La cheffe de projet Cecilie Hel\u00e9n Bratt explique : \u00ab Lorsque la population diminue, il est difficile pour la municipalit\u00e9 du comt\u00e9 de maintenir toutes les lignes existantes. C&rsquo;est difficile, mais c&rsquo;est la bou\u00e9e de sauvetage des communaut\u00e9s c\u00f4ti\u00e8res. Il faut donc que cela reste en place. Si vous les supprimez, les gens ne pourront plus vivre ici. \u00bb<\/p>\n<p>Tourisme : la qualit\u00e9 avant la quantit\u00e9<\/p>\n<p>Plut\u00f4t que de miser sur le tourisme de masse, Tr\u00e6na cherche \u00e0 attirer des visiteurs en qu\u00eate d&rsquo;un lien authentique avec son histoire et sa culture. Avec l&rsquo;aide du projet EmpowerUS, la communaut\u00e9 a command\u00e9 de nouvelles \u0153uvres d&rsquo;art publiques et cr\u00e9\u00e9 des \u00ab sentiers patrimoniaux \u00bb o\u00f9 les visiteurs peuvent trouver et scanner des QR codes pour en savoir plus sur l&rsquo;histoire et les l\u00e9gendes locales.<\/p>\n<p>L&rsquo;artiste norv\u00e9gien H\u00e5vard Arnhoff a collabor\u00e9 avec les habitants de Tr\u00e6na pour cr\u00e9er une nouvelle sculpture embl\u00e9matique : quatre vagues d\u00e9ferlantes qui accueilleront les visiteurs arrivant par bateau. <\/p>\n<p>L&rsquo;artiste locale Sonja Langskj\u00e6r peint des fresques murales \u00e0 grande \u00e9chelle qui r\u00e9v\u00e8lent des aspects cach\u00e9s de la vie sur l&rsquo;\u00eele, de l&rsquo;industrie de la p\u00eache autrefois florissante aux r\u00e9cifs coralliens vibrants sous les eaux arctiques. \u00ab L&rsquo;illustration sur un mur \u00e0 grande \u00e9chelle est une fa\u00e7on de montrer aux gens ce qu&rsquo;ils ne peuvent pas voir \u00bb, dit-elle. \u00ab Et de les faire r\u00e9fl\u00e9chir aux richesses qui nous entourent. \u00bb<\/p>\n<p>Trouver de nouvelles fa\u00e7ons de vivre de la terre et de la mer<\/p>\n<p>L&rsquo;environnement arctique pr\u00e9serv\u00e9 offre encore des opportunit\u00e9s \u00e9conomiques. Anders Budde, r\u00e9sident de Tr\u00e6na, r\u00e9colte des algues sauvages le long des c\u00f4tes, les s\u00e8che et vend du kombu pour la pr\u00e9paration de bouillons et des algues truff\u00e9es comme \u00e9pices culinaires aux restaurants du continent.<\/p>\n<p>\u00ab Oui, nous voulons de nouveaux d\u00e9veloppements et des touristes \u00bb, d\u00e9clare M. Budde. \u00ab Mais nous voulons que cet endroit reste un lieu o\u00f9 l&rsquo;on a envie de venir, de vivre, de rester. Et c&rsquo;est l\u00e0 tout le d\u00e9fi. \u00bb<\/p>\n<p>La pisciculture offre une autre bou\u00e9e de sauvetage, m\u00eame si les cages \u00e0 saumons en mer inqui\u00e8tent certains habitants qui craignent la pollution et la d\u00e9gradation du paysage c\u00f4tier immacul\u00e9. Les nouvelles installations aquacoles situ\u00e9es \u00e0 l&rsquo;int\u00e9rieur des terres promettent des avantages \u00e9conomiques sans les inconv\u00e9nients environnementaux.<\/p>\n<p>La lutte pour la survie de Tr\u00e6na fait \u00e9cho dans tout l&rsquo;Arctique. Ces communaut\u00e9s isol\u00e9es ressentent le besoin de se moderniser suffisamment rapidement pour emp\u00eacher les gens de partir, tout en pr\u00e9servant la culture authentique et les paysages immacul\u00e9s qui attirent les visiteurs.<\/p>\n","protected":false},"excerpt":{"rendered":"Selv\u00e6r, l&rsquo;une des \u00eeles de Tr\u00e6na, abrite une cinquantaine de personnes et une centaine de moutons. L&rsquo;ing\u00e9nieur n\u00e9erlandais&hellip;\n","protected":false},"author":2,"featured_media":557807,"comment_status":"","ping_status":"","sticky":false,"template":"","format":"standard","meta":{"footnotes":""},"categories":[1586],"tags":[11,20931,61809,2303,1777,674,1011,27,12,673,4838,5140,25],"class_list":{"0":"post-557806","1":"post","2":"type-post","3":"status-publish","4":"format-standard","5":"has-post-thumbnail","7":"category-europe","8":"tag-actualites","9":"tag-arctique","10":"tag-elevage-piscicole","11":"tag-emplois","12":"tag-eu","13":"tag-europe","14":"tag-fr","15":"tag-france","16":"tag-news","17":"tag-norvege","18":"tag-peche","19":"tag-rechauffement-climatique","20":"tag-republique-francaise"},"share_on_mastodon":{"url":"https:\/\/pubeurope.com\/@fr\/115610808873817511","error":""},"_links":{"self":[{"href":"https:\/\/www.europesays.com\/fr\/wp-json\/wp\/v2\/posts\/557806","targetHints":{"allow":["GET"]}}],"collection":[{"href":"https:\/\/www.europesays.com\/fr\/wp-json\/wp\/v2\/posts"}],"about":[{"href":"https:\/\/www.europesays.com\/fr\/wp-json\/wp\/v2\/types\/post"}],"author":[{"embeddable":true,"href":"https:\/\/www.europesays.com\/fr\/wp-json\/wp\/v2\/users\/2"}],"replies":[{"embeddable":true,"href":"https:\/\/www.europesays.com\/fr\/wp-json\/wp\/v2\/comments?post=557806"}],"version-history":[{"count":0,"href":"https:\/\/www.europesays.com\/fr\/wp-json\/wp\/v2\/posts\/557806\/revisions"}],"wp:featuredmedia":[{"embeddable":true,"href":"https:\/\/www.europesays.com\/fr\/wp-json\/wp\/v2\/media\/557807"}],"wp:attachment":[{"href":"https:\/\/www.europesays.com\/fr\/wp-json\/wp\/v2\/media?parent=557806"}],"wp:term":[{"taxonomy":"category","embeddable":true,"href":"https:\/\/www.europesays.com\/fr\/wp-json\/wp\/v2\/categories?post=557806"},{"taxonomy":"post_tag","embeddable":true,"href":"https:\/\/www.europesays.com\/fr\/wp-json\/wp\/v2\/tags?post=557806"}],"curies":[{"name":"wp","href":"https:\/\/api.w.org\/{rel}","templated":true}]}}