{"id":557823,"date":"2025-11-25T14:41:12","date_gmt":"2025-11-25T14:41:12","guid":{"rendered":"https:\/\/www.europesays.com\/fr\/557823\/"},"modified":"2025-11-25T14:41:12","modified_gmt":"2025-11-25T14:41:12","slug":"psg-ca-se-confirme-pour-dembele-maxifoot","status":"publish","type":"post","link":"https:\/\/www.europesays.com\/fr\/557823\/","title":{"rendered":"PSG : \u00e7a se confirme pour Demb\u00e9l\u00e9 &#8211; Maxifoot"},"content":{"rendered":"<ol>\n<li><a href=\"https:\/\/news.google.com\/rss\/articles\/CBMie0FVX3lxTFBTenVnZ3FiTVVURk1pQ3pIZk5GNy1UdGxrTzhXMHg5bFJKM0c3NUZFeVBMTjdiYlFSWmpObUpnSlRjdFA2c3YwNWRYeTE1ZUhfS3B2Vm4xekVmN2xDTVlleGdIVV9DYzVvcFVZSlVaOWMzbmF1Y1UyTlVVY9IBe0FVX3lxTE10dHM5NUcyb0dZNnllUE0wUVB4TDh1UkpKOUp0RDJVLTRmZXZLaDFOVTliVGNYRGNQU0lEMkdvS0NoejF3aXVMZGdnZHJ1SEpLbEhTV2JzWkxVOXZDZ1lBcVhKN18zdmpOc3h4aXVNbW5qdzRTWjVPQXplVQ?oc=5\" target=\"_blank\" rel=\"noopener\">PSG : \u00e7a se confirme pour Demb\u00e9l\u00e9<\/a>&nbsp;&nbsp;Maxifoot<\/li>\n<li><a href=\"https:\/\/news.google.com\/rss\/articles\/CBMikwJBVV95cUxPMWhDajNLWERrU29qQ0NXVlFnSldPNU1ESEF1UzlXeVd6ZzF6anNHbUFoeC1lTG9wM0JCWE1zVFNuZklLTWFaRWRhMFZCNE1VRHBWLUZsTXpvT3NzclZleldMQjN1SEtJRkN3TnExSkkzdFUybXZIbEwtTXdsbFF2ako2SmlyMGIzblM3NDNnSXdpT0ZsaW56ZHhsQzlSdlBsaEludDRsNlZ3MGVoRVdoWnhiQzdtam8wUG9UbUt1S2ljRm9rZUlsMWE2NHhCbGNjNTYxYUJfTnVMMFRvU1kxVkhjeWg3QTdrZjZZQnZBRjdLV0FKeWd2YU5IcHNfZ1R6cVNycHNlQWZVYXFGT3BnczA1bw?oc=5\" target=\"_blank\" rel=\"noopener\">Demb\u00e9l\u00e9 vers une pr\u00e9sence dans le groupe du PSG face \u00e0 Tottenham<\/a>&nbsp;&nbsp;Eurosport<\/li>\n<li><a href=\"https:\/\/news.google.com\/rss\/articles\/CBMi2gFBVV95cUxNVy1UM3JraGltaFFZenN4cWxlZGZFb0RvV3RyX3dqRmcwbWlHVXRqRG1EVUhtLW9KMld6SGc4dW5SNG52YXRlWVJQcHpoVjRXaUZpSk54Z2RWVVRIaC1sUTVPVDZpNVpvZlc2YTczYVVwcjJyTjRyWVhTTV8xMVQzc0ZHRVNjQUgyOWlhSDJoelZnQnlCWEV2SWlscHo0bTdseVdLVzhiOGlWQXpRdlVkbVotRkdyNk54dnRfMEtiOVN2SGdnRzdXcDBwVjE2SE81OTZ5dkZ5YjNoZw?oc=5\" target=\"_blank\" rel=\"noopener\">Ousmane Demb\u00e9l\u00e9 peut-il faire son retour contre Tottenham ? \u00ab En tout cas, il a faim, comme toujours \u00bb<\/a>&nbsp;&nbsp;L&rsquo;\u00c9quipe<\/li>\n<li><a href=\"https:\/\/news.google.com\/rss\/articles\/CBMipAFBVV95cUxQNXdzRHJtUWluaW1BcmpMSWZZeC1PWldSbW1mZFBRenc2RzhkVXBYdXI2MEVmMmFTRmVhUUIyR2xKZHkxemlOQWgxX2NpNlFkcnBFZndNY0t2M2dPcjlEeU9CZVVDaHhwc0JWMU5WY2FKNlgxaUJuQ1ZOMDQ1U3drTXFuQnJQa3psRzA1VVNQS1F2UTRReVdKdU9FQTM3MEozNnBzWg?oc=5\" target=\"_blank\" rel=\"noopener\">PSG : Ousmane Demb\u00e9l\u00e9 pr\u00e9sent \u00e0 l\u2019entra\u00eenement collectif<\/a>&nbsp;&nbsp;Foot Mercato<\/li>\n<li><a href=\"https:\/\/news.google.com\/rss\/articles\/CBMi4AFBVV95cUxNQkpxajZSZzl6UDZ6VzdEc25DQm9MMlN0VWFYOWhmRVg3b245UFJDaFIxM0E1M0ZKcWZpMTN1NkxWMXQ4MFZibjl3ZFFYSm0tMDk0cDRobkhYaVVIazZPeWdCQUU1Rk5XT3RxcDdqSUhZeFJzSXd6OXIzMGlEUHF5ajZ0VndGZUdtbDV4MjBWaVhxRFhTeVVBTUNFZThlRll2LTA2ZEQ2UzV3WEZLNE9QUTRYZnlIZkNMYl92ZTZEcndXOXRDZTI4dXA1blFiMkptRDRhVEpQMWdWTmhrblRuVw?oc=5\" target=\"_blank\" rel=\"noopener\">Ousmane Demb\u00e9l\u00e9 peut-il faire son retour contre Tottenham ? &#8211; Foot &#8211; Ligue des champions<\/a>&nbsp;&nbsp;Sports &#8211; Orange<\/li>\n<\/ol>\n","protected":false},"excerpt":{"rendered":"PSG : \u00e7a se confirme pour Demb\u00e9l\u00e9&nbsp;&nbsp;Maxifoot Demb\u00e9l\u00e9 vers une pr\u00e9sence dans le groupe du PSG face \u00e0&hellip;\n","protected":false},"author":2,"featured_media":557824,"comment_status":"","ping_status":"","sticky":false,"template":"","format":"standard","meta":{"footnotes":""},"categories":[1410],"tags":[2266,2262,2261,1981,83,2260,451,2263,462,2269,2257,63,1011,27,2265,1441,453,66,447,2267,955,2268,241,149,70,1817,93,2264,2258,2259,60,969,455],"class_list":{"0":"post-557823","1":"post","2":"type-post","3":"status-publish","4":"format-standard","5":"has-post-thumbnail","7":"category-football","8":"tag-as-monaco","9":"tag-bundesligua","10":"tag-calcio","11":"tag-classement","12":"tag-coupe-de-france","13":"tag-coupe-de-la-ligue","14":"tag-coupe-du-monde","15":"tag-equipe","16":"tag-fc-nantes","17":"tag-fifa","18":"tag-foot","19":"tag-football","20":"tag-fr","21":"tag-france","22":"tag-girondins-bordeaux","23":"tag-joueur","24":"tag-liga","25":"tag-ligue-1","26":"tag-ligue-des-champions","27":"tag-losc","28":"tag-match","29":"tag-ogc-nice","30":"tag-ol","31":"tag-om","32":"tag-premier-league","33":"tag-pronostic","34":"tag-psg","35":"tag-rc-lens","36":"tag-resultat","37":"tag-score","38":"tag-sports","39":"tag-transfert","40":"tag-uefa"},"share_on_mastodon":{"url":"https:\/\/pubeurope.com\/@fr\/115610863799002414","error":""},"_links":{"self":[{"href":"https:\/\/www.europesays.com\/fr\/wp-json\/wp\/v2\/posts\/557823","targetHints":{"allow":["GET"]}}],"collection":[{"href":"https:\/\/www.europesays.com\/fr\/wp-json\/wp\/v2\/posts"}],"about":[{"href":"https:\/\/www.europesays.com\/fr\/wp-json\/wp\/v2\/types\/post"}],"author":[{"embeddable":true,"href":"https:\/\/www.europesays.com\/fr\/wp-json\/wp\/v2\/users\/2"}],"replies":[{"embeddable":true,"href":"https:\/\/www.europesays.com\/fr\/wp-json\/wp\/v2\/comments?post=557823"}],"version-history":[{"count":0,"href":"https:\/\/www.europesays.com\/fr\/wp-json\/wp\/v2\/posts\/557823\/revisions"}],"wp:featuredmedia":[{"embeddable":true,"href":"https:\/\/www.europesays.com\/fr\/wp-json\/wp\/v2\/media\/557824"}],"wp:attachment":[{"href":"https:\/\/www.europesays.com\/fr\/wp-json\/wp\/v2\/media?parent=557823"}],"wp:term":[{"taxonomy":"category","embeddable":true,"href":"https:\/\/www.europesays.com\/fr\/wp-json\/wp\/v2\/categories?post=557823"},{"taxonomy":"post_tag","embeddable":true,"href":"https:\/\/www.europesays.com\/fr\/wp-json\/wp\/v2\/tags?post=557823"}],"curies":[{"name":"wp","href":"https:\/\/api.w.org\/{rel}","templated":true}]}}