{"id":557825,"date":"2025-11-25T14:42:24","date_gmt":"2025-11-25T14:42:24","guid":{"rendered":"https:\/\/www.europesays.com\/fr\/557825\/"},"modified":"2025-11-25T14:42:24","modified_gmt":"2025-11-25T14:42:24","slug":"la-princesse-leonor-et-felipe-vi-derogent-au-protocole-royal-en-marge-dun-important-evenement-pour-la-monarchie-espagnole","status":"publish","type":"post","link":"https:\/\/www.europesays.com\/fr\/557825\/","title":{"rendered":"La princesse Leonor et Felipe VI d\u00e9rogent au protocole royal en marge d&rsquo;un important \u00e9v\u00e9nement pour la monarchie espagnole"},"content":{"rendered":"<p class=\"ap-StoryElement ap-StoryElement--mb ap-StoryText\">Apr\u00e8s une p\u00e9riode plut\u00f4t compliqu\u00e9e, allant d&rsquo;interruption en abdication, la monarchie espagnole traverse en ce moment une p\u00e9riode faste, marqu\u00e9e par le r\u00e8gne de Felipe VI et de la reine Letizia, mais aussi par l&rsquo;av\u00e8nement progressif de la princesse Leonor, qui succ\u00e9dera un jour \u00e0 son p\u00e8re.<\/p>\n<p class=\"ap-StoryElement ap-StoryElement--mb ap-StoryText\">Ce dimanche 22 novembre, la princesse h\u00e9riti\u00e8re, ses parents et sa s\u0153ur cadette Sofia ont particip\u00e9 \u00e0 une c\u00e9r\u00e9monie de c\u00e9l\u00e9bration pour les 50 ans de la restauration de la monarchie en Espagne, apr\u00e8s 44 ans de dictature franquiste. Un \u00e9v\u00e9nement symbolique pour la famille qui s&rsquo;est d\u00e9roul\u00e9 sans accroc, mais qui a \u00e9t\u00e9 ponctu\u00e9 par un geste inhabituel, et normalement interdit, de la part du souverain et de sa prog\u00e9niture.<\/p>\n","protected":false},"excerpt":{"rendered":"Apr\u00e8s une p\u00e9riode plut\u00f4t compliqu\u00e9e, allant d&rsquo;interruption en abdication, la monarchie espagnole traverse en ce moment une p\u00e9riode&hellip;\n","protected":false},"author":2,"featured_media":557826,"comment_status":"","ping_status":"","sticky":false,"template":"","format":"standard","meta":{"footnotes":""},"categories":[1359],"tags":[58,59,67488,1011,27,67487,67489,973,29608,56446,2021],"class_list":{"0":"post-557825","1":"post","2":"type-post","3":"status-publish","4":"format-standard","5":"has-post-thumbnail","7":"category-people","8":"tag-divertissement","9":"tag-entertainment","10":"tag-felipe-vi","11":"tag-fr","12":"tag-france","13":"tag-leonor","14":"tag-monarchie-espagnole","15":"tag-people","16":"tag-princesse","17":"tag-protocole","18":"tag-restauration"},"share_on_mastodon":{"url":"https:\/\/pubeurope.com\/@fr\/115610867750111489","error":""},"_links":{"self":[{"href":"https:\/\/www.europesays.com\/fr\/wp-json\/wp\/v2\/posts\/557825","targetHints":{"allow":["GET"]}}],"collection":[{"href":"https:\/\/www.europesays.com\/fr\/wp-json\/wp\/v2\/posts"}],"about":[{"href":"https:\/\/www.europesays.com\/fr\/wp-json\/wp\/v2\/types\/post"}],"author":[{"embeddable":true,"href":"https:\/\/www.europesays.com\/fr\/wp-json\/wp\/v2\/users\/2"}],"replies":[{"embeddable":true,"href":"https:\/\/www.europesays.com\/fr\/wp-json\/wp\/v2\/comments?post=557825"}],"version-history":[{"count":0,"href":"https:\/\/www.europesays.com\/fr\/wp-json\/wp\/v2\/posts\/557825\/revisions"}],"wp:featuredmedia":[{"embeddable":true,"href":"https:\/\/www.europesays.com\/fr\/wp-json\/wp\/v2\/media\/557826"}],"wp:attachment":[{"href":"https:\/\/www.europesays.com\/fr\/wp-json\/wp\/v2\/media?parent=557825"}],"wp:term":[{"taxonomy":"category","embeddable":true,"href":"https:\/\/www.europesays.com\/fr\/wp-json\/wp\/v2\/categories?post=557825"},{"taxonomy":"post_tag","embeddable":true,"href":"https:\/\/www.europesays.com\/fr\/wp-json\/wp\/v2\/tags?post=557825"}],"curies":[{"name":"wp","href":"https:\/\/api.w.org\/{rel}","templated":true}]}}