{"id":557827,"date":"2025-11-25T14:43:19","date_gmt":"2025-11-25T14:43:19","guid":{"rendered":"https:\/\/www.europesays.com\/fr\/557827\/"},"modified":"2025-11-25T14:43:19","modified_gmt":"2025-11-25T14:43:19","slug":"les-peintures-textiles-de-malgorzata-mirga-tas-regarder-lemission-complete","status":"publish","type":"post","link":"https:\/\/www.europesays.com\/fr\/557827\/","title":{"rendered":"Les peintures textiles de Ma\u0142gorzata Mirga-Tas &#8211; Regarder l\u2019\u00e9mission compl\u00e8te"},"content":{"rendered":"<p>Dans ses \u00ab\u00a0peintures\u00a0\u00bb textiles, l&rsquo;artiste polonaise Ma\u0142gorzata Mirga-Tas relie le pass\u00e9 et le pr\u00e9sent et raconte des histoires de famille, de communaut\u00e9 et d&rsquo;autod\u00e9termination. Elle se concentre sur la vie des Roms en mettant l&rsquo;accent sur la perspective des femmes. Son activit\u00e9 artistique est \u00e9troitement li\u00e9e \u00e0 son militantisme pour les int\u00e9r\u00eats des Roms et oppose \u00e0 leurs repr\u00e9sentations st\u00e9r\u00e9otyp\u00e9es un langage visuel nouveau et affirm\u00e9.<\/p>\n","protected":false},"excerpt":{"rendered":"Dans ses \u00ab\u00a0peintures\u00a0\u00bb textiles, l&rsquo;artiste polonaise Ma\u0142gorzata Mirga-Tas relie le pass\u00e9 et le pr\u00e9sent et raconte des histoires&hellip;\n","protected":false},"author":2,"featured_media":557828,"comment_status":"","ping_status":"","sticky":false,"template":"","format":"standard","meta":{"footnotes":""},"categories":[1358],"tags":[1348,1384,1385,1386,58,59,1011,27],"class_list":{"0":"post-557827","1":"post","2":"type-post","3":"status-publish","4":"format-standard","5":"has-post-thumbnail","7":"category-arts-et-design","8":"tag-arts","9":"tag-arts-and-design","10":"tag-arts-et-design","11":"tag-design","12":"tag-divertissement","13":"tag-entertainment","14":"tag-fr","15":"tag-france"},"share_on_mastodon":{"url":"https:\/\/pubeurope.com\/@fr\/115610871615586049","error":""},"_links":{"self":[{"href":"https:\/\/www.europesays.com\/fr\/wp-json\/wp\/v2\/posts\/557827","targetHints":{"allow":["GET"]}}],"collection":[{"href":"https:\/\/www.europesays.com\/fr\/wp-json\/wp\/v2\/posts"}],"about":[{"href":"https:\/\/www.europesays.com\/fr\/wp-json\/wp\/v2\/types\/post"}],"author":[{"embeddable":true,"href":"https:\/\/www.europesays.com\/fr\/wp-json\/wp\/v2\/users\/2"}],"replies":[{"embeddable":true,"href":"https:\/\/www.europesays.com\/fr\/wp-json\/wp\/v2\/comments?post=557827"}],"version-history":[{"count":0,"href":"https:\/\/www.europesays.com\/fr\/wp-json\/wp\/v2\/posts\/557827\/revisions"}],"wp:featuredmedia":[{"embeddable":true,"href":"https:\/\/www.europesays.com\/fr\/wp-json\/wp\/v2\/media\/557828"}],"wp:attachment":[{"href":"https:\/\/www.europesays.com\/fr\/wp-json\/wp\/v2\/media?parent=557827"}],"wp:term":[{"taxonomy":"category","embeddable":true,"href":"https:\/\/www.europesays.com\/fr\/wp-json\/wp\/v2\/categories?post=557827"},{"taxonomy":"post_tag","embeddable":true,"href":"https:\/\/www.europesays.com\/fr\/wp-json\/wp\/v2\/tags?post=557827"}],"curies":[{"name":"wp","href":"https:\/\/api.w.org\/{rel}","templated":true}]}}