{"id":557833,"date":"2025-11-25T14:47:27","date_gmt":"2025-11-25T14:47:27","guid":{"rendered":"https:\/\/www.europesays.com\/fr\/557833\/"},"modified":"2025-11-25T14:47:27","modified_gmt":"2025-11-25T14:47:27","slug":"pan-distribution-enrichit-son-line-up","status":"publish","type":"post","link":"https:\/\/www.europesays.com\/fr\/557833\/","title":{"rendered":"Pan Distribution enrichit son line-up"},"content":{"rendered":"<p>                                <a href=\"https:\/\/www.boxofficepro.fr\/wp-content\/uploads\/sites\/2\/2025\/11\/Fille-dans-les-nuages-e1764056604671.jpg\" target=\"_blank\" rel=\"noopener nofollow\"><img width=\"600\" height=\"344\" src=\"https:\/\/www.europesays.com\/fr\/wp-content\/uploads\/2025\/11\/Fille-dans-les-nuages-e1764056604671-600x344.jpg\" class=\"attachment-mobile size-mobile wp-post-image\" alt=\"\" decoding=\"async\" fetchpriority=\"high\"  \/><\/a><br \/>\n                                La Fille dans les nuages                             <\/p>\n<p><strong>Quatre nouveaux films sont dat\u00e9s en 2026 par la soci\u00e9t\u00e9 de Philippe Godeau.<\/strong><\/p>\n<p>Apr\u00e8s L\u2019Infiltr\u00e9e, le premier film d\u2019Ahmed Sylla, en comp\u00e9tition au Festival de l\u2019Alpe d\u2019Huez et en salles le 11 f\u00e9vrier, Pan Distribution sortira <strong>Cinque Secondi<\/strong><strong> <\/strong>de Paolo Virzi, le 6 mai 2026. Port\u00e9 par Galatea Bellugi, Valeria Bruni Tedeschi et Valerio Mastandrea, ce drame familial se situe dans la campagne toscane, o\u00f9 un homme vit reclus dans une villa en ruines. Jusqu\u2019au jour o\u00f9 d\u00e9barque un groupe de jeunes dipl\u00f4m\u00e9s qui veulent reprendre l\u00e0 des vignobles abandonn\u00e9s.<\/p>\n<p><strong>La fille dans les nuages<\/strong>,<strong> <\/strong>film d\u2019animation<strong> <\/strong>de Philippe Riche, est annonc\u00e9 pour le 22 juillet. Cette adaptation du livre \u00ab\u00a0La petite fille qui avait aval\u00e9 un nuage grand comme la Tour Eiffel\u00a0\u00bb de Romain Pu\u00e9rtolas, peint les aventures magiques d\u2019une jeune Parisienne, qui rencontre l\u2019auteur des romans jeunesse dont elle est fan. Avec les voix de Louane, Jamel Debbouze et Gr\u00e9goire Ludig.<\/p>\n<p><strong>Kraken<\/strong> de Theo Jourdain et Mohamed Chabane est dat\u00e9 au 30 septembre. Actuellement en tournage, ce film d\u2019horreur est <a href=\"https:\/\/www.boxofficepro.fr\/n9ne-studio-annonce-ses-premieres-productions\/\" target=\"_blank\" rel=\"noreferrer noopener\">la premi\u00e8re production cin\u00e9ma de N9NE Studio<\/a>. Il met en sc\u00e8ne le rappeur Gazo, aux c\u00f4t\u00e9s d\u2019Alexis Manenti, Manon Bresch et Alassane Diong.<\/p>\n<p><strong>Badinter<\/strong> de Pierre Godeau sera en salles le 11 novembre 2026. Un biopic sur Robert Badinter et son combat pour l\u2019abolition de la peine de mort, par le r\u00e9alisateur de Raoul Taburin et Sous le vent des Marquises, et incarn\u00e9 par J\u00e9r\u00e9mie Renier.<\/p>\n<p>Trois autres sorties, pour l\u2019heure \u201c<strong>Untitled<\/strong>\u201d, sont pr\u00e9vues par la Pan les 10 juin, 26 ao\u00fbt et 16 septembre 2026.<\/p>\n<p>                                <a href=\"https:\/\/www.boxofficepro.fr\/wp-content\/uploads\/sites\/2\/2025\/11\/Fille-dans-les-nuages-e1764056604671.jpg\" target=\"_blank\" rel=\"noopener nofollow\"><img width=\"600\" height=\"344\" src=\"https:\/\/www.europesays.com\/fr\/wp-content\/uploads\/2025\/11\/Fille-dans-les-nuages-e1764056604671-600x344.jpg\" class=\"attachment-mobile size-mobile wp-post-image\" alt=\"\" decoding=\"async\" fetchpriority=\"high\"  \/><\/a><br \/>\n                                La Fille dans les nuages                             <\/p>\n","protected":false},"excerpt":{"rendered":"La Fille dans les nuages Quatre nouveaux films sont dat\u00e9s en 2026 par la soci\u00e9t\u00e9 de Philippe Godeau.&hellip;\n","protected":false},"author":2,"featured_media":557834,"comment_status":"","ping_status":"","sticky":false,"template":"","format":"standard","meta":{"footnotes":""},"categories":[1354],"tags":[58,59,1346,1011,27,1360],"class_list":{"0":"post-557833","1":"post","2":"type-post","3":"status-publish","4":"format-standard","5":"has-post-thumbnail","7":"category-films","8":"tag-divertissement","9":"tag-entertainment","10":"tag-films","11":"tag-fr","12":"tag-france","13":"tag-movies"},"share_on_mastodon":{"url":"https:\/\/pubeurope.com\/@fr\/115610888376930433","error":""},"_links":{"self":[{"href":"https:\/\/www.europesays.com\/fr\/wp-json\/wp\/v2\/posts\/557833","targetHints":{"allow":["GET"]}}],"collection":[{"href":"https:\/\/www.europesays.com\/fr\/wp-json\/wp\/v2\/posts"}],"about":[{"href":"https:\/\/www.europesays.com\/fr\/wp-json\/wp\/v2\/types\/post"}],"author":[{"embeddable":true,"href":"https:\/\/www.europesays.com\/fr\/wp-json\/wp\/v2\/users\/2"}],"replies":[{"embeddable":true,"href":"https:\/\/www.europesays.com\/fr\/wp-json\/wp\/v2\/comments?post=557833"}],"version-history":[{"count":0,"href":"https:\/\/www.europesays.com\/fr\/wp-json\/wp\/v2\/posts\/557833\/revisions"}],"wp:featuredmedia":[{"embeddable":true,"href":"https:\/\/www.europesays.com\/fr\/wp-json\/wp\/v2\/media\/557834"}],"wp:attachment":[{"href":"https:\/\/www.europesays.com\/fr\/wp-json\/wp\/v2\/media?parent=557833"}],"wp:term":[{"taxonomy":"category","embeddable":true,"href":"https:\/\/www.europesays.com\/fr\/wp-json\/wp\/v2\/categories?post=557833"},{"taxonomy":"post_tag","embeddable":true,"href":"https:\/\/www.europesays.com\/fr\/wp-json\/wp\/v2\/tags?post=557833"}],"curies":[{"name":"wp","href":"https:\/\/api.w.org\/{rel}","templated":true}]}}