{"id":557841,"date":"2025-11-25T14:51:15","date_gmt":"2025-11-25T14:51:15","guid":{"rendered":"https:\/\/www.europesays.com\/fr\/557841\/"},"modified":"2025-11-25T14:51:15","modified_gmt":"2025-11-25T14:51:15","slug":"un-magasin-fait-une-enorme-erreur-et-veut-recuperer-les-ipad-vendus","status":"publish","type":"post","link":"https:\/\/www.europesays.com\/fr\/557841\/","title":{"rendered":"un magasin fait une \u00e9norme erreur et veut r\u00e9cup\u00e9rer les iPad vendus"},"content":{"rendered":"<p>\u00c0 la suite d\u2019une erreur de prix, le g\u00e9ant de l\u2019\u00e9lectronique MediaWorld a vendu des iPad pour 15 euros. Certains clients sont repartis avec leur tablette, avant de recevoir un message de l\u2019enseigne.<\/p>\n<p>D\u00e9but novembre, une promotion \u00e9tonnante est apparue sur le site italien du magasin d\u2019\u00e9lectronique MediaWorld. Les d\u00e9tenteurs de sa carte fid\u00e9lit\u00e9 pouvaient commander <a href=\"https:\/\/www.01net.com\/tests\/test-ipad-air-2024-un-air-de-pro-la-vie-en-grand.html\" target=\"_blank\" rel=\"noopener\">un iPad Air de 13 pouces<\/a> (avec puce M3) pour <strong>15 euros au lieu de 869 euros (784 euros en promotion)<\/strong>, un prix qui semblait improbable pour <a href=\"https:\/\/www.01net.com\/guide-achat\/apple-ipad-quel-modele-choisir-selon-vos-besoins-et-votre-budget-1655391.html\" target=\"_blank\" rel=\"noopener\">une tablette Apple<\/a>, m\u00eame si le doute \u00e9tait permis en pleine p\u00e9riode de <a href=\"https:\/\/www.01net.com\/bons-plans\/black-friday-amazon-soyez-radin-7-offres-mega-xl-a-saisir-ce-lundi-soir.html?mrfhud=true\" target=\"_blank\" rel=\"noopener\">Black Friday<\/a>. Des clients ont donc pass\u00e9 commande, pay\u00e9 en magasin et r\u00e9cup\u00e9r\u00e9 leur produit sans encombre. Ce n\u2019est que onze jours plus tard que l\u2019enseigne est revenue vers eux en \u00e9voquant une \u00ab\u00a0erreur manifeste\u00a0\u00bb.<\/p>\n<p> Rendre les iPad ou payer la diff\u00e9rence <\/p>\n<p>D\u2019apr\u00e8s les t\u00e9moignages publi\u00e9s sur Reddit, les commandes ont \u00e9t\u00e9 valid\u00e9es, les emails de confirmation envoy\u00e9s, le paiement encaiss\u00e9 en magasin et les <strong>iPad Air<\/strong> remis aux clients. Pour les acheteurs, tout semblait donc parfaitement l\u00e9gitime.<\/p>\n<p>Mais onze jours plus tard, MediaWorld envoie un email pour expliquer que le prix affich\u00e9 \u00e9tait \u00ab\u00a0clairement incorrect\u00a0\u00bb \u00e0 cause d\u2019un probl\u00e8me technique. L\u2019enseigne propose alors deux options aux clients concern\u00e9s\u00a0: garder l\u2019iPad, en r\u00e9glant la diff\u00e9rence entre les 15 euros pay\u00e9s et le prix promotionnel r\u00e9el, avec une r\u00e9duction suppl\u00e9mentaire de 150 euros, ou rendre le produit et r\u00e9cup\u00e9rer les 15 euros, accompagn\u00e9s d\u2019un bon d\u2019achat de 20 euros.<\/p>\n<p> <img loading=\"lazy\" decoding=\"async\" class=\"size-full wp-image-1311047\" src=\"https:\/\/www.europesays.com\/fr\/wp-content\/uploads\/2025\/11\/mail-client-mediaworld.jpg\" alt=\"Mail Client Mediaworld\" width=\"1290\" height=\"1732\"  \/>Le mail (en italien) re\u00e7u par un client de MediaWorld ayant achet\u00e9 un des iPad en promotion. \u2013 Source\u00a0: Reddit <\/p>\n<p>MediaWorld a confirm\u00e9 \u00e0 nos confr\u00e8res de WIRED qu\u2019un \u00ab\u00a0bug exceptionnel\u00a0\u00bb aurait affich\u00e9 des tarifs totalement d\u00e9connect\u00e9s du march\u00e9. L\u2019entreprise affirme vouloir pr\u00e9server une relation \u00ab\u00a0transparente et \u00e9quitable\u00a0\u00bb avec ses clients et rappelle qu\u2019elle a choisi d\u2019offrir deux solutions plut\u00f4t que d\u2019appliquer le Code civil italien de fa\u00e7on stricte.<\/p>\n<p> Les clients sont-ils dans leur bon droit\u00a0? <\/p>\n<p data-start=\"2579\" data-end=\"2997\">Plusieurs avocats rappellent que l\u2019Article 1428 du droit italien pr\u00e9voit l\u2019annulation d\u2019un contrat si l\u2019erreur est fondamentale et reconnaissable. Mais selon l\u2019avocat Massimiliano Dona, ce n\u2019est pas aussi simple. Le mail envoy\u00e9 le 19 novembre n\u2019a rien d\u2019une mise en demeure. C\u2019est une invitation \u00e0 accepter l\u2019une des deux propositions, et MediaWorld devra ensuite d\u00e9cider d\u2019aller plus loin ou non.<\/p>\n<p data-start=\"2999\" data-end=\"3447\">Pour annuler un contrat, il faut en effet d\u00e9montrer que le client savait qu\u2019il profitait d\u2019une erreur. Et, selon l\u2019avocat, ce n\u2019est pas parce que la remise \u00e9tait proche de 98\u00a0% que l\u2019erreur \u00e9tait \u00e9vidente. Les prix sont devenus beaucoup plus volatils avec les ventes flash, les jeux-concours et les promotions pendant le Black Friday. Un client peut donc croire \u00e0 une strat\u00e9gie marketing agressive, surtout s\u2019il a l\u2019habitude de voir des offres temporaires.<\/p>\n<p data-start=\"3449\" data-end=\"3837\">L\u2019avocat souligne aussi que MediaWorld devra \u00e9valuer chaque cas. Une personne qui ach\u00e8te un iPad pour elle pourrait ne pas avoir identifi\u00e9 l\u2019erreur. Quelqu\u2019un qui en commande cinq pour les revendre montre au contraire une intention diff\u00e9rente et une meilleure conscience du prix r\u00e9el. Toute la question repose donc sur la possibilit\u00e9 ou non de reconna\u00eetre l\u2019erreur au moment de l\u2019achat.<\/p>\n<p data-start=\"3839\" data-end=\"4105\">\u00c0 ce stade, la situation n\u2019est pas encore r\u00e9gl\u00e9e. Les produits ont \u00e9t\u00e9 vendus, le paiement accept\u00e9 et la r\u00e9cup\u00e9ration faite en magasin, mais MediaWorld demande de faire machine arri\u00e8re. Le d\u00e9bat juridique tourne d\u00e9sormais autour de la capacit\u00e9 des clients \u00e0 avoir identifi\u00e9 ou non l\u2019erreur. Si vous avez d\u00e9j\u00e0 \u00e9t\u00e9 confront\u00e9 \u00e0 une situation similaire, n\u2019h\u00e9sitez pas \u00e0 nous partager votre exp\u00e9rience en commentaire.<\/p>\n<p>         iPad Air M3 11&Prime; 128 Go Wi-Fi au meilleur prix         Prix de base\u00a0: 719\u00a0\u20ac      <\/p>\n<p>          Voir plus d&rsquo;offres     <\/p>\n<p>         iPad Air M3 13&Prime; 128 Go Wi-Fi au meilleur prix         Prix de base\u00a0: 969\u00a0\u20ac      <\/p>\n<p>          Voir plus d&rsquo;offres     <\/p>\n<blockquote style=\"border:1px solid grey;border-radius:8px;\">\n<p class=\"text-base text-neutral-700 dark:text-neutral-300\" style=\"color:grey;\">\ud83d\udc49\ud83c\udffb Suivez l\u2019actualit\u00e9 tech en temps r\u00e9el\u00a0: ajoutez 01net \u00e0 vos sources sur <a href=\"https:\/\/news.google.com\/publications\/CAAqBwgKMJPsvAswoIfUAw?hl=fr&amp;gl=FR&amp;ceid=FR%3Afr\" target=\"_blank\" rel=\"noopener\">Google Actualit\u00e9s<\/a>, abonnez-vous \u00e0 notre canal <a href=\"https:\/\/whatsapp.com\/channel\/0029VaH5gKg6xCSG9nQQhQ1Z\" target=\"_blank\" rel=\"noopener\">WhatsApp<\/a> ou suivez-nous en vid\u00e9o sur <a href=\"https:\/\/www.tiktok.com\/@01net.com\" target=\"_blank\" rel=\"noopener\">TikTok<\/a>.<\/p>\n<\/blockquote>\n<p class=\"post-source text-right text-sm opacity-70 not-prose\">\n            Source :<br \/>\n            <a href=\"https:\/\/www.wired.it\/article\/mediaworld-vende-per-errore-ipad-15-euro-e-chiede-restituzione\/\" target=\"_blank\" rel=\"noopener\" class=\"italic\"><br \/>\n              Wired<br \/>\n            <\/a>\n          <\/p>\n<p>              <script async src=\"\/\/www.tiktok.com\/embed.js\"><\/script><\/p>\n","protected":false},"excerpt":{"rendered":"\u00c0 la suite d\u2019une erreur de prix, le g\u00e9ant de l\u2019\u00e9lectronique MediaWorld a vendu des iPad pour 15&hellip;\n","protected":false},"author":2,"featured_media":557842,"comment_status":"","ping_status":"","sticky":false,"template":"","format":"standard","meta":{"footnotes":""},"categories":[7],"tags":[1011,27,8214,18426,43,40,41,39,42,44],"class_list":{"0":"post-557841","1":"post","2":"type-post","3":"status-publish","4":"format-standard","5":"has-post-thumbnail","7":"category-sciences-et-technologies","8":"tag-fr","9":"tag-france","10":"tag-ipad","11":"tag-ipad-air","12":"tag-science","13":"tag-science-and-technology","14":"tag-sciences","15":"tag-sciences-et-technologies","16":"tag-technologies","17":"tag-technology"},"share_on_mastodon":{"url":"https:\/\/pubeurope.com\/@fr\/115610904606567406","error":""},"_links":{"self":[{"href":"https:\/\/www.europesays.com\/fr\/wp-json\/wp\/v2\/posts\/557841","targetHints":{"allow":["GET"]}}],"collection":[{"href":"https:\/\/www.europesays.com\/fr\/wp-json\/wp\/v2\/posts"}],"about":[{"href":"https:\/\/www.europesays.com\/fr\/wp-json\/wp\/v2\/types\/post"}],"author":[{"embeddable":true,"href":"https:\/\/www.europesays.com\/fr\/wp-json\/wp\/v2\/users\/2"}],"replies":[{"embeddable":true,"href":"https:\/\/www.europesays.com\/fr\/wp-json\/wp\/v2\/comments?post=557841"}],"version-history":[{"count":0,"href":"https:\/\/www.europesays.com\/fr\/wp-json\/wp\/v2\/posts\/557841\/revisions"}],"wp:featuredmedia":[{"embeddable":true,"href":"https:\/\/www.europesays.com\/fr\/wp-json\/wp\/v2\/media\/557842"}],"wp:attachment":[{"href":"https:\/\/www.europesays.com\/fr\/wp-json\/wp\/v2\/media?parent=557841"}],"wp:term":[{"taxonomy":"category","embeddable":true,"href":"https:\/\/www.europesays.com\/fr\/wp-json\/wp\/v2\/categories?post=557841"},{"taxonomy":"post_tag","embeddable":true,"href":"https:\/\/www.europesays.com\/fr\/wp-json\/wp\/v2\/tags?post=557841"}],"curies":[{"name":"wp","href":"https:\/\/api.w.org\/{rel}","templated":true}]}}