{"id":557845,"date":"2025-11-25T14:53:12","date_gmt":"2025-11-25T14:53:12","guid":{"rendered":"https:\/\/www.europesays.com\/fr\/557845\/"},"modified":"2025-11-25T14:53:12","modified_gmt":"2025-11-25T14:53:12","slug":"qui-fait-encore-le-service-militaire-en-europe","status":"publish","type":"post","link":"https:\/\/www.europesays.com\/fr\/557845\/","title":{"rendered":"Qui fait encore le service militaire en Europe\u00a0?"},"content":{"rendered":"<p>Sa \u00ab\u00a0seule obsession\u00a0\u00bb, c\u2019est de montrer la force de la France. <a href=\"https:\/\/www.20minutes.fr\/politique\/emmanuel-macron\/\" class=\"c-link c-link--is-underlined\" target=\"_blank\" rel=\"noopener\">Emmanuel Macron<\/a> a donc promis ce mardi sur RTL qu\u2019il allait s\u2019exprimer prochainement sur le <a href=\"https:\/\/www.20minutes.fr\/societe\/4187575-20251124-comme-allemagne-macron-va-annoncer-jeudi-service-militaire-volontaire\" class=\"c-link c-link--is-underlined\" target=\"_blank\" rel=\"noopener\">r\u00e9tablissement d\u2019un service militaire<\/a>, ou non, dans le pays face \u00e0 <a href=\"https:\/\/www.20minutes.fr\/societe\/4186780-20251120-pret-accepter-perdre-enfants-discours-chef-etat-major-menace-russe-met-feu-poudres\" class=\"c-link c-link--is-underlined\" target=\"_blank\" rel=\"noopener\">la \u00ab\u00a0menace\u00a0\u00bb russe<\/a>.<\/p>\n<p>Le chef de l\u2019\u00c9tat a confirm\u00e9 qu\u2019il pr\u00e9ciserait jeudi \u00ab\u00a0la transformation du service national universel vers une nouvelle forme\u00a0\u00bb, sans fournir plus de pr\u00e9cisions. En attendant d\u2019en savoir plus, 20 Minutes fait le point sur le <a href=\"https:\/\/www.20minutes.fr\/dossier\/service_militaire\" class=\"c-link c-link--is-underlined\" target=\"_blank\" rel=\"noopener\">service militaire<\/a> en <a href=\"https:\/\/www.20minutes.fr\/dossier\/europe\" class=\"c-link c-link--is-underlined\" target=\"_blank\" rel=\"noopener\">Europe<\/a> et les diff\u00e9rentes formes mises en place dans chaque pays.<\/p>\n<p>Ceux qui ont conserv\u00e9 le service obligatoire<\/p>\n<p>Danemark, Finlande, Norv\u00e8ge, Estonie, Gr\u00e8ce, Chypre, Autriche et Suisse. Ce sont les pays europ\u00e9ens qui ont maintenu un service militaire obligatoire, sous diff\u00e9rentes formes. Au Danemark, par exemple, il a \u00e9t\u00e9 rallong\u00e9 l\u2019an dernier, passant de 4 \u00e0 11 mois. Il est \u00e9galement devenu obligatoire pour les femmes le 1er\u00a0juillet. La Norv\u00e8ge a aussi d\u00e9cid\u00e9 en\u00a02013 de rendre le service militaire de 12 mois obligatoire pour les femmes comme pour les hommes, au nom de <a href=\"https:\/\/www.20minutes.fr\/societe\/4135798-20250127-inegalites-hommes-femmes-resorbent-trop-lentement-etat-pointe-doigt\" class=\"c-link c-link--is-underlined\" target=\"_blank\" rel=\"noopener\">l\u2019\u00e9galit\u00e9 des sexes<\/a>.<\/p>\n<\/p>\n<p>Dans de nombreux pays, le service militaire est toutefois volontaire pour les femmes comme en Finlande, en Estonie, en Gr\u00e8ce ou encore \u00e0 Chypre. D\u2019autres pays europ\u00e9ens avaient fait le choix d\u2019abandonner cette obligatoire pour les citoyens mais sont revenus en arri\u00e8re. C\u2019est notamment le cas de la Su\u00e8de, la Lettonie, la Lituanie ou la Croatie.<\/p>\n<p>Des services militaires volontaires<\/p>\n<p>Beaucoup offrent le choix aux citoyens, hommes ou femmes, de faire leur service militaire comme en Pologne, en Roumanie, en Bulgarie ou aux Pays-Bas. En Allemagne, o\u00f9 la conscription a \u00e9t\u00e9 suspendue en\u00a02011, la coalition au pouvoir a trouv\u00e9 un compromis pour \u00e9tablir un service militaire volontaire afin de renforcer une arm\u00e9e en manque de recrues. Le projet de loi doit \u00eatre vot\u00e9 en d\u00e9cembre. L\u2019objectif est de recruter 20.000 volontaires en\u00a02026.<\/p>\n<p>La France suivra-t-elle l\u2019exemple\u00a0? Le service a \u00e9t\u00e9 suspendu en\u00a01997, mais il existe un service militaire adapt\u00e9 (SMA) en outre-mer et un service militaire volontaire (SMV) en m\u00e9tropole, qui sont en r\u00e9alit\u00e9 pens\u00e9s comme des dispositifs de formation et d\u2019insertion dans l\u2019emploi. Le <a href=\"https:\/\/www.20minutes.fr\/societe\/4109905-20240913-service-national-universel-pourquoi-cour-comptes-tacle-severement-dispositif\" class=\"c-link c-link--is-underlined\" target=\"_blank\" rel=\"noopener\">service national universel<\/a> (SNU), lanc\u00e9 en\u00a02019 \u00e0 destination des jeunes de 15 \u00e0 17 ans, est lui civil et comprend un s\u00e9jour de coh\u00e9sion suivi de deux semaines de mission d\u2019int\u00e9r\u00eat g\u00e9n\u00e9ral. Mais il n\u2019a jamais trouv\u00e9 son rythme de croisi\u00e8re.<\/p>\n","protected":false},"excerpt":{"rendered":"Sa \u00ab\u00a0seule obsession\u00a0\u00bb, c\u2019est de montrer la force de la France. Emmanuel Macron a donc promis ce mardi&hellip;\n","protected":false},"author":2,"featured_media":557846,"comment_status":"","ping_status":"","sticky":false,"template":"","format":"standard","meta":{"footnotes":""},"categories":[5],"tags":[47,11,1813,1073,1011,27,131,14,3579,74,12,132,29810,53516,28],"class_list":{"0":"post-557845","1":"post","2":"type-post","3":"status-publish","4":"format-standard","5":"has-post-thumbnail","7":"category-international","8":"tag-actualite","9":"tag-actualites","10":"tag-armee","11":"tag-emmanuel-macron","12":"tag-fr","13":"tag-france","14":"tag-guerre-en-ukraine","15":"tag-international","16":"tag-militaire","17":"tag-monde","18":"tag-news","19":"tag-russie","20":"tag-service-militaire","21":"tag-service-national-universel","22":"tag-world"},"share_on_mastodon":{"url":"https:\/\/pubeurope.com\/@fr\/115610911127019115","error":""},"_links":{"self":[{"href":"https:\/\/www.europesays.com\/fr\/wp-json\/wp\/v2\/posts\/557845","targetHints":{"allow":["GET"]}}],"collection":[{"href":"https:\/\/www.europesays.com\/fr\/wp-json\/wp\/v2\/posts"}],"about":[{"href":"https:\/\/www.europesays.com\/fr\/wp-json\/wp\/v2\/types\/post"}],"author":[{"embeddable":true,"href":"https:\/\/www.europesays.com\/fr\/wp-json\/wp\/v2\/users\/2"}],"replies":[{"embeddable":true,"href":"https:\/\/www.europesays.com\/fr\/wp-json\/wp\/v2\/comments?post=557845"}],"version-history":[{"count":0,"href":"https:\/\/www.europesays.com\/fr\/wp-json\/wp\/v2\/posts\/557845\/revisions"}],"wp:featuredmedia":[{"embeddable":true,"href":"https:\/\/www.europesays.com\/fr\/wp-json\/wp\/v2\/media\/557846"}],"wp:attachment":[{"href":"https:\/\/www.europesays.com\/fr\/wp-json\/wp\/v2\/media?parent=557845"}],"wp:term":[{"taxonomy":"category","embeddable":true,"href":"https:\/\/www.europesays.com\/fr\/wp-json\/wp\/v2\/categories?post=557845"},{"taxonomy":"post_tag","embeddable":true,"href":"https:\/\/www.europesays.com\/fr\/wp-json\/wp\/v2\/tags?post=557845"}],"curies":[{"name":"wp","href":"https:\/\/api.w.org\/{rel}","templated":true}]}}