{"id":557849,"date":"2025-11-25T14:55:16","date_gmt":"2025-11-25T14:55:16","guid":{"rendered":"https:\/\/www.europesays.com\/fr\/557849\/"},"modified":"2025-11-25T14:55:16","modified_gmt":"2025-11-25T14:55:16","slug":"lannonce-choc-dauchan-300-supermarches-bientot-sous-enseigne-intermarche-ou-netto","status":"publish","type":"post","link":"https:\/\/www.europesays.com\/fr\/557849\/","title":{"rendered":"L\u2019annonce choc d\u2019Auchan\u00a0: 300 supermarch\u00e9s bient\u00f4t sous enseigne Intermarch\u00e9 ou Netto"},"content":{"rendered":"<p class=\"paragraph text_align_left lp-f-body-02\">C\u2019est une <a href=\"https:\/\/www.leparisien.fr\/economie\/consommation\/on-a-ete-abandonnes-ces-anciens-magasins-casino-dont-les-grandes-enseignes-ne-veulent-plus-16-07-2025-BIT5PPXI55FALMJHXM4ZR7N34Q.php\" target=\"_self\" rel=\"noopener\">nouvelle valse annonc\u00e9e des enseignes dans la grande distribution<\/a>. \u00c0 l\u2019horizon fin 2026, la quasi-totalit\u00e9 des supermarch\u00e9s Auchan fran\u00e7ais, Corse except\u00e9e, pourraient arborer l\u2019enseigne Intermarch\u00e9 ou Netto. 294 magasins, d\u2019un format de 400 \u00e0 2500 m2, sont concern\u00e9s. Le groupe nordiste a pr\u00e9sent\u00e9 ce mardi matin aux \u00e9lus du personnel un projet de \u00ab coop\u00e9ration \u00bb d\u00e9crit comme \u00ab innovant \u00bb, avec le groupement Les Mousquetaires. Il ne s\u2019agit pas d\u2019une vente, mais d\u2019une forme in\u00e9dite de franchise.<\/p>\n<p class=\"paragraph text_align_left lp-f-body-02\">Ces magasins seraient &#8211; une fois recueilli l\u2019avis de l\u2019Autorit\u00e9 de la concurrence, et au terme d\u2019une information-consultation des repr\u00e9sentants du personnel &#8211; transf\u00e9r\u00e9s au sein d\u2019une soci\u00e9t\u00e9 autonome sur un plan juridique, mais restant li\u00e9e au groupe Auchan.<\/p>\n<p class=\"paragraph text_align_left lp-f-body-02\">Le projet concerne 261 supermarch\u00e9s int\u00e9gr\u00e9s (g\u00e9r\u00e9s directement par l\u2019enseigne), mais aussi 33 \u00e9tablissements d\u00e9j\u00e0 aux mains de g\u00e9rants en franchise. \u00ab On va dialoguer avec ces derniers \u00bb, indique Guillaume Darrasse, directeur g\u00e9n\u00e9ral d\u2019Auchan Retail.<\/p>\n<p class=\"paragraph text_align_left lp-f-body-02\">Les points de vente passeraient alors sous la banni\u00e8re d\u2019Intermarch\u00e9 ou Netto, en franchise, et les clients y trouveraient les marques propres \u00e0 ces enseignes.<\/p>\n<p>\u00ab Ce mouvement doit nous permettre de revenir dans la course \u00bb<\/p>\n<p class=\"paragraph text_align_left lp-f-body-02\">L\u2019op\u00e9ration permettrait, selon Guillaume Darrasse, de \u00ab gagner plus de six points de comp\u00e9titivit\u00e9 prix, au profit du consommateur \u00bb. L\u2019entit\u00e9 cr\u00e9\u00e9e pour exploiter en franchise les supermarch\u00e9s continuerait alors \u00e0 percevoir le chiffre d\u2019affaires des magasins (estim\u00e9 aujourd\u2019hui \u00e0 3,3 milliards d\u2019euros), tandis qu\u2019Intermarch\u00e9 gagnerait en parts de march\u00e9. D\u2019apr\u00e8s Guillaume Darrasse, le parc des supermarch\u00e9s Auchan repr\u00e9sente aujourd\u2019hui environ 2 % de parts de march\u00e9. Au global, l\u2019enseigne en totalise 8,6 % (selon l\u2019institut Worldpanel, ex-Kantar), et se classe \u00e0 la 5e place des acteurs de la grande distribution en France, talonn\u00e9e de pr\u00e8s par Lidl (7,8 %).<\/p>\n<p><img decoding=\"async\" class=\"image \" loading=\"lazy\" src=\"https:\/\/www.europesays.com\/fr\/wp-content\/uploads\/2025\/11\/SMSZLSN5VVEYHJQBTXX6ND7UCE.jpg\" alt=\"\" align=\"\" data-rubrique-principale=\"\" data-article-type=\"\" fetchpriority=\"auto\"\/><\/p>\n<p class=\"paragraph text_align_left lp-f-body-02\">\u00ab Ce mouvement doit nous permettre de revenir dans la course, d\u2019amener de la performance sur le supermarch\u00e9, et de concentrer nos efforts sur les hypermarch\u00e9s, que 9 clients sur dix continuent de fr\u00e9quenter en France \u00bb, explique Guillaume Darrasse.<\/p>\n<p class=\"paragraph text_align_left lp-f-body-02\">Ce dernier y voit aussi le renforcement d\u2019une \u00ab alliance \u00bb entre Auchan et Intermarch\u00e9 &#8211; qui disposent depuis 2024 d\u2019une centrale d\u2019achats commune Aura Retail, et sont tous deux parties prenantes des centrales europ\u00e9ennes Epic et Everest. Les deux enseignes ont \u00e9galement en commun d\u2019avoir acquis une partie des supermarch\u00e9s et hypermarch\u00e9s Casino : Auchan avait mis la main sur 98 magasins, mais <a href=\"https:\/\/www.leparisien.fr\/economie\/consommation\/on-a-ete-abandonnes-ces-anciens-magasins-casino-dont-les-grandes-enseignes-ne-veulent-plus-16-07-2025-BIT5PPXI55FALMJHXM4ZR7N34Q.php\" target=\"_self\" rel=\"noopener\">en a d\u00e9j\u00e0 c\u00e9d\u00e9 19 au discounteur Lidl<\/a>.<\/p>\n<p class=\"paragraph text_align_left lp-f-body-02\">Du c\u00f4t\u00e9 du groupement Les Mousquetaires, 3e acteur de la grande distribution, avec 17,7 % de parts de march\u00e9 d\u00e9but octobre (toujours selon Worldpanel), l\u2019op\u00e9ration pourrait permettre de toucher du doigt, d\u2019ici 2028, <a href=\"https:\/\/www.leparisien.fr\/economie\/consommation\/casino-colruyt-linsatiable-appetit-du-geant-de-la-grande-distribution-intermarche-19-06-2025-53GPKLQ2KJBKPEEBJUUOKCP65U.php\" target=\"_self\" rel=\"noopener\">les 20 % de parts de march\u00e9 esp\u00e9r\u00e9es, par son pr\u00e9sident Thierry Cotillard<\/a>. Celui-ci salue, par voie de communiqu\u00e9, une \u00e9tape qui \u00ab renforcera nos enseignes sur les formats de proximit\u00e9 \u00bb, apr\u00e8s une succession d\u2019op\u00e9rations de rachat. Le groupement d\u2019ind\u00e9pendants avait acquis 294 supermarch\u00e9s et hypermarch\u00e9s Casino en 2023 et 2024 (dont une trentaine ont finalement baiss\u00e9 le rideau) et il a depuis \u00e9galement absorb\u00e9 81 magasins Colruyt dans l\u2019est de la France, revendiquant d\u00e9sormais un point de vente tous les 10 km.<\/p>\n<p>Un plan social en cours<\/p>\n<p class=\"paragraph text_align_left lp-f-body-02\">Mais l\u2019annonce soul\u00e8ve pour l\u2019heure l\u2019inqui\u00e9tude et la r\u00e9volte parmi le personnel d\u2019Auchan et ses repr\u00e9sentants alors que 11 400 salari\u00e9s sont concern\u00e9s par ce changement de pavillon. Jean Pastor, d\u00e9l\u00e9gu\u00e9 CGT, exprime \u00ab de la col\u00e8re \u00bb : \u00ab Beaucoup de questions restent sans r\u00e9ponse : que deviennent les magasins d\u00e9j\u00e0 franchis\u00e9s ? Que se passera-t-il si, pour des raisons de concurrence, des supermarch\u00e9s ne peuvent pas passer sous enseigne Intermarch\u00e9 ? \u00bb<\/p>\n<p class=\"paragraph text_align_left lp-f-body-02\">De son c\u00f4t\u00e9, Franck Martinaud, d\u00e9l\u00e9gu\u00e9 FO Auchan Retail, pointe un d\u00e9tail qui n\u2019en est pas un : \u00ab Il s\u2019agirait d\u2019un transfert des contrats de travail dans une nouvelle structure. Les salari\u00e9s perdraient les acquis n\u00e9goci\u00e9s au sein du groupe Auchan : mutuelle, pr\u00e9voyance, participation, int\u00e9ressement\u2026 Et si des magasins ne peuvent passer Intermarch\u00e9, la direction a \u00e9t\u00e9 tr\u00e8s claire : elle n\u2019exploitera plus de supermarch\u00e9s sous l\u2019enseigne Auchan. Nous demandons une garantie de l\u2019emploi, et un maintien des avantages sociaux. \u00bb<\/p>\n<p class=\"paragraph text_align_left lp-f-body-02\">Sujet sensible dans un contexte social particulier : <a href=\"https:\/\/www.leparisien.fr\/economie\/le-groupe-auchan-compte-annoncer-un-projet-de-plan-social-dampleur-ce-mardi-04-11-2024-2LANV5KOJNCO5DNGEWI3RZB7OY.php\" target=\"_self\" rel=\"noopener\">l\u2019enseigne a mis en \u0153uvre, courant 2025, un plan social<\/a> devant aboutir \u00e0 la suppression de pr\u00e8s de 2400 postes. Fin septembre,<a href=\"https:\/\/www.leparisien.fr\/economie\/auchan-le-pse-prevoyant-la-suppression-de-plus-de-2-000-postes-annule-par-le-tribunal-23-09-2025-A2CZ7CFJNVGDVLBJAUYSSIK3BQ.php\" target=\"_self\" rel=\"noopener\"> le tribunal administratif de Lille (Nord) a invalid\u00e9 ce plan<\/a>, une d\u00e9cision dont Auchan a fait appel. L\u2019enseigne a par ailleurs engag\u00e9 un plan de transformation d\u2019une vingtaine de ses hypermarch\u00e9s (117 magasins) &#8211; les travaux devraient se terminer pour la moiti\u00e9 d\u2019entre eux en janvier prochain.<\/p>\n","protected":false},"excerpt":{"rendered":"C\u2019est une nouvelle valse annonc\u00e9e des enseignes dans la grande distribution. \u00c0 l\u2019horizon fin 2026, la quasi-totalit\u00e9 des&hellip;\n","protected":false},"author":2,"featured_media":557850,"comment_status":"","ping_status":"","sticky":false,"template":"","format":"standard","meta":{"footnotes":""},"categories":[2],"tags":[11,130,33,1011,27,12],"class_list":{"0":"post-557849","1":"post","2":"type-post","3":"status-publish","4":"format-standard","5":"has-post-thumbnail","7":"category-actualites","8":"tag-actualites","9":"tag-consommation","10":"tag-economie","11":"tag-fr","12":"tag-france","13":"tag-news"},"share_on_mastodon":{"url":"https:\/\/pubeurope.com\/@fr\/115610919453874227","error":""},"_links":{"self":[{"href":"https:\/\/www.europesays.com\/fr\/wp-json\/wp\/v2\/posts\/557849","targetHints":{"allow":["GET"]}}],"collection":[{"href":"https:\/\/www.europesays.com\/fr\/wp-json\/wp\/v2\/posts"}],"about":[{"href":"https:\/\/www.europesays.com\/fr\/wp-json\/wp\/v2\/types\/post"}],"author":[{"embeddable":true,"href":"https:\/\/www.europesays.com\/fr\/wp-json\/wp\/v2\/users\/2"}],"replies":[{"embeddable":true,"href":"https:\/\/www.europesays.com\/fr\/wp-json\/wp\/v2\/comments?post=557849"}],"version-history":[{"count":0,"href":"https:\/\/www.europesays.com\/fr\/wp-json\/wp\/v2\/posts\/557849\/revisions"}],"wp:featuredmedia":[{"embeddable":true,"href":"https:\/\/www.europesays.com\/fr\/wp-json\/wp\/v2\/media\/557850"}],"wp:attachment":[{"href":"https:\/\/www.europesays.com\/fr\/wp-json\/wp\/v2\/media?parent=557849"}],"wp:term":[{"taxonomy":"category","embeddable":true,"href":"https:\/\/www.europesays.com\/fr\/wp-json\/wp\/v2\/categories?post=557849"},{"taxonomy":"post_tag","embeddable":true,"href":"https:\/\/www.europesays.com\/fr\/wp-json\/wp\/v2\/tags?post=557849"}],"curies":[{"name":"wp","href":"https:\/\/api.w.org\/{rel}","templated":true}]}}