{"id":557853,"date":"2025-11-25T14:58:13","date_gmt":"2025-11-25T14:58:13","guid":{"rendered":"https:\/\/www.europesays.com\/fr\/557853\/"},"modified":"2025-11-25T14:58:13","modified_gmt":"2025-11-25T14:58:13","slug":"apres-casino-et-auchan-ce-supermarche-pres-de-saint-etienne-va-changer-denseigne","status":"publish","type":"post","link":"https:\/\/www.europesays.com\/fr\/557853\/","title":{"rendered":"Apr\u00e8s Casino et Auchan, ce supermarch\u00e9 pr\u00e8s de Saint-Etienne va changer d&rsquo;enseigne"},"content":{"rendered":"<p>                    Par<br \/>\n        <strong><br \/>\n            <a href=\"https:\/\/actu.fr\/auteur\/mathias-souteyrat\" title=\"Consulter tous les articles de Mathias Souteyrat\" target=\"_blank\" rel=\"noopener\">Mathias Souteyrat<\/a><br \/>\n                    <\/strong><\/p>\n<p>        Publi\u00e9 le<\/p>\n<p>            25 nov. 2025 \u00e0 15h52        <\/p>\n<p>Le groupe de grande distribution <a href=\"https:\/\/actu.fr\/economie\/bientot-la-fin-d-auchan-en-france-ses-300-magasins-changent-d-enseigne-voici-ce-qu-ils-deviendront_63484437.html\" target=\"_blank\" rel=\"noopener\">Auchan<\/a> a annonc\u00e9 que l\u2019ensemble de ses 300 supermarch\u00e9s en France m\u00e9tropolitaine (hors Corse) vont passer en franchise sous banni\u00e8re du groupement les Mousquetaires, devenant des magasins <a href=\"https:\/\/actu.fr\/tag\/intermarche\" target=\"_blank\" rel=\"noopener\">Intermarch\u00e9<\/a> ou Netto. \u00ab\u2009Ce projet est soumis \u00e0 l\u2019autorisation pr\u00e9alable des autorit\u00e9s de la concurrence comp\u00e9tentes et pourrait prendre effet fin 2026\u2009\u00bb, pr\u00e9cise Auchan dans un communiqu\u00e9 ce 25\u00a0novembre 2025.<\/p>\n<p>Les salari\u00e9s et fonds de commerce restent propri\u00e9t\u00e9s d\u2019Auchan<\/p>\n<p class=\" wall-content\">\u00ab\u2009Auchan Retail, en cr\u00e9ant une entit\u00e9 juridique d\u00e9di\u00e9e, exploiterait en franchise ses supermarch\u00e9s sous la banni\u00e8re Intermarch\u00e9 et Netto\u2009\u00bb, pr\u00e9cise le communiqu\u00e9, selon lequel il s\u2019agit d\u2019une \u00ab\u2009\u00e9volution majeure\u2009\u00bb du partenariat strat\u00e9gique initi\u00e9 en 2024 entre Auchan Retail et Intermarch\u00e9.<\/p>\n<p class=\" wall-content\">\u00ab\u00a0Les fonds de commerce, l\u2019immobilier restent propri\u00e9t\u00e9s d\u2019Auchan, les salari\u00e9s restent des salari\u00e9s d\u2019Auchan, et on travaillera sous enseigne Intermarch\u00e9, qui nous livrera les marchandises, la politique commerciale, le concept magasin et qui approvisionnera les magasins.\u00a0\u00bb<\/p>\n<p>Auchan Saint-Galmier devrait basculer<\/p>\n<p class=\" wall-content\">D\u2019apr\u00e8s le site Internet d\u2019Auchan, un supermarch\u00e9 est concern\u00e9 par cette bascule dans la Loire\u2009:<\/p>\n<ul class=\" wall-content\">\n<li>Auchan Supermarch\u00e9 Saint Galmier, Richelande<\/li>\n<\/ul>\n<p class=\" wall-content\">Les services drive et click &amp; collect associ\u00e9s \u00e0 ce magasin passeraient \u00e9galement sous banni\u00e8re Intermarch\u00e9 ou Netto.<\/p>\n<p class=\" wall-content\">Appartenant auparavant au <strong>Groupe Casino<\/strong>, le magasin de Saint-Galmier \u00e9tait pass\u00e9 sous pavillon Auchan le 1er\u00a0juillet 2024.<\/p>\n<p>Votre r\u00e9gion, votre actu !<\/p>\n<p>Recevez chaque jour les infos qui comptent pour vous.<\/p>\n<p>\t<a href=\"https:\/\/actu.fr\/newsletter\" class=\"ac-btn ac-btn--corner ac-btn--medium ac-btn--blue800\" target=\"_blank\" rel=\"noopener\">S&rsquo;incrire<\/a><br \/>\nLes hypermarch\u00e9s restent Auchan<\/p>\n<p class=\" wall-content\">De son c\u00f4t\u00e9, Auchan, qui avait pari\u00e9 en 2024 sur la reprise de pr\u00e8s de cent magasins Casino, vient de c\u00e9der 19 magasins \u00e0 Lidl, dont neuf faisaient partie des supermarch\u00e9s repris \u00e0 l\u2019enseigne st\u00e9phanoise.<\/p>\n<p class=\" wall-content\">Les hypermarch\u00e9s ne seraient pas concern\u00e9s par ce passage en franchise<\/p>\n<p class=\" wall-content\">Fin 2026, il ne pourrait donc rester trois hypermarch\u00e9s Auchan sur le territoire\u2009: les magasins de Saint-\u00c9tienne<strong> Centre Deux<\/strong>,<a href=\"https:\/\/actu.fr\/auvergne-rhone-alpes\/saint-etienne_42218\/casino-monthieu-devient-auchan-ce-que-l-on-sait-du-nouveau-supermarche_60984259.html\" target=\"_blank\" rel=\"noopener\"> Monthieu<\/a> et <strong>Villars<\/strong> Porte Du Forez.<\/p>\n<p class=\" wall-content\">Personnalisez votre actualit\u00e9 en ajoutant vos villes et m\u00e9dias en favori avec <a href=\"https:\/\/moncompte.actu.fr\" title=\"D\u00e9couvez Mon Actu\" rel=\"nofollow noopener\" data-trk=\"{&quot;cta&quot;:{&quot;action&quot;:&quot;https:\\\/\\\/moncompte.actu.fr&quot;,&quot;category&quot;:&quot;mon compte&quot;,&quot;from&quot;:&quot;article footer&quot;,&quot;name&quot;:&quot;Mon actu&quot;,&quot;type&quot;:&quot;cta&quot;}}\" target=\"_blank\">Mon Actu<\/a>.<\/p>\n","protected":false},"excerpt":{"rendered":"Par Mathias Souteyrat Publi\u00e9 le 25 nov. 2025 \u00e0 15h52 Le groupe de grande distribution Auchan a annonc\u00e9&hellip;\n","protected":false},"author":2,"featured_media":557854,"comment_status":"","ping_status":"","sticky":false,"template":"","format":"standard","meta":{"footnotes":""},"categories":[9653],"tags":[1111,11,14474,2430,33,1777,674,1011,27,2529,32679,12,25,4001],"class_list":{"0":"post-557853","1":"post","2":"type-post","3":"status-publish","4":"format-standard","5":"has-post-thumbnail","7":"category-saint-etienne","8":"tag-actu","9":"tag-actualites","10":"tag-auchan","11":"tag-auvergne-rhone-alpes","12":"tag-economie","13":"tag-eu","14":"tag-europe","15":"tag-fr","16":"tag-france","17":"tag-intermarche","18":"tag-netto","19":"tag-news","20":"tag-republique-francaise","21":"tag-saint-etienne"},"share_on_mastodon":{"url":"https:\/\/pubeurope.com\/@fr\/115610930723456170","error":""},"_links":{"self":[{"href":"https:\/\/www.europesays.com\/fr\/wp-json\/wp\/v2\/posts\/557853","targetHints":{"allow":["GET"]}}],"collection":[{"href":"https:\/\/www.europesays.com\/fr\/wp-json\/wp\/v2\/posts"}],"about":[{"href":"https:\/\/www.europesays.com\/fr\/wp-json\/wp\/v2\/types\/post"}],"author":[{"embeddable":true,"href":"https:\/\/www.europesays.com\/fr\/wp-json\/wp\/v2\/users\/2"}],"replies":[{"embeddable":true,"href":"https:\/\/www.europesays.com\/fr\/wp-json\/wp\/v2\/comments?post=557853"}],"version-history":[{"count":0,"href":"https:\/\/www.europesays.com\/fr\/wp-json\/wp\/v2\/posts\/557853\/revisions"}],"wp:featuredmedia":[{"embeddable":true,"href":"https:\/\/www.europesays.com\/fr\/wp-json\/wp\/v2\/media\/557854"}],"wp:attachment":[{"href":"https:\/\/www.europesays.com\/fr\/wp-json\/wp\/v2\/media?parent=557853"}],"wp:term":[{"taxonomy":"category","embeddable":true,"href":"https:\/\/www.europesays.com\/fr\/wp-json\/wp\/v2\/categories?post=557853"},{"taxonomy":"post_tag","embeddable":true,"href":"https:\/\/www.europesays.com\/fr\/wp-json\/wp\/v2\/tags?post=557853"}],"curies":[{"name":"wp","href":"https:\/\/api.w.org\/{rel}","templated":true}]}}