{"id":557861,"date":"2025-11-25T15:04:16","date_gmt":"2025-11-25T15:04:16","guid":{"rendered":"https:\/\/www.europesays.com\/fr\/557861\/"},"modified":"2025-11-25T15:04:16","modified_gmt":"2025-11-25T15:04:16","slug":"cinq-blesses-dont-un-dans-un-etat-grave","status":"publish","type":"post","link":"https:\/\/www.europesays.com\/fr\/557861\/","title":{"rendered":"cinq bless\u00e9s dont un dans un \u00e9tat grave"},"content":{"rendered":"<p>                    Par<br \/>\n        <strong><br \/>\n            <a href=\"https:\/\/actu.fr\/auteur\/jm-aubert\" title=\"Consulter tous les articles de Jean-Marc Aubert\" target=\"_blank\" rel=\"noopener\">Jean-Marc Aubert<\/a><br \/>\n                    <\/strong><\/p>\n<p>        Publi\u00e9 le<\/p>\n<p>            25 nov. 2025 \u00e0 14h54<br \/>\n        ; mis \u00e0 jour le 25 nov. 2025 \u00e0 15h01    <\/p>\n<p><strong>Violente collision<\/strong> entre deux voitures, ce lundi soir, \u00e0 <strong>Montpellier.<\/strong> Bilan : cinq bless\u00e9s dont un dans un \u00e9tat grave.<\/p>\n<p class=\" wall-content\">L\u2019accident s\u2019est produit vers 21h15, sur l\u2019avenue Justice de Castelnau, au niveau de la station de tramway de la cit\u00e9 de Montasinos. \u00c0 un carrefour, deux voitures sont violemment entr\u00e9es en collision.<\/p>\n<p>    <a href=\"https:\/\/www.google.com\/maps\/embed?pb=!1m18!1m12!1m3!1d3986.446866362592!2d3.8824809646853393!3d43.625996718348404!2m3!1f0!2f0!3f0!3m2!1i1024!2i768!4f13.1!3m3!1m2!1s0x12b6af15b5f0bc1d%3A0x7d1e80cb6fccfe27!2sAv.%20de%20la%20Justice%20de%20Castelnau!5e0!3m2!1sfr!2sfr!4v1764077500379!5m2!1sfr!2sfr\" title=\"Ouvrie le lien\" target=\"_blank\" rel=\"noopener\">Cliquez ici pour visualiser le contenu<\/a><\/p>\n<p class=\" wall-content\">Plusieurs ambulances, un m\u00e9decin et un fourgon de secours routier ont notamment \u00e9t\u00e9 d\u00e9p\u00each\u00e9s par le <strong>Sdis 34<\/strong> pour secourir les cinq occupants des deux v\u00e9hicules. L\u2019un d\u2019eux atteint d\u2019une fracture du col du f\u00e9mur a \u00e9t\u00e9 transport\u00e9 aux urgences de l\u2019h\u00f4pital Lapeyronie dans un \u00e9tat jug\u00e9 grave. Conscient, il a \u00e9t\u00e9 admis au d\u00e9partement anesth\u00e9sie r\u00e9animation, DAR A. Tous sont \u00e2g\u00e9s de 17 et 18 ans.<\/p>\n<p class=\" wall-content\">Les sapeurs-pompiers ont \u00e9vacu\u00e9 les quatre autres avec des blessures l\u00e9g\u00e8res. Les <strong>policiers<\/strong> de la brigade des accidents du commissariat central sont charg\u00e9s de l\u2019enqu\u00eate, visant \u00e0 \u00e9tablir les circonstances exactes de ce grave accident, qui a perturb\u00e9 la circulation pendant l\u2019op\u00e9ration de secours et l\u2019enl\u00e8vement des v\u00e9hicules endommag\u00e9s par le choc.<\/p>\n<p class=\" wall-content\">Personnalisez votre actualit\u00e9 en ajoutant vos villes et m\u00e9dias en favori avec <a href=\"https:\/\/moncompte.actu.fr\" title=\"D\u00e9couvez Mon Actu\" rel=\"nofollow noopener\" data-trk=\"{&quot;cta&quot;:{&quot;action&quot;:&quot;https:\\\/\\\/moncompte.actu.fr&quot;,&quot;category&quot;:&quot;mon compte&quot;,&quot;from&quot;:&quot;article footer&quot;,&quot;name&quot;:&quot;Mon actu&quot;,&quot;type&quot;:&quot;cta&quot;}}\" target=\"_blank\">Mon Actu<\/a>.<\/p>\n","protected":false},"excerpt":{"rendered":"Par Jean-Marc Aubert Publi\u00e9 le 25 nov. 2025 \u00e0 14h54 ; mis \u00e0 jour le 25 nov. 2025&hellip;\n","protected":false},"author":2,"featured_media":557862,"comment_status":"","ping_status":"","sticky":false,"template":"","format":"standard","meta":{"footnotes":""},"categories":[9599],"tags":[1111,11,15154,1777,674,118,1011,27,2208,12,2680,1072,1311,25],"class_list":{"0":"post-557861","1":"post","2":"type-post","3":"status-publish","4":"format-standard","5":"has-post-thumbnail","7":"category-montpellier","8":"tag-actu","9":"tag-actualites","10":"tag-chu-de-montpellier","11":"tag-eu","12":"tag-europe","13":"tag-faits-divers","14":"tag-fr","15":"tag-france","16":"tag-montpellier","17":"tag-news","18":"tag-occitanie","19":"tag-police","20":"tag-pompiers","21":"tag-republique-francaise"},"share_on_mastodon":{"url":"https:\/\/pubeurope.com\/@fr\/115610954295904538","error":""},"_links":{"self":[{"href":"https:\/\/www.europesays.com\/fr\/wp-json\/wp\/v2\/posts\/557861","targetHints":{"allow":["GET"]}}],"collection":[{"href":"https:\/\/www.europesays.com\/fr\/wp-json\/wp\/v2\/posts"}],"about":[{"href":"https:\/\/www.europesays.com\/fr\/wp-json\/wp\/v2\/types\/post"}],"author":[{"embeddable":true,"href":"https:\/\/www.europesays.com\/fr\/wp-json\/wp\/v2\/users\/2"}],"replies":[{"embeddable":true,"href":"https:\/\/www.europesays.com\/fr\/wp-json\/wp\/v2\/comments?post=557861"}],"version-history":[{"count":0,"href":"https:\/\/www.europesays.com\/fr\/wp-json\/wp\/v2\/posts\/557861\/revisions"}],"wp:featuredmedia":[{"embeddable":true,"href":"https:\/\/www.europesays.com\/fr\/wp-json\/wp\/v2\/media\/557862"}],"wp:attachment":[{"href":"https:\/\/www.europesays.com\/fr\/wp-json\/wp\/v2\/media?parent=557861"}],"wp:term":[{"taxonomy":"category","embeddable":true,"href":"https:\/\/www.europesays.com\/fr\/wp-json\/wp\/v2\/categories?post=557861"},{"taxonomy":"post_tag","embeddable":true,"href":"https:\/\/www.europesays.com\/fr\/wp-json\/wp\/v2\/tags?post=557861"}],"curies":[{"name":"wp","href":"https:\/\/api.w.org\/{rel}","templated":true}]}}