{"id":557867,"date":"2025-11-25T15:07:27","date_gmt":"2025-11-25T15:07:27","guid":{"rendered":"https:\/\/www.europesays.com\/fr\/557867\/"},"modified":"2025-11-25T15:07:27","modified_gmt":"2025-11-25T15:07:27","slug":"dossier-special-nouvelle-ligne-t5","status":"publish","type":"post","link":"https:\/\/www.europesays.com\/fr\/557867\/","title":{"rendered":"Dossier sp\u00e9cial nouvelle ligne T5"},"content":{"rendered":"<p>Mise en service le 29 novembre 2025, la T5, la nouvelle ligne TEOR propose un lien suppl\u00e9mentaire entre les deux rives du fleuve. Connect\u00e9e \u00e0 l&rsquo;ensemble du r\u00e9seau Astuce, la T5 a vocation \u00e0 r\u00e9pondre \u00e0 des besoins de mobilit\u00e9 pr\u00e9sents et \u00e0 anticiper les besoins \u00e0 venir notamment sur le quartier Flaubert dont la population ne va cesser de cro\u00eetre \u00e0 l&rsquo;horizon 2035. La T5 est aussi un atout majeur pour desservir des sites aussi importants que la Cit\u00e9 administrative qui concentre 1 700 emplois. \u00c0 plus long terme, la ligne T5 accompagnera la mise en service de la nouvelle gare sur la rive gauche et le renouveau de l&rsquo;ensemble du quartier Saint-Sever. Globalement, la T5, c\u2019est une solution nouvelle pour mieux se d\u00e9placer dans la m\u00e9tropole, am\u00e9liorer la qualit\u00e9 de l\u2019air et contribuer \u00e0 atteindre la neutralit\u00e9 carbone en 2050.<\/p>\n<p>Un chantier \u00e9co-responsable<\/p>\n<p>                          <img decoding=\"async\" loading=\"lazy\" src=\"https:\/\/www.europesays.com\/fr\/wp-content\/uploads\/2025\/11\/AA_251112_Rouen T5\u00a9A_Aubry-Metropole Rouen Normandie_0007-PSD.jpg\" width=\"1600\" height=\"1067\" alt=\"Ligne T5\"\/><\/p>\n<p>Pour respecter les engagements de la M\u00e9tropole en faveur de la transition social-\u00e9cologique, la construction de la ligne T5a rempli plusieurs obligations. D&rsquo;abord, des clauses sociales int\u00e9gr\u00e9es aux march\u00e9s de travaux imposaient aux entreprises retenues sur les chantiers de r\u00e9server une partie des heures de travail \u00e0 une action d&rsquo;insertion professionnelle. Au total, 12 168 heures ont \u00e9t\u00e9 r\u00e9alis\u00e9es par les entreprises en faveur du retour \u00e0 l&#8217;emploi.<br \/>Ensuite, un maximum de mat\u00e9riaux et de mobilier a \u00e9t\u00e9 valoris\u00e9 et recycl\u00e9.<br \/>L&rsquo;objectif atteint \u00e9tait de limiter l&rsquo;impact carbone de ce chantier de construction de la ligne T5 qui permet dor\u00e9navant \u00e0 des bus \u00e9lectriques d&rsquo;assurer leur mission de transport en commun dans le respect de l&rsquo;environnement.<\/p>\n<p>4 raisons d&rsquo;utiliser la T5<\/p>\n<p>Aux heures de pointe alors que les fr\u00e9quences sont d\u00e9j\u00e0 au maximum et que le nombre d&rsquo;\u00e9tudiants est en forte croissance sur cette ligne en particulier \u00e0 Mont-Saint-Aignan.<\/p>\n<p>V\u00e9ritable n\u0153ud de correspondance du r\u00e9seau Astuce en permettant des liaisons directes et rapides entre les deux rives de la Seine. Ainsi, la liaison entre les campus du Madrillet et de Mont-Saint-Aignan pourra s&rsquo;effectuer via la T4 et\/ou le tramway avec une correspondance \u00e0 Joffre-Mutualit\u00e9 ou \u00e0 Orl\u00e9ans pour r\u00e9cup\u00e9rer la T5, sans passer par le centre-ville.<\/p>\n<p>En lien avec d&rsquo;autres lignes TEOR et l&rsquo;\u00e9quipement parking-relais P+R.<\/p>\n<p>La future nouvelle gare Saint-Sever, le quartier Flaubert embl\u00e9matique du renouveau de la rive gauche et le futur Centre des congr\u00e8s.\u00a0<\/p>\n<p>                      Odyss\u00e9e de l&rsquo;espace public<\/p>\n<p>La cr\u00e9ation de la ligne T5 a permis d&rsquo;am\u00e9nager de nouvelles voies de mobilit\u00e9, de redonner de la place aux modes de d\u00e9placement doux, d&rsquo;apaiser et de s\u00e9curiser l&rsquo;espace public.<\/p>\n<p>                          <img decoding=\"async\" loading=\"lazy\" src=\"https:\/\/www.europesays.com\/fr\/wp-content\/uploads\/2025\/11\/AA_250806_Rouen boulevard d'Orleans T5\u00a9A_Aubry-Metropole Rouen Normandie_0019-Panorama.jpg\" width=\"1600\" height=\"1463\" alt=\"boulevard Orleans\"\/><\/p>\n<ol>\n<li>Sur le boulevard d&rsquo;Orl\u00e9ans, les trottoirs ont \u00e9t\u00e9 \u00e9largis et des espaces de vie ont \u00e9t\u00e9 cr\u00e9\u00e9s avec des tables et des assises. Les acc\u00e8s aux \u00e9coles \u00e9l\u00e9mentaire et maternelle Anne-Sylvestre et Les Fabulettes, ainsi qu&rsquo;\u00e0 l&rsquo;\u00e9cole de musique, ont \u00e9t\u00e9 s\u00e9curis\u00e9s avec un parvis et des places arr\u00eat minute ont \u00e9t\u00e9 am\u00e9nag\u00e9es rue Poret-de-Blosseville.<\/li>\n<li>La cr\u00e9ation d&rsquo;une piste cyclable bilat\u00e9rale entre le pont Flaubert et la place Carnot permet aujourd&rsquo;hui aux cyclistes d&#8217;emprunter cet axe en toute s\u00e9curit\u00e9. Partout o\u00f9 cela \u00e9tait possible, des espaces ont \u00e9t\u00e9 rendus \u00e0 la nature.<\/li>\n<li>Des travaux de renouvellement des r\u00e9seaux d&rsquo;eau potable et de r\u00e9habilitation des r\u00e9seaux d&rsquo;assainissement ont \u00e9t\u00e9 r\u00e9alis\u00e9s sur le boulevard d&rsquo;Orl\u00e9ans et sur le Cours Clemenceau. Au total, ce sont pr\u00e8s de 5 km de r\u00e9seau d&rsquo;eau et d&rsquo;assainissement qui ont \u00e9t\u00e9 renouvel\u00e9s et r\u00e9habilit\u00e9s, y compris par des techniques sans tranch\u00e9es moins impactantes pour l&rsquo;environnement, \u00e0 chaque fois que cela \u00e9tait possible.<\/li>\n<li>Pas de ligne T5 sans le pont Niki-de-Saint-Phalle. Cet ouvrage d&rsquo;art en acier, b\u00e9ton et bois, d&rsquo;une longueur de 80m, relie l&rsquo;avenue Jean-Rondeaux au quartier Flaubert. Cette infrastructure, essentielle pour le passage de la T5, favorise toutes les mobilit\u00e9s y compris pour les pi\u00e9tons, les cyclistes et les automobilistes.<\/li>\n<\/ol>\n<ul class=\"row list-unstyled dark-leaning-bg position-relative field field--name-field-chiffrescles field--type-entity-reference-revisions field--label-hidden field__items\" data-component-id=\"metropole2025:field\">\n<li class=\"field field__item col col-12 mb-4 col-md-4 mb-md-0\">\n<p>12<\/p>\n<p>le nombre de stations que compte la ligne T5, dont 5 nouvelles.<\/p>\n<\/li>\n<li class=\"field field__item col col-12 mb-4 col-md-4 mb-md-0\">\n<p>25<\/p>\n<p>minutes, le temps que mettent les bus TEOR pour relier les deux terminus.<\/p>\n<\/li>\n<li class=\"field field__item col col-12 mb-4 col-md-4 mb-md-0\">\n<p>18 000<\/p>\n<p>voyageurs attendus chaque jour sur la ligne T5.<\/p>\n<\/li>\n<\/ul>\n<p>2 questions \u00e0 Cyrille Moreau<\/p>\n<p>                          <img decoding=\"async\" loading=\"lazy\" src=\"https:\/\/www.europesays.com\/fr\/wp-content\/uploads\/2025\/11\/AA_MRN_20-07-15_MOREAU Cyrille_0002.jpg\" width=\"1600\" height=\"1600\" alt=\"Cyrille Moreau\"\/><\/p>\n<p>Cyrille Moreau<\/p>\n<p><strong>Vice-Pr\u00e9sident en charge des transports, des mobilit\u00e9s d&rsquo;avenir et des modes actifs de d\u00e9placement.<\/strong><\/p>\n<p><strong>Comment la T5 s&rsquo;inscrit-elle dans le r\u00e9seau Astuce ?<\/strong><br \/>La ligne T5 est bien une nouveaut\u00e9 mais elle s&rsquo;inscrit dans le mouvement initi\u00e9 en 2022 o\u00f9 il s&rsquo;agissait de passer d&rsquo;un r\u00e9seau en \u00e9toile \u00e0 un r\u00e9seau en grille avec des parall\u00e8les est-ouest et nord-sud pour \u00e9viter aux usagers de passer syst\u00e9matiquement en centre-ville. La T5 appartient \u00e0 cette logique de d\u00e9veloppement et de d\u00e9ploiement de lignes nouvelles comme la T4 en 2019.<\/p>\n<p><strong>Quel r\u00f4le joue la T5 ?<\/strong><br \/>C&rsquo;est d&rsquo;abord une solution suppl\u00e9mentaire de mobilit\u00e9, \u00e9conomique et accessible \u00e0 tous et qui permet d&rsquo;am\u00e9liorer la qualit\u00e9 de l&rsquo;air. C&rsquo;est aussi une reconnexion entre les deux rives du fleuve qui contribue \u00e0 l&rsquo;am\u00e9nagement du territoire. \u00c0 long terme, la T5 sera connect\u00e9e au p\u00f4le de centralit\u00e9 des transports collectifs que sera la nouvelle gare rive gauche Saint-Sever.<\/p>\n","protected":false},"excerpt":{"rendered":"Mise en service le 29 novembre 2025, la T5, la nouvelle ligne TEOR propose un lien suppl\u00e9mentaire entre&hellip;\n","protected":false},"author":2,"featured_media":557868,"comment_status":"","ping_status":"","sticky":false,"template":"","format":"standard","meta":{"footnotes":""},"categories":[9587],"tags":[1111,11,1777,674,1011,27,12,5161,25,9590],"class_list":{"0":"post-557867","1":"post","2":"type-post","3":"status-publish","4":"format-standard","5":"has-post-thumbnail","7":"category-rouen","8":"tag-actu","9":"tag-actualites","10":"tag-eu","11":"tag-europe","12":"tag-fr","13":"tag-france","14":"tag-news","15":"tag-normandie","16":"tag-republique-francaise","17":"tag-rouen"},"share_on_mastodon":{"url":"https:\/\/pubeurope.com\/@fr\/115610966958585466","error":""},"_links":{"self":[{"href":"https:\/\/www.europesays.com\/fr\/wp-json\/wp\/v2\/posts\/557867","targetHints":{"allow":["GET"]}}],"collection":[{"href":"https:\/\/www.europesays.com\/fr\/wp-json\/wp\/v2\/posts"}],"about":[{"href":"https:\/\/www.europesays.com\/fr\/wp-json\/wp\/v2\/types\/post"}],"author":[{"embeddable":true,"href":"https:\/\/www.europesays.com\/fr\/wp-json\/wp\/v2\/users\/2"}],"replies":[{"embeddable":true,"href":"https:\/\/www.europesays.com\/fr\/wp-json\/wp\/v2\/comments?post=557867"}],"version-history":[{"count":0,"href":"https:\/\/www.europesays.com\/fr\/wp-json\/wp\/v2\/posts\/557867\/revisions"}],"wp:featuredmedia":[{"embeddable":true,"href":"https:\/\/www.europesays.com\/fr\/wp-json\/wp\/v2\/media\/557868"}],"wp:attachment":[{"href":"https:\/\/www.europesays.com\/fr\/wp-json\/wp\/v2\/media?parent=557867"}],"wp:term":[{"taxonomy":"category","embeddable":true,"href":"https:\/\/www.europesays.com\/fr\/wp-json\/wp\/v2\/categories?post=557867"},{"taxonomy":"post_tag","embeddable":true,"href":"https:\/\/www.europesays.com\/fr\/wp-json\/wp\/v2\/tags?post=557867"}],"curies":[{"name":"wp","href":"https:\/\/api.w.org\/{rel}","templated":true}]}}