{"id":557869,"date":"2025-11-25T15:08:11","date_gmt":"2025-11-25T15:08:11","guid":{"rendered":"https:\/\/www.europesays.com\/fr\/557869\/"},"modified":"2025-11-25T15:08:11","modified_gmt":"2025-11-25T15:08:11","slug":"les-magasins-concernes-en-isere","status":"publish","type":"post","link":"https:\/\/www.europesays.com\/fr\/557869\/","title":{"rendered":"les magasins concern\u00e9s en Is\u00e8re"},"content":{"rendered":"<p>                    Par<br \/>\n        <strong><br \/>\n            <a href=\"https:\/\/actu.fr\/auteur\/lisa-rodrigues\" title=\"Consulter tous les articles de Lisa Rodrigues\" target=\"_blank\" rel=\"noopener\">Lisa Rodrigues<\/a><br \/>\n                    <\/strong><\/p>\n<p>        Publi\u00e9 le<\/p>\n<p>            25 nov. 2025 \u00e0 15h35        <\/p>\n<p>L\u2019annonce est tomb\u00e9e en milieu de journ\u00e9e, mardi 25 novembre. Le groupe de grande distribution <strong>Auchan<\/strong> a annonc\u00e9 que l\u2019ensemble de ses supermarch\u00e9s en France m\u00e9tropolitaine (hors Corse) vont passer sous banni\u00e8re du groupement les Mousquetaires, devenant des magasins Intermarch\u00e9 ou Netto.<\/p>\n<p class=\" wall-content\">\u00ab\u00a0Ce projet est soumis \u00e0 l\u2019autorisation pr\u00e9alable des autorit\u00e9s de la concurrence comp\u00e9tentes et <strong>pourrait prendre effet fin 2026<\/strong>\u00ab\u00a0, pr\u00e9cise Auchan dans un communiqu\u00e9.<\/p>\n<p class=\" wall-content\">En <a href=\"https:\/\/actu.fr\/auvergne-rhone-alpes\/isere_38\" target=\"_blank\" rel=\"noopener\">Is\u00e8re<\/a>, plusieurs magasins sont concern\u00e9s.<\/p>\n<p>La liste des supermarch\u00e9s concern\u00e9s<\/p>\n<p class=\" wall-content\">D\u2019apr\u00e8s le site internet d\u2019Auchan, <strong>huit supermarch\u00e9s<\/strong> sont actuellement en activit\u00e9 en Is\u00e8re, dont trois \u00e0 <a href=\"https:\/\/actu.fr\/auvergne-rhone-alpes\/grenoble_38185\" target=\"_blank\" rel=\"noopener\">Grenoble<\/a> :<\/p>\n<ul class=\" wall-content\">\n<li>Grenoble Stalingrad<\/li>\n<li>Grenoble Foch<\/li>\n<li>Grenoble Vigny-Musset<\/li>\n<li>Crolles<\/li>\n<li>Le Versoud<\/li>\n<li>Saint-Jean-de-Bournay<\/li>\n<li>Villefontaine<\/li>\n<li>V\u00e9zeronce-Curtin.\u00a0<\/li>\n<\/ul>\n<p class=\" wall-content\">Les services drive et click &amp; collect associ\u00e9s \u00e0 ces huit magasins passeraient \u00e9galement sous banni\u00e8re Intermarch\u00e9 ou Netto. Une \u00ab\u00a0tr\u00e8s grande majorit\u00e9\u00a0\u00bb des supermarch\u00e9s deviendraient toutefois des Intermarch\u00e9, avancent les Mousquetaires \u00e0 actu Grenoble.<\/p>\n<p>Un hypermarch\u00e9 maintenu<\/p>\n<p class=\" wall-content\">Si ces changements d\u2019enseigne venaient \u00e0 \u00eatre valid\u00e9s par les autorit\u00e9s, Auchan dispara\u00eetrait presque compl\u00e8tement du paysage is\u00e9rois, alors que le groupe avait <a href=\"https:\/\/actu.fr\/economie\/casino-pourrait-supprimer-jusqu-a-3-200-emplois-apres-le-plan-de-sauvegarde_60987553.html\" target=\"_blank\" rel=\"noopener\">repris en 2024 les enseignes Casino<\/a> en Is\u00e8re\u2026 Aux c\u00f4t\u00e9s d\u2019Intermarch\u00e9.<\/p>\n<p>Votre r\u00e9gion, votre actu !<\/p>\n<p>Recevez chaque jour les infos qui comptent pour vous.<\/p>\n<p>\t<a href=\"https:\/\/actu.fr\/newsletter\" class=\"ac-btn ac-btn--corner ac-btn--medium ac-btn--blue800\" target=\"_blank\" rel=\"noopener\">S&rsquo;incrire<\/a><\/p>\n<p class=\" wall-content\">Fin 2026, il ne pourrait donc rester qu\u2019un magasin Auchan sur le territoire : <strong>l\u2019hypermarch\u00e9 de Fontaine<\/strong>, au nord de Grenoble, avec son service de drive.<\/p>\n<p>    <a href=\"https:\/\/www.google.com\/maps\/embed?pb=!1m18!1m12!1m3!1d22491.460858792816!2d5.640418797144638!3d45.198580725990304!2m3!1f0!2f0!3f0!3m2!1i1024!2i768!4f13.1!3m3!1m2!1s0x478af3005201051f%3A0xe1e0d7ded0559a51!2sAuchan%20Hypermarch%C3%A9%20Fontaine!5e0!3m2!1sfr!2sfr!4v1764079398600!5m2!1sfr!2sfr\" title=\"Ouvrie le lien\" target=\"_blank\" rel=\"noopener\">Cliquez ici pour visualiser le contenu<\/a><\/p>\n<p>D\u00e9j\u00e0 deux magasins pass\u00e9s chez Lidl<\/p>\n<p class=\" wall-content\">D\u2019apr\u00e8s les informations d\u2019actu Grenoble, les salari\u00e9s des magasins Auchan concern\u00e9s par le transfert vers Intermarch\u00e9 et Netto <strong>resteraient employ\u00e9s par Auchan<\/strong>, via une \u00ab\u00a0nouvelle structure juridique autonome\u00a0\u00bb qui va \u00eatre cr\u00e9\u00e9e.\u00a0<\/p>\n<p class=\" wall-content\">Contact\u00e9e, la direction d\u2019Auchan n\u2019a pas encore donn\u00e9 suite \u00e0 nos demandes de pr\u00e9cisions sur le sujet.\u00a0<\/p>\n<p class=\" wall-content\">L\u2019annonce intervient alors qu\u2019Auchan a annonc\u00e9 fin 2024 <a href=\"https:\/\/actu.fr\/economie\/auchan-le-groupe-compte-supprimer-pres-de-2400-postes-et-fermer-une-dizaine-de-supermarches_61824342.html\" target=\"_blank\" rel=\"noopener\">un plan social<\/a> mena\u00e7ant pr\u00e8s de 2 400 emplois et une dizaine de magasins en France. Les supermarch\u00e9s du groupe \u00e0 Voiron et Grenoble-Perrot ont <a href=\"https:\/\/actu.fr\/auvergne-rhone-alpes\/grenoble_38185\/isere-ces-supermarches-auchan-menaces-de-fermer-une-enseigne-connue-veut-les-racheter_62921508.html\" target=\"_blank\" rel=\"noopener\">d\u00e9j\u00e0 \u00e9t\u00e9 repris \u00e0 l\u2019automne<\/a> par Lidl.<\/p>\n<p class=\" wall-content\">Personnalisez votre actualit\u00e9 en ajoutant vos villes et m\u00e9dias en favori avec <a href=\"https:\/\/moncompte.actu.fr\" title=\"D\u00e9couvez Mon Actu\" rel=\"nofollow noopener\" data-trk=\"{&quot;cta&quot;:{&quot;action&quot;:&quot;https:\\\/\\\/moncompte.actu.fr&quot;,&quot;category&quot;:&quot;mon compte&quot;,&quot;from&quot;:&quot;article footer&quot;,&quot;name&quot;:&quot;Mon actu&quot;,&quot;type&quot;:&quot;cta&quot;}}\" target=\"_blank\">Mon Actu<\/a>.<\/p>\n","protected":false},"excerpt":{"rendered":"Par Lisa Rodrigues Publi\u00e9 le 25 nov. 2025 \u00e0 15h35 L\u2019annonce est tomb\u00e9e en milieu de journ\u00e9e, mardi&hellip;\n","protected":false},"author":2,"featured_media":557870,"comment_status":"","ping_status":"","sticky":false,"template":"","format":"standard","meta":{"footnotes":""},"categories":[9566],"tags":[1111,11,14474,2430,215,1777,674,1011,27,2731,2529,12,25,104],"class_list":{"0":"post-557869","1":"post","2":"type-post","3":"status-publish","4":"format-standard","5":"has-post-thumbnail","7":"category-grenoble","8":"tag-actu","9":"tag-actualites","10":"tag-auchan","11":"tag-auvergne-rhone-alpes","12":"tag-commerce","13":"tag-eu","14":"tag-europe","15":"tag-fr","16":"tag-france","17":"tag-grenoble","18":"tag-intermarche","19":"tag-news","20":"tag-republique-francaise","21":"tag-societe"},"share_on_mastodon":{"url":"https:\/\/pubeurope.com\/@fr\/115610969972484868","error":""},"_links":{"self":[{"href":"https:\/\/www.europesays.com\/fr\/wp-json\/wp\/v2\/posts\/557869","targetHints":{"allow":["GET"]}}],"collection":[{"href":"https:\/\/www.europesays.com\/fr\/wp-json\/wp\/v2\/posts"}],"about":[{"href":"https:\/\/www.europesays.com\/fr\/wp-json\/wp\/v2\/types\/post"}],"author":[{"embeddable":true,"href":"https:\/\/www.europesays.com\/fr\/wp-json\/wp\/v2\/users\/2"}],"replies":[{"embeddable":true,"href":"https:\/\/www.europesays.com\/fr\/wp-json\/wp\/v2\/comments?post=557869"}],"version-history":[{"count":0,"href":"https:\/\/www.europesays.com\/fr\/wp-json\/wp\/v2\/posts\/557869\/revisions"}],"wp:featuredmedia":[{"embeddable":true,"href":"https:\/\/www.europesays.com\/fr\/wp-json\/wp\/v2\/media\/557870"}],"wp:attachment":[{"href":"https:\/\/www.europesays.com\/fr\/wp-json\/wp\/v2\/media?parent=557869"}],"wp:term":[{"taxonomy":"category","embeddable":true,"href":"https:\/\/www.europesays.com\/fr\/wp-json\/wp\/v2\/categories?post=557869"},{"taxonomy":"post_tag","embeddable":true,"href":"https:\/\/www.europesays.com\/fr\/wp-json\/wp\/v2\/tags?post=557869"}],"curies":[{"name":"wp","href":"https:\/\/api.w.org\/{rel}","templated":true}]}}