{"id":557873,"date":"2025-11-25T15:10:26","date_gmt":"2025-11-25T15:10:26","guid":{"rendered":"https:\/\/www.europesays.com\/fr\/557873\/"},"modified":"2025-11-25T15:10:26","modified_gmt":"2025-11-25T15:10:26","slug":"quinze-rendez-vous-a-rennes-pour-debattre-des-enjeux-de-la-laicite","status":"publish","type":"post","link":"https:\/\/www.europesays.com\/fr\/557873\/","title":{"rendered":"Quinze rendez-vous \u00e0 Rennes pour d\u00e9battre des enjeux de la la\u00efcit\u00e9"},"content":{"rendered":"<p>\u00c0 l\u2019occasion de la Journ\u00e9e nationale de la la\u00efcit\u00e9 du 9\u00a0d\u00e9cembre, la ville de Rennes et de nombreuses associations et partenaires, dont les organisations de plusieurs religions, proposent une quinzaine de rencontres et conf\u00e9rences qui permettront de mieux comprendre les enjeux locaux que soul\u00e8ve la notion de la\u00efcit\u00e9.<\/p>\n<p>Parmi les premi\u00e8res dates \u00e0 retenir\u00a0: ce mardi 25\u00a0novembre, \u00e0 19\u00a0h, \u00e0 la Maison des associations, cours des Alli\u00e9s, une table ronde sur les grandes f\u00eates de Pessah, du car\u00eame et P\u00e2ques et du Ramadan\u00a0; mercredi 26\u00a0novembre, \u00e0 18\u00a0h\u00a015, \u00e0 Sciences-Po, \u00ab\u00a0Faut-il inscrire la loi de 1905 dans la Constitution\u00a0?\u00a0\u00bb\u00a0; dimanche 30\u00a0novembre, \u00e0 15\u00a0h, \u00e0 la synagogue du centre Edmond-Safra, conf\u00e9rence sur la la\u00efcit\u00e9 dans les entreprises.<\/p>\n<p><a href=\"https:\/\/www.le-sport35.com\/thema-sport\/\" target=\"_blank\" rel=\"noopener\">Quatre parcours urbains et sportifs d\u2019environ 6\u00a0km sont aussi accessibles en permanence<\/a> dans les quartiers Gayeulles, Maurepas, Villejean et Rennes Sud. <a href=\"https:\/\/ici.rennes.fr\/actualites\/2025-11-17-journees-rennaises-de-la-laicite-rennes-celebre-la-liberte-de-conscience\/#:~:text=lecture%201%20minute-,Du%2024%20novembre%20au%2014%20d%C3%A9cembre%202025%2C%20les%20Journ%C3%A9es%20rennaises,dans%20le%20respect%20de%20chacun.\" target=\"_blank\" rel=\"noopener\">Programme complet \u00e0 retrouver sur le site internet de la ville de Rennes<\/a>.<\/p>\n<p>\u00a0<\/p>\n","protected":false},"excerpt":{"rendered":"\u00c0 l\u2019occasion de la Journ\u00e9e nationale de la la\u00efcit\u00e9 du 9\u00a0d\u00e9cembre, la ville de Rennes et de nombreuses&hellip;\n","protected":false},"author":2,"featured_media":557874,"comment_status":"","ping_status":"","sticky":false,"template":"","format":"standard","meta":{"footnotes":""},"categories":[2821],"tags":[1111,11,829,67491,3943,1777,674,1011,27,15430,12,3086,12407,584,25],"class_list":{"0":"post-557873","1":"post","2":"type-post","3":"status-publish","4":"format-standard","5":"has-post-thumbnail","7":"category-rennes","8":"tag-actu","9":"tag-actualites","10":"tag-bretagne","11":"tag-debattre","12":"tag-enjeux","13":"tag-eu","14":"tag-europe","15":"tag-fr","16":"tag-france","17":"tag-laicite","18":"tag-news","19":"tag-redon","20":"tag-rendez-vous","21":"tag-rennes","22":"tag-republique-francaise"},"share_on_mastodon":{"url":"https:\/\/pubeurope.com\/@fr\/115610977945433479","error":""},"_links":{"self":[{"href":"https:\/\/www.europesays.com\/fr\/wp-json\/wp\/v2\/posts\/557873","targetHints":{"allow":["GET"]}}],"collection":[{"href":"https:\/\/www.europesays.com\/fr\/wp-json\/wp\/v2\/posts"}],"about":[{"href":"https:\/\/www.europesays.com\/fr\/wp-json\/wp\/v2\/types\/post"}],"author":[{"embeddable":true,"href":"https:\/\/www.europesays.com\/fr\/wp-json\/wp\/v2\/users\/2"}],"replies":[{"embeddable":true,"href":"https:\/\/www.europesays.com\/fr\/wp-json\/wp\/v2\/comments?post=557873"}],"version-history":[{"count":0,"href":"https:\/\/www.europesays.com\/fr\/wp-json\/wp\/v2\/posts\/557873\/revisions"}],"wp:featuredmedia":[{"embeddable":true,"href":"https:\/\/www.europesays.com\/fr\/wp-json\/wp\/v2\/media\/557874"}],"wp:attachment":[{"href":"https:\/\/www.europesays.com\/fr\/wp-json\/wp\/v2\/media?parent=557873"}],"wp:term":[{"taxonomy":"category","embeddable":true,"href":"https:\/\/www.europesays.com\/fr\/wp-json\/wp\/v2\/categories?post=557873"},{"taxonomy":"post_tag","embeddable":true,"href":"https:\/\/www.europesays.com\/fr\/wp-json\/wp\/v2\/tags?post=557873"}],"curies":[{"name":"wp","href":"https:\/\/api.w.org\/{rel}","templated":true}]}}