{"id":557881,"date":"2025-11-25T15:14:11","date_gmt":"2025-11-25T15:14:11","guid":{"rendered":"https:\/\/www.europesays.com\/fr\/557881\/"},"modified":"2025-11-25T15:14:11","modified_gmt":"2025-11-25T15:14:11","slug":"pres-de-nice-la-circulation-des-trains-totalement-interrompue-a-cet-endroit-voici-pourquoi","status":"publish","type":"post","link":"https:\/\/www.europesays.com\/fr\/557881\/","title":{"rendered":"Pr\u00e8s de Nice. La circulation des trains totalement interrompue \u00e0 cet endroit, voici pourquoi"},"content":{"rendered":"<p>                    Par<br \/>\n        <strong><br \/>\n            <a href=\"https:\/\/actu.fr\/auteur\/arthur-frand\" title=\"Consulter tous les articles de Arthur Frand\" target=\"_blank\" rel=\"noopener\">Arthur Frand<\/a><br \/>\n                    <\/strong><\/p>\n<p>        Publi\u00e9 le<\/p>\n<p>            25 nov. 2025 \u00e0 15h37        <\/p>\n<p>Patience, une fois de plus. La circulation des trains est <strong>actuellement interrompue<\/strong> entre les Arcs Draguignan et Cannes, pr\u00e8s de <a href=\"https:\/\/actu.fr\/nice\/\" target=\"_blank\" rel=\"noopener\">Nice<\/a> dans les <a href=\"https:\/\/actu.fr\/provence-alpes-cote-d-azur\/alpes-maritimes_06\" target=\"_blank\" rel=\"noopener\">Alpes-Maritimes<\/a>, ce mardi 25\u00a0novembre 2025, en milieu d\u2019apr\u00e8s-midi.<\/p>\n<p class=\" wall-content\">La SNCF pr\u00e9cise qu\u2019un <strong>d\u00e9faut d\u2019alimentation \u00e9lectrique<\/strong> \u00e0 Saint-Rapha\u00ebl (Var) est en cause.<\/p>\n<p>Les trains \u00e0 l\u2019arr\u00eat<\/p>\n<p class=\" wall-content\">De fait, la circulation est <strong>totalement \u00e0 l\u2019arr\u00eat<\/strong> dans les deux sens et impacte tous les trains.<\/p>\n<p class=\" wall-content\">Les services techniques vont donc intervenir pour effectuer les r\u00e9parations n\u00e9cessaires, pr\u00e9cise la SNCF, via ses canaux de communication.<\/p>\n<p class=\" wall-content\">\n<p class=\" wall-content\">Cet incident va entra\u00eener des <strong>retards importants<\/strong> et des suppressions de trains. L\u2019heure de reprise de la circulation n\u2019est pr\u00e9vue qu\u2019\u00e0 18h25, annonce la SNCF.<\/p>\n<p class=\" wall-content\">Personnalisez votre actualit\u00e9 en ajoutant vos villes et m\u00e9dias en favori avec <a href=\"https:\/\/moncompte.actu.fr\" title=\"D\u00e9couvez Mon Actu\" rel=\"nofollow noopener\" data-trk=\"{&quot;cta&quot;:{&quot;action&quot;:&quot;https:\\\/\\\/moncompte.actu.fr&quot;,&quot;category&quot;:&quot;mon compte&quot;,&quot;from&quot;:&quot;article footer&quot;,&quot;name&quot;:&quot;Mon actu&quot;,&quot;type&quot;:&quot;cta&quot;}}\" target=\"_blank\">Mon Actu<\/a>.<\/p>\n","protected":false},"excerpt":{"rendered":"Par Arthur Frand Publi\u00e9 le 25 nov. 2025 \u00e0 15h37 Patience, une fois de plus. La circulation des&hellip;\n","protected":false},"author":2,"featured_media":12898,"comment_status":"","ping_status":"","sticky":false,"template":"","format":"standard","meta":{"footnotes":""},"categories":[2819],"tags":[1111,11,3542,1777,674,1011,27,12,2401,882,25,2215,104],"class_list":{"0":"post-557881","1":"post","2":"type-post","3":"status-publish","4":"format-standard","5":"has-post-thumbnail","7":"category-nice","8":"tag-actu","9":"tag-actualites","10":"tag-circulation","11":"tag-eu","12":"tag-europe","13":"tag-fr","14":"tag-france","15":"tag-news","16":"tag-nice","17":"tag-provence-alpes-cote-dazur","18":"tag-republique-francaise","19":"tag-sncf","20":"tag-societe"},"share_on_mastodon":{"url":"https:\/\/pubeurope.com\/@fr\/115610993656845717","error":""},"_links":{"self":[{"href":"https:\/\/www.europesays.com\/fr\/wp-json\/wp\/v2\/posts\/557881","targetHints":{"allow":["GET"]}}],"collection":[{"href":"https:\/\/www.europesays.com\/fr\/wp-json\/wp\/v2\/posts"}],"about":[{"href":"https:\/\/www.europesays.com\/fr\/wp-json\/wp\/v2\/types\/post"}],"author":[{"embeddable":true,"href":"https:\/\/www.europesays.com\/fr\/wp-json\/wp\/v2\/users\/2"}],"replies":[{"embeddable":true,"href":"https:\/\/www.europesays.com\/fr\/wp-json\/wp\/v2\/comments?post=557881"}],"version-history":[{"count":0,"href":"https:\/\/www.europesays.com\/fr\/wp-json\/wp\/v2\/posts\/557881\/revisions"}],"wp:featuredmedia":[{"embeddable":true,"href":"https:\/\/www.europesays.com\/fr\/wp-json\/wp\/v2\/media\/12898"}],"wp:attachment":[{"href":"https:\/\/www.europesays.com\/fr\/wp-json\/wp\/v2\/media?parent=557881"}],"wp:term":[{"taxonomy":"category","embeddable":true,"href":"https:\/\/www.europesays.com\/fr\/wp-json\/wp\/v2\/categories?post=557881"},{"taxonomy":"post_tag","embeddable":true,"href":"https:\/\/www.europesays.com\/fr\/wp-json\/wp\/v2\/tags?post=557881"}],"curies":[{"name":"wp","href":"https:\/\/api.w.org\/{rel}","templated":true}]}}