{"id":557883,"date":"2025-11-25T15:16:20","date_gmt":"2025-11-25T15:16:20","guid":{"rendered":"https:\/\/www.europesays.com\/fr\/557883\/"},"modified":"2025-11-25T15:16:20","modified_gmt":"2025-11-25T15:16:20","slug":"des-ex-salaries-de-lenseigne-de-pret-a-porter-camaieu-devant-le-conseil-de-prudhommes","status":"publish","type":"post","link":"https:\/\/www.europesays.com\/fr\/557883\/","title":{"rendered":"Des ex-salari\u00e9s de l\u2019enseigne de pr\u00eat-\u00e0-porter Cama\u00efeu devant le conseil de prud\u2019hommes"},"content":{"rendered":"<p>En septembre\u00a02022, Cama\u00efeu s\u2019effondrait. Liquid\u00e9e, l\u2019enseigne fermait 508\u00a0magasins et licenciait 2\u00a0600\u00a0personnes en France. Depuis, une temp\u00eate judiciaire secoue l\u2019ensemble du groupe de l\u2019homme d\u2019affaires Michel Ohayon.<\/p>\n<p>Pas moins de 340\u00a0anciens salari\u00e9s ont saisi les Prud\u2019hommes en France, tous d\u00e9fendus par le cabinet parisien de Me Rilov, l\u2019avocat r\u00e9put\u00e9 pour s\u2019attaquer \u00e0 de nombreux plans sociaux. Avant d\u2019arriver au fond du dossier, les parties bataillent sur des communications de pi\u00e8ces. C\u2019est ce qu\u2019ont examin\u00e9 les conseils prud\u2019homaux, ce mardi 25\u00a0novembre \u00e0 Nantes. La d\u00e9cision est attendue le 9\u00a0d\u00e9cembre.<\/p>\n<p><a href=\"https:\/\/rennes.maville.com\/actu\/actudet_-camaieu-go-sport-gap-france...-l-homme-d-affaires-michel-ohayon-est-mis-en-examen-pour-banqueroute-_54135-6752236_actu.Htm\" target=\"_self\" rel=\"noopener\">Depuis la liquidation de Cama\u00efeu et d&rsquo;autres enseignes du groupe comme Go Sport, le patron Michel Ohayon a \u00e9t\u00e9 mis en examen au printemps pour banqueroute, abus de biens sociaux et escroqueries en bande organis\u00e9e.<\/a><\/p>\n<p>\u00a0<\/p>\n","protected":false},"excerpt":{"rendered":"En septembre\u00a02022, Cama\u00efeu s\u2019effondrait. Liquid\u00e9e, l\u2019enseigne fermait 508\u00a0magasins et licenciait 2\u00a0600\u00a0personnes en France. Depuis, une temp\u00eate judiciaire secoue&hellip;\n","protected":false},"author":2,"featured_media":557884,"comment_status":"","ping_status":"","sticky":false,"template":"","format":"standard","meta":{"footnotes":""},"categories":[2818],"tags":[1111,11,10047,7516,8762,1777,674,67492,1011,27,1101,766,12,2636,1103,30705,25],"class_list":{"0":"post-557883","1":"post","2":"type-post","3":"status-publish","4":"format-standard","5":"has-post-thumbnail","7":"category-nantes","8":"tag-actu","9":"tag-actualites","10":"tag-camaieu","11":"tag-conseil","12":"tag-enseigne","13":"tag-eu","14":"tag-europe","15":"tag-ex-salaries","16":"tag-fr","17":"tag-france","18":"tag-hommes","19":"tag-nantes","20":"tag-news","21":"tag-pays-de-la-loire","22":"tag-pret-a-porter","23":"tag-prud","24":"tag-republique-francaise"},"share_on_mastodon":{"url":"https:\/\/pubeurope.com\/@fr\/115611001412167032","error":""},"_links":{"self":[{"href":"https:\/\/www.europesays.com\/fr\/wp-json\/wp\/v2\/posts\/557883","targetHints":{"allow":["GET"]}}],"collection":[{"href":"https:\/\/www.europesays.com\/fr\/wp-json\/wp\/v2\/posts"}],"about":[{"href":"https:\/\/www.europesays.com\/fr\/wp-json\/wp\/v2\/types\/post"}],"author":[{"embeddable":true,"href":"https:\/\/www.europesays.com\/fr\/wp-json\/wp\/v2\/users\/2"}],"replies":[{"embeddable":true,"href":"https:\/\/www.europesays.com\/fr\/wp-json\/wp\/v2\/comments?post=557883"}],"version-history":[{"count":0,"href":"https:\/\/www.europesays.com\/fr\/wp-json\/wp\/v2\/posts\/557883\/revisions"}],"wp:featuredmedia":[{"embeddable":true,"href":"https:\/\/www.europesays.com\/fr\/wp-json\/wp\/v2\/media\/557884"}],"wp:attachment":[{"href":"https:\/\/www.europesays.com\/fr\/wp-json\/wp\/v2\/media?parent=557883"}],"wp:term":[{"taxonomy":"category","embeddable":true,"href":"https:\/\/www.europesays.com\/fr\/wp-json\/wp\/v2\/categories?post=557883"},{"taxonomy":"post_tag","embeddable":true,"href":"https:\/\/www.europesays.com\/fr\/wp-json\/wp\/v2\/tags?post=557883"}],"curies":[{"name":"wp","href":"https:\/\/api.w.org\/{rel}","templated":true}]}}