{"id":557887,"date":"2025-11-25T15:18:10","date_gmt":"2025-11-25T15:18:10","guid":{"rendered":"https:\/\/www.europesays.com\/fr\/557887\/"},"modified":"2025-11-25T15:18:10","modified_gmt":"2025-11-25T15:18:10","slug":"leger-frisson-pre-electoral-dans-une-seance-sans-grandes-vagues","status":"publish","type":"post","link":"https:\/\/www.europesays.com\/fr\/557887\/","title":{"rendered":"l\u00e9ger frisson pr\u00e9-\u00e9lectoral dans une s\u00e9ance sans grandes vagues"},"content":{"rendered":"<p>Curieusement, les d\u00e9bats se sont faits plus politiques lors d\u2019une d\u00e9lib\u00e9ration a priori anodine sur la mise en vente d\u2019un bien de 402\u00a0m\u00b2 de la rue Fr\u00e9d\u00e9ric-S\u00e9v\u00e8ne. L\u2019occasion<a href=\"https:\/\/www.sudouest.fr\/gironde\/talence\/municipales-2026-en-gironde-a-talence-l-ecologiste-isabelle-rami-veut-sortir-de-la-politique-du-coup-par-coup-26801844.php\" target=\"_blank\" rel=\"noopener\"> pour l\u2019\u00e9cologiste Isabelle Rami<\/a> (Talence en transition) de marquer le coup sur \u00ab\u00a0l\u2019absence de programmation globale\u00a0\u00bb de la ville sur l\u2019urbanisme et le logement. \u00ab\u00a0Vendre un bien, c\u2019est renoncer \u00e0 un levier strat\u00e9gique. On nous demande d\u2019approuver des ventes sans savoir si ce dossier pourrait accueillir demain un service public, une association, un espace de respiration urbaine ou du logement abordable.\u00a0\u00bb<\/p>\n<p>\u00ab\u00a0Une question de m\u00e9thode\u00a0\u00bb<\/p>\n<p>Xavier Joliot (Talence debout), tout en reconnaissant que le terrain en question \u2013 en contrebas et sans parking \u2013 n\u2019aurait pas grande utilit\u00e9 pour la collectivit\u00e9, en faisait \u00ab\u00a0une question de m\u00e9thode municipale, avec une consultation plus large\u00a0\u00bb.<\/p>\n<p>\u00ab\u00a0Je vois que vous \u00eates entr\u00e9s en campagne\u00a0\u00bb, en a souri le maire Emmanuel Sallaberry avant de rappeler que le Sch\u00e9ma directeur de l\u2019immobilier et de l\u2019\u00e9nergie (SDIE) avait formalis\u00e9 la strat\u00e9gie de la ville en la mati\u00e8re. \u00ab\u00a0\u00c0 chaque fois qu\u2019on a vendu, on est tomb\u00e9s sur des primo acqu\u00e9reurs. Il ne faudrait pas oublier qu\u2019il y a des gens, aujourd\u2019hui, qui ne peuvent plus acheter de biens \u00e0 Talence, sauf sur ce genre de ventes.\u00a0\u00bb<\/p>\n<p>Relanc\u00e9 par Denise Greslard N\u00e9d\u00e9lec (Talence en transition) sur la possibilit\u00e9 d\u2019un bail r\u00e9el solidaire (BRS), Emmanuel Sallaberry a soulign\u00e9, en mati\u00e8re de logement social, \u00ab\u00a0une vraie augmentation depuis le d\u00e9but du mandat, \u00e0 pr\u00e8s de 27\u00a0%\u00a0\u00bb.<\/p>\n","protected":false},"excerpt":{"rendered":"Curieusement, les d\u00e9bats se sont faits plus politiques lors d\u2019une d\u00e9lib\u00e9ration a priori anodine sur la mise en&hellip;\n","protected":false},"author":2,"featured_media":557888,"comment_status":"","ping_status":"","sticky":false,"template":"","format":"standard","meta":{"footnotes":""},"categories":[2817],"tags":[1111,11,1997,1777,674,1011,27,12,2219,25],"class_list":{"0":"post-557887","1":"post","2":"type-post","3":"status-publish","4":"format-standard","5":"has-post-thumbnail","7":"category-bordeaux","8":"tag-actu","9":"tag-actualites","10":"tag-bordeaux","11":"tag-eu","12":"tag-europe","13":"tag-fr","14":"tag-france","15":"tag-news","16":"tag-nouvelle-aquitaine","17":"tag-republique-francaise"},"share_on_mastodon":{"url":"https:\/\/pubeurope.com\/@fr\/115611009392133672","error":""},"_links":{"self":[{"href":"https:\/\/www.europesays.com\/fr\/wp-json\/wp\/v2\/posts\/557887","targetHints":{"allow":["GET"]}}],"collection":[{"href":"https:\/\/www.europesays.com\/fr\/wp-json\/wp\/v2\/posts"}],"about":[{"href":"https:\/\/www.europesays.com\/fr\/wp-json\/wp\/v2\/types\/post"}],"author":[{"embeddable":true,"href":"https:\/\/www.europesays.com\/fr\/wp-json\/wp\/v2\/users\/2"}],"replies":[{"embeddable":true,"href":"https:\/\/www.europesays.com\/fr\/wp-json\/wp\/v2\/comments?post=557887"}],"version-history":[{"count":0,"href":"https:\/\/www.europesays.com\/fr\/wp-json\/wp\/v2\/posts\/557887\/revisions"}],"wp:featuredmedia":[{"embeddable":true,"href":"https:\/\/www.europesays.com\/fr\/wp-json\/wp\/v2\/media\/557888"}],"wp:attachment":[{"href":"https:\/\/www.europesays.com\/fr\/wp-json\/wp\/v2\/media?parent=557887"}],"wp:term":[{"taxonomy":"category","embeddable":true,"href":"https:\/\/www.europesays.com\/fr\/wp-json\/wp\/v2\/categories?post=557887"},{"taxonomy":"post_tag","embeddable":true,"href":"https:\/\/www.europesays.com\/fr\/wp-json\/wp\/v2\/tags?post=557887"}],"curies":[{"name":"wp","href":"https:\/\/api.w.org\/{rel}","templated":true}]}}