{"id":557899,"date":"2025-11-25T15:25:48","date_gmt":"2025-11-25T15:25:48","guid":{"rendered":"https:\/\/www.europesays.com\/fr\/557899\/"},"modified":"2025-11-25T15:25:48","modified_gmt":"2025-11-25T15:25:48","slug":"en-images-se-souvenir-de-liran-a-marseille","status":"publish","type":"post","link":"https:\/\/www.europesays.com\/fr\/557899\/","title":{"rendered":"En images \u2013 Se souvenir de l\u2019Iran \u00e0 Marseille"},"content":{"rendered":"<p>A Home Made of Us est un travail photographique commenc\u00e9 il y a plus de deux ans d\u00e9j\u00e0, que Tina Masoumi poursuit encore, en rencontrant d\u2019autres femmes iraniennes exil\u00e9es dans la cit\u00e9 phoc\u00e9enne. Pour d\u00e9crire la solitude de la fuite, elle commence son travail d\u00e8s son arriv\u00e9e il y a presque trois ans, par des autoportraits. Mais tr\u00e8s vite, elle tourne son objectif vers d\u2019autres femmes, pour comprendre comment elles reconstruisent un semblant de foyer, comment elles retrouvent un \u00abchez soi\u00bb, malgr\u00e9 l\u2019\u00e9loignement g\u00e9ographique et les traumatismes v\u00e9cus.<\/p>\n<p>      <a class=\"glightbox\" role=\"button\" href=\"https:\/\/www.europesays.com\/fr\/wp-content\/uploads\/2025\/11\/small.jpeg\" data-type=\"image\" data-description=\"\u2060Nouveau logement \u00e0 Marseille, 2023&#10; \u2014 \u00a9 Tina Masoumi\" data- data-><\/p>\n<p>          Agrandir l&rsquo;image<\/p>\n<p>          <img loading=\"lazy\" decoding=\"async\" src=\"https:\/\/www.europesays.com\/fr\/wp-content\/uploads\/2025\/11\/small.jpeg\" width=\"2000\" height=\"1333\" title=\"\u2060Nouveau logement \u00e0 Marseille, 2023&#10; \u2014 \u00a9 Tina Masoumi\" alt=\"\u2060Nouveau logement \u00e0 Marseille, 2023&#10; \u2014 \u00a9 Tina Masoumi\" class=\"lazy\"\/><\/p>\n<p>      <\/a><\/p>\n<p>\u2060Nouveau logement \u00e0 Marseille, 2023<br \/>\n \u2014 \u00a9 Tina Masoumi<\/p>\n<p>      <a class=\"glightbox\" role=\"button\" href=\"https:\/\/www.europesays.com\/fr\/wp-content\/uploads\/2025\/11\/1764084326_941_small.jpeg\" data-type=\"image\" data-description=\"Autoportrait dans un logement temporaire \u00e0 mon arriv\u00e9e en France, 2023&#10; \u2014 \u00a9 Tina Masoumi\" data- data-><\/p>\n<p>          Agrandir l&rsquo;image<\/p>\n<p>          <img loading=\"lazy\" decoding=\"async\" src=\"https:\/\/www.europesays.com\/fr\/wp-content\/uploads\/2025\/11\/1764084326_941_small.jpeg\" width=\"2000\" height=\"1333\" title=\"Autoportrait dans un logement temporaire \u00e0 mon arriv\u00e9e en France, 2023&#10; \u2014 \u00a9 Tina Masoumi\" alt=\"Autoportrait dans un logement temporaire \u00e0 mon arriv\u00e9e en France, 2023&#10; \u2014 \u00a9 Tina Masoumi\" class=\"lazy\"\/><\/p>\n<p>      <\/a><\/p>\n<p>Autoportrait dans un logement temporaire \u00e0 mon arriv\u00e9e en France, 2023<br \/>\n \u2014 \u00a9 Tina Masoumi<\/p>\n<p>      <a class=\"glightbox\" role=\"button\" href=\"https:\/\/www.europesays.com\/fr\/wp-content\/uploads\/2025\/11\/1764084328_606_small.jpeg\" data-type=\"image\" data-description=\"Nouveau logement de Fateme \u00e0 Marseille, dessin de ses enfants au mur, 2023&#10; \u2014 \u00a9 Tina Masoumi\" data- data-><\/p>\n<p>          Agrandir l&rsquo;image<\/p>\n<p>          <img loading=\"lazy\" decoding=\"async\" src=\"https:\/\/www.europesays.com\/fr\/wp-content\/uploads\/2025\/11\/1764084328_606_small.jpeg\" width=\"2000\" height=\"1333\" title=\"Nouveau logement de Fateme \u00e0 Marseille, dessin de ses enfants au mur, 2023&#10; \u2014 \u00a9 Tina Masoumi\" alt=\"Nouveau logement de Fateme \u00e0 Marseille, dessin de ses enfants au mur, 2023&#10; \u2014 \u00a9 Tina Masoumi\" class=\"lazy\"\/><\/p>\n<p>      <\/a><\/p>\n<p>Nouveau logement de Fateme \u00e0 Marseille, dessin de ses enfants au mur, 2023<br \/>\n \u2014 \u00a9 Tina Masoumi<\/p>\n<p>      <a class=\"glightbox\" role=\"button\" href=\"https:\/\/www.europesays.com\/fr\/wp-content\/uploads\/2025\/11\/1764084329_855_small.jpeg\" data-type=\"image\" data-description=\"Autoportrait, Marseille, 2024&#10; \u2014 \u00a9 Tina Masoumi\" data- data-><\/p>\n<p>          Agrandir l&rsquo;image<\/p>\n<p>          <img loading=\"lazy\" decoding=\"async\" src=\"https:\/\/www.europesays.com\/fr\/wp-content\/uploads\/2025\/11\/1764084329_855_small.jpeg\" width=\"2000\" height=\"1333\" title=\"Autoportrait, Marseille, 2024&#10; \u2014 \u00a9 Tina Masoumi\" alt=\"Autoportrait, Marseille, 2024&#10; \u2014 \u00a9 Tina Masoumi\" class=\"lazy\"\/><\/p>\n<p>      <\/a><\/p>\n<p>Autoportrait, Marseille, 2024<br \/>\n \u2014 \u00a9 Tina Masoumi<\/p>\n<p>      <a class=\"glightbox\" role=\"button\" href=\"https:\/\/www.europesays.com\/fr\/wp-content\/uploads\/2025\/11\/1764084331_805_small.jpeg\" data-type=\"image\" data-description=\"Simin \u00e0 sa fen\u00eatre, Marseille, 2024&#10; \u2014 \u00a9 Tina Masoumi\" data- data-><\/p>\n<p>          Agrandir l&rsquo;image<\/p>\n<p>          <img loading=\"lazy\" decoding=\"async\" src=\"https:\/\/www.europesays.com\/fr\/wp-content\/uploads\/2025\/11\/1764084331_805_small.jpeg\" width=\"2000\" height=\"1333\" title=\"Simin \u00e0 sa fen\u00eatre, Marseille, 2024&#10; \u2014 \u00a9 Tina Masoumi\" alt=\"Simin \u00e0 sa fen\u00eatre, Marseille, 2024&#10; \u2014 \u00a9 Tina Masoumi\" class=\"lazy\"\/><\/p>\n<p>      <\/a><\/p>\n<p>Simin \u00e0 sa fen\u00eatre, Marseille, 2024<br \/>\n \u2014 \u00a9 Tina Masoumi<\/p>\n<p>      <a class=\"glightbox\" role=\"button\" href=\"https:\/\/www.europesays.com\/fr\/wp-content\/uploads\/2025\/11\/1764084332_987_small.jpeg\" data-type=\"image\" data-description=\"Fateme dans son nouveau logement, Marseille, 2023&#10; \u2014 \u00a9 Tina Masoumi\" data- data-><\/p>\n<p>          Agrandir l&rsquo;image<\/p>\n<p>          <img loading=\"lazy\" decoding=\"async\" src=\"https:\/\/www.europesays.com\/fr\/wp-content\/uploads\/2025\/11\/1764084332_987_small.jpeg\" width=\"2000\" height=\"1333\" title=\"Fateme dans son nouveau logement, Marseille, 2023&#10; \u2014 \u00a9 Tina Masoumi\" alt=\"Fateme dans son nouveau logement, Marseille, 2023&#10; \u2014 \u00a9 Tina Masoumi\" class=\"lazy\"\/><\/p>\n<p>      <\/a><\/p>\n<p>Fateme dans son nouveau logement, Marseille, 2023<br \/>\n \u2014 \u00a9 Tina Masoumi<\/p>\n<p>      <a class=\"glightbox\" role=\"button\" href=\"https:\/\/www.europesays.com\/fr\/wp-content\/uploads\/2025\/11\/1764084334_19_small.jpeg\" data-type=\"image\" data-description=\"Portrait de Samane chez elle, Marseille, 2024 ; en France depuis 2017&#10; \u2014 \u00a9 Tina Masoumi\" data- data-><\/p>\n<p>          Agrandir l&rsquo;image<\/p>\n<p>          <img loading=\"lazy\" decoding=\"async\" src=\"https:\/\/www.europesays.com\/fr\/wp-content\/uploads\/2025\/11\/1764084334_19_small.jpeg\" width=\"2000\" height=\"1333\" title=\"Portrait de Samane chez elle, Marseille, 2024 ; en France depuis 2017&#10; \u2014 \u00a9 Tina Masoumi\" alt=\"Portrait de Samane chez elle, Marseille, 2024 ; en France depuis 2017&#10; \u2014 \u00a9 Tina Masoumi\" class=\"lazy\"\/><\/p>\n<p>      <\/a><\/p>\n<p>Portrait de Samane chez elle, Marseille, 2024 ; en France depuis 2017<br \/>\n \u2014 \u00a9 Tina Masoumi<\/p>\n<p>      <a class=\"glightbox\" role=\"button\" href=\"https:\/\/www.europesays.com\/fr\/wp-content\/uploads\/2025\/11\/1764084335_29_small.jpeg\" data-type=\"image\" data-description=\"Autoportrait \u00e0 Marseille, premi\u00e8re semaine apr\u00e8s mon d\u00e9part d\u2019Iran, 2023&#10; \u2014 \u00a9 Tina Masoumi\" data- data-><\/p>\n<p>          Agrandir l&rsquo;image<\/p>\n<p>          <img loading=\"lazy\" decoding=\"async\" src=\"https:\/\/www.europesays.com\/fr\/wp-content\/uploads\/2025\/11\/1764084335_29_small.jpeg\" width=\"2000\" height=\"1333\" title=\"Autoportrait \u00e0 Marseille, premi\u00e8re semaine apr\u00e8s mon d\u00e9part d\u2019Iran, 2023&#10; \u2014 \u00a9 Tina Masoumi\" alt=\"Autoportrait \u00e0 Marseille, premi\u00e8re semaine apr\u00e8s mon d\u00e9part d\u2019Iran, 2023&#10; \u2014 \u00a9 Tina Masoumi\" class=\"lazy\"\/><\/p>\n<p>      <\/a><\/p>\n<p>Autoportrait \u00e0 Marseille, premi\u00e8re semaine apr\u00e8s mon d\u00e9part d\u2019Iran, 2023<br \/>\n \u2014 \u00a9 Tina Masoumi<\/p>\n<p>      <a class=\"glightbox\" role=\"button\" href=\"https:\/\/www.europesays.com\/fr\/wp-content\/uploads\/2025\/11\/1764084337_792_small.jpeg\" data-type=\"image\" data-description=\"Fateme dans son nouveau logement, Marseille, 2023&#10; \u2014 \u00a9 Tina Masoumi\" data- data-><\/p>\n<p>          Agrandir l&rsquo;image<\/p>\n<p>          <img loading=\"lazy\" decoding=\"async\" src=\"https:\/\/www.europesays.com\/fr\/wp-content\/uploads\/2025\/11\/1764084337_792_small.jpeg\" width=\"2000\" height=\"1333\" title=\"Fateme dans son nouveau logement, Marseille, 2023&#10; \u2014 \u00a9 Tina Masoumi\" alt=\"Fateme dans son nouveau logement, Marseille, 2023&#10; \u2014 \u00a9 Tina Masoumi\" class=\"lazy\"\/><\/p>\n<p>      <\/a><\/p>\n<p>Fateme dans son nouveau logement, Marseille, 2023<br \/>\n \u2014 \u00a9 Tina Masoumi<\/p>\n<p>      <a class=\"glightbox\" role=\"button\" href=\"https:\/\/www.europesays.com\/fr\/wp-content\/uploads\/2025\/11\/1764084338_646_small.jpeg\" data-type=\"image\" data-description=\" \u2060Nouveau logement \u00e0 Marseille, 2023&#10; \u2014 \u00a9 Tina Masoumi\" data- data-><\/p>\n<p>          Agrandir l&rsquo;image<\/p>\n<p>          <img loading=\"lazy\" decoding=\"async\" src=\"https:\/\/www.europesays.com\/fr\/wp-content\/uploads\/2025\/11\/1764084338_646_small.jpeg\" width=\"2000\" height=\"1334\" title=\" \u2060Nouveau logement \u00e0 Marseille, 2023&#10; \u2014 \u00a9 Tina Masoumi\" alt=\" \u2060Nouveau logement \u00e0 Marseille, 2023&#10; \u2014 \u00a9 Tina Masoumi\" class=\"lazy\"\/><\/p>\n<p>      <\/a><\/p>\n<p> \u2060Nouveau logement \u00e0 Marseille, 2023<br \/>\n \u2014 \u00a9 Tina Masoumi<\/p>\n<p>      <a class=\"glightbox\" role=\"button\" href=\"https:\/\/www.europesays.com\/fr\/wp-content\/uploads\/2025\/11\/1764084339_182_small.jpeg\" data-type=\"image\" data-description=\"Negar, Samane et Narges s\u2019enla\u00e7ant pendant les manifestations en Iran, Marseille, d\u00e9but 2023&#10; \u2014 \u00a9 Tina Masoumi\" data- data-><\/p>\n<p>          Agrandir l&rsquo;image<\/p>\n<p>          <img loading=\"lazy\" decoding=\"async\" src=\"https:\/\/www.europesays.com\/fr\/wp-content\/uploads\/2025\/11\/1764084339_182_small.jpeg\" width=\"2000\" height=\"1333\" title=\"Negar, Samane et Narges s\u2019enla\u00e7ant pendant les manifestations en Iran, Marseille, d\u00e9but 2023&#10; \u2014 \u00a9 Tina Masoumi\" alt=\"Negar, Samane et Narges s\u2019enla\u00e7ant pendant les manifestations en Iran, Marseille, d\u00e9but 2023&#10; \u2014 \u00a9 Tina Masoumi\" class=\"lazy\"\/><\/p>\n<p>      <\/a><\/p>\n<p>Negar, Samane et Narges s\u2019enla\u00e7ant pendant les manifestations en Iran, Marseille, d\u00e9but 2023<br \/>\n \u2014 \u00a9 Tina Masoumi<\/p>\n<p>      <a class=\"glightbox\" role=\"button\" href=\"https:\/\/www.europesays.com\/fr\/wp-content\/uploads\/2025\/11\/1764084340_95_small.jpeg\" data-type=\"image\" data-description=\"Objets apport\u00e9s d\u2019Iran par Anahita : photos de famille et po\u00e9sie \u2014 \u00a9 Tina Masoumi\" data- data-><\/p>\n<p>          Agrandir l&rsquo;image<\/p>\n<p>          <img loading=\"lazy\" decoding=\"async\" src=\"https:\/\/www.europesays.com\/fr\/wp-content\/uploads\/2025\/11\/1764084340_95_small.jpeg\" width=\"2000\" height=\"1333\" title=\"Objets apport\u00e9s d\u2019Iran par Anahita : photos de famille et po\u00e9sie \u2014 \u00a9 Tina Masoumi\" alt=\"Objets apport\u00e9s d\u2019Iran par Anahita : photos de famille et po\u00e9sie \u2014 \u00a9 Tina Masoumi\" class=\"lazy\"\/><\/p>\n<p>      <\/a><\/p>\n<p>Objets apport\u00e9s d\u2019Iran par Anahita : photos de famille et po\u00e9sie \u2014 \u00a9 Tina Masoumi<\/p>\n<p>      <a class=\"glightbox\" role=\"button\" href=\"https:\/\/www.europesays.com\/fr\/wp-content\/uploads\/2025\/11\/1764084341_450_small.jpeg\" data-type=\"image\" data-description=\"Autoportrait avec Anahita, Marseille, 2024&#10; \u2014 \u00a9 Tina Masoumi\" data- data-><\/p>\n<p>          Agrandir l&rsquo;image<\/p>\n<p>          <img loading=\"lazy\" decoding=\"async\" src=\"https:\/\/www.europesays.com\/fr\/wp-content\/uploads\/2025\/11\/1764084341_450_small.jpeg\" width=\"2000\" height=\"1333\" title=\"Autoportrait avec Anahita, Marseille, 2024&#10; \u2014 \u00a9 Tina Masoumi\" alt=\"Autoportrait avec Anahita, Marseille, 2024&#10; \u2014 \u00a9 Tina Masoumi\" class=\"lazy\"\/><\/p>\n<p>      <\/a><\/p>\n<p>Autoportrait avec Anahita, Marseille, 2024<br \/>\n \u2014 \u00a9 Tina Masoumi<\/p>\n<p>      <a class=\"glightbox\" role=\"button\" href=\"https:\/\/www.europesays.com\/fr\/wp-content\/uploads\/2025\/11\/1764084342_118_small.jpeg\" data-type=\"image\" data-description=\"Autoportrait avec une Khamsa apport\u00e9e d\u2019Iran, Marseille, 2024&#10; \u2014 \u00a9 Tina Masoumi\" data- data-><\/p>\n<p>          Agrandir l&rsquo;image<\/p>\n<p>          <img loading=\"lazy\" decoding=\"async\" src=\"https:\/\/www.europesays.com\/fr\/wp-content\/uploads\/2025\/11\/1764084342_118_small.jpeg\" width=\"2000\" height=\"1333\" title=\"Autoportrait avec une Khamsa apport\u00e9e d\u2019Iran, Marseille, 2024&#10; \u2014 \u00a9 Tina Masoumi\" alt=\"Autoportrait avec une Khamsa apport\u00e9e d\u2019Iran, Marseille, 2024&#10; \u2014 \u00a9 Tina Masoumi\" class=\"lazy\"\/><\/p>\n<p>      <\/a><\/p>\n<p>Autoportrait avec une Khamsa apport\u00e9e d\u2019Iran, Marseille, 2024<br \/>\n \u2014 \u00a9 Tina Masoumi<\/p>\n<p>      <a class=\"glightbox\" role=\"button\" href=\"https:\/\/www.europesays.com\/fr\/wp-content\/uploads\/2025\/11\/1764084344_392_small.jpeg\" data-type=\"image\" data-description=\"Shirin, un mois apr\u00e8s son arriv\u00e9e en France, \u00e0 la Bonne-M\u00e8re, Marseille, 2024&#10; \u2014 \u00a9 Tina Masoumi\" data- data-><\/p>\n<p>          Agrandir l&rsquo;image<\/p>\n<p>          <img loading=\"lazy\" decoding=\"async\" src=\"https:\/\/www.europesays.com\/fr\/wp-content\/uploads\/2025\/11\/1764084344_392_small.jpeg\" width=\"2000\" height=\"1333\" title=\"Shirin, un mois apr\u00e8s son arriv\u00e9e en France, \u00e0 la Bonne-M\u00e8re, Marseille, 2024&#10; \u2014 \u00a9 Tina Masoumi\" alt=\"Shirin, un mois apr\u00e8s son arriv\u00e9e en France, \u00e0 la Bonne-M\u00e8re, Marseille, 2024&#10; \u2014 \u00a9 Tina Masoumi\" class=\"lazy\"\/><\/p>\n<p>      <\/a><\/p>\n<p>Shirin, un mois apr\u00e8s son arriv\u00e9e en France, \u00e0 la Bonne-M\u00e8re, Marseille, 2024<br \/>\n \u2014 \u00a9 Tina Masoumi<\/p>\n<p>      <a class=\"glightbox\" role=\"button\" href=\"https:\/\/www.europesays.com\/fr\/wp-content\/uploads\/2025\/11\/1764084345_56_small.jpeg\" data-type=\"image\" data-description=\"Simin, Marseille, 2024 ; en France depuis 2018&#10; \u2014 \u00a9 Tina Masoumi\" data- data-><\/p>\n<p>          Agrandir l&rsquo;image<\/p>\n<p>          <img loading=\"lazy\" decoding=\"async\" src=\"https:\/\/www.europesays.com\/fr\/wp-content\/uploads\/2025\/11\/1764084345_56_small.jpeg\" width=\"2000\" height=\"1333\" title=\"Simin, Marseille, 2024 ; en France depuis 2018&#10; \u2014 \u00a9 Tina Masoumi\" alt=\"Simin, Marseille, 2024 ; en France depuis 2018&#10; \u2014 \u00a9 Tina Masoumi\" class=\"lazy\"\/><\/p>\n<p>      <\/a><\/p>\n<p>Simin, Marseille, 2024 ; en France depuis 2018<br \/>\n \u2014 \u00a9 Tina Masoumi<\/p>\n<p>      <a class=\"glightbox\" role=\"button\" href=\"https:\/\/www.europesays.com\/fr\/wp-content\/uploads\/2025\/11\/1764084347_663_small.jpeg\" data-type=\"image\" data-description=\"Autoportrait dans ma chambre pendant la guerre Iran\u2013Isra\u00ebl, Marseille, 2025&#10; \u2014 \u00a9 Tina Masoumi\" data- data-><\/p>\n<p>          Agrandir l&rsquo;image<\/p>\n<p>          <img loading=\"lazy\" decoding=\"async\" src=\"https:\/\/www.europesays.com\/fr\/wp-content\/uploads\/2025\/11\/1764084347_663_small.jpeg\" width=\"2000\" height=\"1333\" title=\"Autoportrait dans ma chambre pendant la guerre Iran\u2013Isra\u00ebl, Marseille, 2025&#10; \u2014 \u00a9 Tina Masoumi\" alt=\"Autoportrait dans ma chambre pendant la guerre Iran\u2013Isra\u00ebl, Marseille, 2025&#10; \u2014 \u00a9 Tina Masoumi\" class=\"lazy\"\/><\/p>\n<p>      <\/a><\/p>\n<p>Autoportrait dans ma chambre pendant la guerre Iran\u2013Isra\u00ebl, Marseille, 2025<br \/>\n \u2014 \u00a9 Tina Masoumi<\/p>\n<p>      <a class=\"glightbox\" role=\"button\" href=\"https:\/\/www.europesays.com\/fr\/wp-content\/uploads\/2025\/11\/1764084348_184_small.jpeg\" data-type=\"image\" data-description=\"Plantes \u00e9touff\u00e9es, Marseille, 2023 \u2014 \u00a9 Tina Masoumi\" data- data-><\/p>\n<p>          Agrandir l&rsquo;image<\/p>\n<p>          <img loading=\"lazy\" decoding=\"async\" src=\"https:\/\/www.europesays.com\/fr\/wp-content\/uploads\/2025\/11\/1764084348_184_small.jpeg\" width=\"2000\" height=\"1333\" title=\"Plantes \u00e9touff\u00e9es, Marseille, 2023 \u2014 \u00a9 Tina Masoumi\" alt=\"Plantes \u00e9touff\u00e9es, Marseille, 2023 \u2014 \u00a9 Tina Masoumi\" class=\"lazy\"\/><\/p>\n<p>      <\/a><\/p>\n<p>Plantes \u00e9touff\u00e9es, Marseille, 2023 \u2014 \u00a9 Tina Masoumi<\/p>\n","protected":false},"excerpt":{"rendered":"A Home Made of Us est un travail photographique commenc\u00e9 il y a plus de deux ans d\u00e9j\u00e0,&hellip;\n","protected":false},"author":2,"featured_media":557900,"comment_status":"","ping_status":"","sticky":false,"template":"","format":"standard","meta":{"footnotes":""},"categories":[2814],"tags":[1111,11,10660,1777,674,1011,27,4438,884,12,882,25,104],"class_list":{"0":"post-557899","1":"post","2":"type-post","3":"status-publish","4":"format-standard","5":"has-post-thumbnail","7":"category-marseille","8":"tag-actu","9":"tag-actualites","10":"tag-egalite","11":"tag-eu","12":"tag-europe","13":"tag-fr","14":"tag-france","15":"tag-free","16":"tag-marseille","17":"tag-news","18":"tag-provence-alpes-cote-dazur","19":"tag-republique-francaise","20":"tag-societe"},"share_on_mastodon":{"url":"https:\/\/pubeurope.com\/@fr\/115611042445197823","error":""},"_links":{"self":[{"href":"https:\/\/www.europesays.com\/fr\/wp-json\/wp\/v2\/posts\/557899","targetHints":{"allow":["GET"]}}],"collection":[{"href":"https:\/\/www.europesays.com\/fr\/wp-json\/wp\/v2\/posts"}],"about":[{"href":"https:\/\/www.europesays.com\/fr\/wp-json\/wp\/v2\/types\/post"}],"author":[{"embeddable":true,"href":"https:\/\/www.europesays.com\/fr\/wp-json\/wp\/v2\/users\/2"}],"replies":[{"embeddable":true,"href":"https:\/\/www.europesays.com\/fr\/wp-json\/wp\/v2\/comments?post=557899"}],"version-history":[{"count":0,"href":"https:\/\/www.europesays.com\/fr\/wp-json\/wp\/v2\/posts\/557899\/revisions"}],"wp:featuredmedia":[{"embeddable":true,"href":"https:\/\/www.europesays.com\/fr\/wp-json\/wp\/v2\/media\/557900"}],"wp:attachment":[{"href":"https:\/\/www.europesays.com\/fr\/wp-json\/wp\/v2\/media?parent=557899"}],"wp:term":[{"taxonomy":"category","embeddable":true,"href":"https:\/\/www.europesays.com\/fr\/wp-json\/wp\/v2\/categories?post=557899"},{"taxonomy":"post_tag","embeddable":true,"href":"https:\/\/www.europesays.com\/fr\/wp-json\/wp\/v2\/tags?post=557899"}],"curies":[{"name":"wp","href":"https:\/\/api.w.org\/{rel}","templated":true}]}}