{"id":557915,"date":"2025-11-25T15:35:15","date_gmt":"2025-11-25T15:35:15","guid":{"rendered":"https:\/\/www.europesays.com\/fr\/557915\/"},"modified":"2025-11-25T15:35:15","modified_gmt":"2025-11-25T15:35:15","slug":"la-localisation-denfants-ukrainiens-enleves-par-la-russie-rendue-possible-grace-aux-images-satellite","status":"publish","type":"post","link":"https:\/\/www.europesays.com\/fr\/557915\/","title":{"rendered":"La localisation d&rsquo;enfants ukrainiens enlev\u00e9s par la Russie rendue possible gr\u00e2ce aux images satellite"},"content":{"rendered":"<p>Un laboratoire de l&rsquo;Universit\u00e9 de Yale documente depuis 2022, gr\u00e2ce aux images satellite, l&#8217;emplacement des enfants ukrainiens d\u00e9plac\u00e9s en Russie, r\u00e9v\u00e9lant 210 camps de r\u00e9\u00e9ducation et militaires o\u00f9 ils sont envoy\u00e9s, a expliqu\u00e9 son directeur \u00e0 l&rsquo;AFP.<\/p>\n<p>A la demande du D\u00e9partement d&rsquo;Etat am\u00e9ricain cette ann\u00e9e-l\u00e0, le <a href=\"https:\/\/medicine.yale.edu\/lab\/khoshnood\/news-article\/ukraines-stolen-children-inside-russias-network-of-re-education-and-militarization\/\" class=\"inline-link\" data-item-id=\"richtext_link\" target=\"_blank\" rel=\"noopener\">Humanitarian Research Lab<\/a> (HRL) est charg\u00e9 d&rsquo;estimer le nombre d&rsquo;enfants d\u00e9plac\u00e9s par les autorit\u00e9s russes, et l&rsquo;\u00e9tendue du ph\u00e9nom\u00e8ne, a racont\u00e9 son directeur Nathaniel Raymond, en d\u00e9placement \u00e0 Stockholm pour un s\u00e9minaire au Parlement su\u00e9dois consacr\u00e9 lundi \u00e0 la question.<\/p>\n<p>Au d\u00e9part, il estime la t\u00e2che quasi impossible. \u00ab\u00a0Comment retrouver des enfants dissimul\u00e9s et prot\u00e9g\u00e9s par les services de s\u00e9curit\u00e9 russes? Dans une affaire d&rsquo;enl\u00e8vement o\u00f9 nous ne disposons que d&rsquo;internet et d&rsquo;images satellites?\u00a0\u00bb, se demande-t-il.<\/p>\n<p>La solution appara\u00eet gr\u00e2ce \u00e0 une erreur commise par les Russes: des selfies de responsables locaux russes en compagnie d&rsquo;enfants ukrainiens. \u00ab\u00a0Les responsables locaux, cherchant \u00e0 se faire bien voir du Kremlin, se prenaient en photo aux c\u00f4t\u00e9s des enfants dans les bus\u00a0\u00bb, dit Nathaniel Raymond. \u00ab\u00a0Le plus &lsquo;dr\u00f4le&rsquo; dans cette histoire\u00a0\u00bb, relate-t-il, c&rsquo;est qu&rsquo;ils avaient oubli\u00e9 de d\u00e9sactiver les services de localisation sur leurs t\u00e9l\u00e9phones.<\/p>\n<p>\u00ab\u00a0Nous avons donc pu extraire la latitude et la longitude de la position de ces responsables, puis nous avons vu sur les photos que nous pouvions identifier les appareils, y compris leurs Apple Watch. On a commenc\u00e9 \u00e0 creuser\u00a0\u00bb, raconte Nathaniael Raymond. Les informations sont partag\u00e9es avec les autorit\u00e9s ukrainiennes.<\/p>\n<p> &gt;&gt; Revoir aussi le sujet du 19h30 sur le plan de paix \u00ab\u00a0am\u00e9ricain\u00a0\u00bb pour l&rsquo;Ukraine\u00a0:   <img decoding=\"async\" class=\"embed-responsive-item\" loading=\"lazy\" src=\"https:\/\/www.europesays.com\/fr\/wp-content\/uploads\/2025\/11\/4rlri5-29068884.image\" alt=\"L'ombre de Moscou plane derri\u00e8re le plan de paix \u201cam\u00e9ricain\u201d pour l'Ukraine\"\/>    L&rsquo;ombre de Moscou plane derri\u00e8re le plan de paix \u201cam\u00e9ricain\u201d pour l&rsquo;Ukraine \/ 19h30 \/ 2 min. \/ hier \u00e0 19:30 Plus de 200 camps rep\u00e9r\u00e9s<\/p>\n<p>Depuis, en analysant d&rsquo;autres donn\u00e9es accessibles, notamment les photos officielles publi\u00e9es par les autorit\u00e9s russes, le HRL a r\u00e9ussi \u00e0 mettre en \u00e9vidence 210 camps de r\u00e9\u00e9ducation et militaires \u00e0 travers la Russie, o\u00f9 se trouvent une partie des enfants ukrainiens. Le laboratoire estime leur nombre total \u00e0 36&rsquo;000.<\/p>\n<p>Apr\u00e8s le mandat d&rsquo;arr\u00eat \u00e9mis contre Vladimir Poutine par la Cour p\u00e9nale internationale (CPI) en 2023, les autorit\u00e9s russes cessent toute publication de ce type d&rsquo;informations en ligne: \u00ab\u00a0ils commencent \u00e0 nettoyer la sc\u00e8ne du crime, \u00e0 d\u00e9placer les enfants\u00a0\u00bb.<\/p>\n<p>Le sort de ces enfants doit \u00eatre une priorit\u00e9 absolue dans les n\u00e9gociations actuelles, plaide Nathaniel Raymond. Cons\u00e9quence des coupes de financement de l&rsquo;administration Trump, le HRL risque de mettre la cl\u00e9 sous la porte d&rsquo;ici la fin de l&rsquo;ann\u00e9e, et a transmis ses donn\u00e9es \u00e0 Europol.<\/p>\n<p class=\"sources\">afp\/ther<\/p>\n","protected":false},"excerpt":{"rendered":"Un laboratoire de l&rsquo;Universit\u00e9 de Yale documente depuis 2022, gr\u00e2ce aux images satellite, l&#8217;emplacement des enfants ukrainiens d\u00e9plac\u00e9s&hellip;\n","protected":false},"author":2,"featured_media":557916,"comment_status":"","ping_status":"","sticky":false,"template":"","format":"standard","meta":{"footnotes":""},"categories":[1591],"tags":[11,2120,3576,7889,847,1887,1146,3577,67493,7141,3579,74,67494,12,1756,1885,1886,132,104],"class_list":{"0":"post-557915","1":"post","2":"type-post","3":"status-publish","4":"format-standard","5":"has-post-thumbnail","7":"category-russie","8":"tag-actualites","9":"tag-conflit","10":"tag-conflit-arme","11":"tag-directeur","12":"tag-enfant","13":"tag-federation-de-russie","14":"tag-guerre","15":"tag-guerre-et-paix","16":"tag-imagerie-satellite","17":"tag-laboratoire","18":"tag-militaire","19":"tag-monde","20":"tag-nathaniel-raymond","21":"tag-news","22":"tag-photographie","23":"tag-russia","24":"tag-russian-federation","25":"tag-russie","26":"tag-societe"},"share_on_mastodon":{"url":"https:\/\/pubeurope.com\/@fr\/115611076725511133","error":""},"_links":{"self":[{"href":"https:\/\/www.europesays.com\/fr\/wp-json\/wp\/v2\/posts\/557915","targetHints":{"allow":["GET"]}}],"collection":[{"href":"https:\/\/www.europesays.com\/fr\/wp-json\/wp\/v2\/posts"}],"about":[{"href":"https:\/\/www.europesays.com\/fr\/wp-json\/wp\/v2\/types\/post"}],"author":[{"embeddable":true,"href":"https:\/\/www.europesays.com\/fr\/wp-json\/wp\/v2\/users\/2"}],"replies":[{"embeddable":true,"href":"https:\/\/www.europesays.com\/fr\/wp-json\/wp\/v2\/comments?post=557915"}],"version-history":[{"count":0,"href":"https:\/\/www.europesays.com\/fr\/wp-json\/wp\/v2\/posts\/557915\/revisions"}],"wp:featuredmedia":[{"embeddable":true,"href":"https:\/\/www.europesays.com\/fr\/wp-json\/wp\/v2\/media\/557916"}],"wp:attachment":[{"href":"https:\/\/www.europesays.com\/fr\/wp-json\/wp\/v2\/media?parent=557915"}],"wp:term":[{"taxonomy":"category","embeddable":true,"href":"https:\/\/www.europesays.com\/fr\/wp-json\/wp\/v2\/categories?post=557915"},{"taxonomy":"post_tag","embeddable":true,"href":"https:\/\/www.europesays.com\/fr\/wp-json\/wp\/v2\/tags?post=557915"}],"curies":[{"name":"wp","href":"https:\/\/api.w.org\/{rel}","templated":true}]}}