{"id":557919,"date":"2025-11-25T15:37:14","date_gmt":"2025-11-25T15:37:14","guid":{"rendered":"https:\/\/www.europesays.com\/fr\/557919\/"},"modified":"2025-11-25T15:37:14","modified_gmt":"2025-11-25T15:37:14","slug":"fairphone-revolutionne-lelectronique-aux-usa-pour-une-tech-plus-ethique-droidsoft","status":"publish","type":"post","link":"https:\/\/www.europesays.com\/fr\/557919\/","title":{"rendered":"Fairphone r\u00e9volutionne l\u2019\u00e9lectronique aux USA pour une tech plus \u00e9thique \u2013 DroidSoft"},"content":{"rendered":"<p><strong>Fairphone<\/strong>, pionnier de l\u2019\u00e9lectronique responsable et modulaire, frappe fort avec une annonce majeure : la marque lance officiellement ses produits aux <strong>\u00c9tats-Unis<\/strong>.\u00a0De plus, connue pour ses smartphones et accessoires r\u00e9parables, la soci\u00e9t\u00e9 continue de secouer le march\u00e9 mondial avec son mod\u00e8le bas\u00e9 sur la durabilit\u00e9 et l\u2019\u00e9thique.\u00a0Enfin, cette arriv\u00e9e sur le sol am\u00e9ricain s\u2019accompagne de r\u00e9sultats de croissance impressionnants, qui confirment la pertinence de leur d\u00e9marche \u00e0 l\u2019international.<\/p>\n<p>Fairphone d\u00e9barque en Am\u00e9rique avec le Fairbuds XL<\/p>\n<p>Pour ses premiers pas aux <strong>\u00c9tats-Unis<\/strong>, Fairphone mise sur son casque audio <strong>Fairbuds XL<\/strong>, un mod\u00e8le modulaire et r\u00e9parable d\u00e9j\u00e0 pl\u00e9biscit\u00e9 en Europe.\u00a0Ainsi, accessible via <strong>Amazon<\/strong> d\u00e8s novembre 2025 pour <strong>229,99 dollars<\/strong>, il symbolise un virage vers une consommation plus responsable.\u00a0De plus, ce casque conjugue qualit\u00e9 sonore au top, r\u00e9parabilit\u00e9 sans \u00e9gal et un souci constant de l\u2019\u00e9thique, y compris tout au long de la cha\u00eene de production.<\/p>\n<p>Raymond van Eck, PDG de Fairphone, place la barre haut : \u00ab Ce lancement d\u00e9montre l\u2019efficacit\u00e9 de notre mod\u00e8le et la viabilit\u00e9 d\u2019une <b>technologie vertueuse<\/b>. \u00bb Il souligne aussi l\u2019importance d\u2019une industrie fond\u00e9e sur la <b>transparence<\/b>, la <b>r\u00e9parabilit\u00e9<\/b> et le respect du vivant. Ce pari tombe \u00e0 pic : aux \u00c9tats-Unis, la demande pour des produits durables explose, et les lois sur le <b>droit \u00e0 la r\u00e9paration<\/b> envahissent les assembl\u00e9es locales.<\/p>\n<p><img fetchpriority=\"high\" decoding=\"async\" width=\"1200\" height=\"904\" src=\"data:image\/svg+xml,%3Csvg%20xmlns=\" http:=\"\" alt=\"fairphone-fairbuds-xl\" class=\"wp-image-160307\" data-lazy- data-lazy- data-lazy-src=\"https:\/\/www.europesays.com\/fr\/wp-content\/uploads\/2025\/11\/fairphone-fairbuds-xl.jpeg\"\/><\/p>\n<p>Des chiffres qui battent tous les records<\/p>\n<p>Le contexte de cette expansion n\u2019est pas anodin. Fairphone affiche des <b>r\u00e9sultats record<\/b> au troisi\u00e8me trimestre 2025 : +61 % de chiffre d\u2019affaires par rapport \u00e0 l\u2019an pass\u00e9, tir\u00e9 par la vente de son smartphone phare, le <b>Fairphone Gen.6<\/b>, mais aussi par la forte progression des accessoires (+95 %), des pi\u00e8ces d\u00e9tach\u00e9es (+41 %) et de l\u2019audio (+40 %). Mention sp\u00e9ciale aux Pays-Bas (+96 %), \u00e0 la France (+87 %) ou encore au Royaume-Uni (+48 %). <\/p>\n<p>Sur la seule ann\u00e9e 2024, Fairphone a \u00e9coul\u00e9 plus de 100 000 unit\u00e9s gr\u00e2ce au Fairphone 5 et \u00e0 sa gamme Fairbuds.\u00a0Par ailleurs, l\u2019entreprise boucle l\u2019ann\u00e9e sur un <strong>EBITDA<\/strong> positif de 1,7 million d\u2019euros, assorti d\u2019<strong>une hausse de 36 %<\/strong> de la marge brute.\u00a0Ainsi, ces performances confirment qu\u2019on peut concilier croissance \u00e9conomique, engagement \u00e9thique et qualit\u00e9 produits.<\/p>\n<p>Avec cette offensive am\u00e9ricaine, <b>Fairphone<\/b> prouve qu\u2019une autre \u00e9lectronique est possible. \u00c0 vous maintenant : pensez-vous que le march\u00e9 am\u00e9ricain est pr\u00eat pour la r\u00e9volution du <b>modulaire<\/b> ? Dites-nous ce que vous en pensez et partagez l\u2019info avec vos proches !<\/p>\n","protected":false},"excerpt":{"rendered":"Fairphone, pionnier de l\u2019\u00e9lectronique responsable et modulaire, frappe fort avec une annonce majeure : la marque lance officiellement&hellip;\n","protected":false},"author":2,"featured_media":557920,"comment_status":"","ping_status":"","sticky":false,"template":"","format":"standard","meta":{"footnotes":""},"categories":[1589],"tags":[1296,11,2562,9108,18121,10631,73,1866,67495,20820,27,32722,15422,12,1864,1865,1863,308],"class_list":{"0":"post-557919","1":"post","2":"type-post","3":"status-publish","4":"format-standard","5":"has-post-thumbnail","7":"category-etats-unis","8":"tag-accessoires","9":"tag-actualites","10":"tag-annonce","11":"tag-audio","12":"tag-barre","13":"tag-casque","14":"tag-etats-unis","15":"tag-etats-unis-damerique","16":"tag-fairphone","17":"tag-fond","18":"tag-france","19":"tag-lancement","20":"tag-montre","21":"tag-news","22":"tag-united-states","23":"tag-united-states-of-america","24":"tag-us","25":"tag-usa"},"share_on_mastodon":{"url":"https:\/\/pubeurope.com\/@fr\/115611084004341643","error":""},"_links":{"self":[{"href":"https:\/\/www.europesays.com\/fr\/wp-json\/wp\/v2\/posts\/557919","targetHints":{"allow":["GET"]}}],"collection":[{"href":"https:\/\/www.europesays.com\/fr\/wp-json\/wp\/v2\/posts"}],"about":[{"href":"https:\/\/www.europesays.com\/fr\/wp-json\/wp\/v2\/types\/post"}],"author":[{"embeddable":true,"href":"https:\/\/www.europesays.com\/fr\/wp-json\/wp\/v2\/users\/2"}],"replies":[{"embeddable":true,"href":"https:\/\/www.europesays.com\/fr\/wp-json\/wp\/v2\/comments?post=557919"}],"version-history":[{"count":0,"href":"https:\/\/www.europesays.com\/fr\/wp-json\/wp\/v2\/posts\/557919\/revisions"}],"wp:featuredmedia":[{"embeddable":true,"href":"https:\/\/www.europesays.com\/fr\/wp-json\/wp\/v2\/media\/557920"}],"wp:attachment":[{"href":"https:\/\/www.europesays.com\/fr\/wp-json\/wp\/v2\/media?parent=557919"}],"wp:term":[{"taxonomy":"category","embeddable":true,"href":"https:\/\/www.europesays.com\/fr\/wp-json\/wp\/v2\/categories?post=557919"},{"taxonomy":"post_tag","embeddable":true,"href":"https:\/\/www.europesays.com\/fr\/wp-json\/wp\/v2\/tags?post=557919"}],"curies":[{"name":"wp","href":"https:\/\/api.w.org\/{rel}","templated":true}]}}