{"id":557927,"date":"2025-11-25T15:41:13","date_gmt":"2025-11-25T15:41:13","guid":{"rendered":"https:\/\/www.europesays.com\/fr\/557927\/"},"modified":"2025-11-25T15:41:13","modified_gmt":"2025-11-25T15:41:13","slug":"michelle-obama-aurait-elle-elle-aussi-eu-recours-a-lozempic","status":"publish","type":"post","link":"https:\/\/www.europesays.com\/fr\/557927\/","title":{"rendered":"Michelle Obama aurait-elle, elle aussi, eu recours \u00e0 l\u2019Ozempic ?"},"content":{"rendered":"<p>La nouvelle silhouette de <a href=\"https:\/\/www.vanityfair.fr\/dossier\/michelle-obama\" isautogenerated=\"true\" target=\"_blank\" rel=\"noopener\">Michelle Obama<\/a> n\u2019a pas seulement attir\u00e9 les regards : elle a, une fois encore, r\u00e9veill\u00e9 cette pulsion collective qui consiste \u00e0 diss\u00e9quer le corps des femmes c\u00e9l\u00e8bres. Depuis quelques mois, l\u2019ancienne premi\u00e8re dame am\u00e9ricaine appara\u00eet plus mince \u2014 tonique et athl\u00e9tique \u2014 et cela a suffi \u00e0 d\u00e9clencher sur les r\u00e9seaux sociaux une vague de suppositions, dont certaines l\u2019accusant d\u2019avoir eu recours \u00e0 l\u2019<a href=\"https:\/\/www.vanityfair.fr\/article\/effet-ozempic-quel-est-limpact-de-la-piqure-anti-diabete-sur-les-tendances-beaute\" target=\"_blank\" rel=\"noopener\">Ozempic<\/a>, le m\u00e9dicament antidiab\u00e9tique devenu symbole des pertes de poids express \u00e0 <a href=\"https:\/\/www.vanityfair.fr\/dossier\/hollywood\" isautogenerated=\"true\" target=\"_blank\" rel=\"noopener\">Hollywood<\/a>.<\/p>\n<p>Rien, pourtant, ne vient \u00e9tayer ces affirmations. L\u2019auteure de Devenir n\u2019a jamais \u00e9voqu\u00e9 la moindre utilisation de ce traitement, et ses repr\u00e9sentants n\u2019ont pas r\u00e9pondu aux sollicitations de <a data-offer-url=\"https:\/\/pagesix.com\/2025\/11\/24\/celebrity-news\/michelle-obama-sparks-ozempic-rumors-as-she-shows-off-slimmed-down-figure-in-new-photo-shoot\/\" class=\"external-link\" data-event-click=\"{&quot;element&quot;:&quot;ExternalLink&quot;,&quot;outgoingURL&quot;:&quot;https:\/\/pagesix.com\/2025\/11\/24\/celebrity-news\/michelle-obama-sparks-ozempic-rumors-as-she-shows-off-slimmed-down-figure-in-new-photo-shoot\/&quot;}\" href=\"https:\/\/pagesix.com\/2025\/11\/24\/celebrity-news\/michelle-obama-sparks-ozempic-rumors-as-she-shows-off-slimmed-down-figure-in-new-photo-shoot\/\" rel=\"nofollow noopener\" target=\"_blank\">Page Six<\/a>.<\/p>\n<p>Les commentaires sous sa derni\u00e8re publication <a href=\"https:\/\/www.vanityfair.fr\/dossier\/instagram\" isautogenerated=\"true\" target=\"_blank\" rel=\"noopener\">Instagram<\/a> \u2014 un aper\u00e7u des coulisses d\u2019une s\u00e9ance photo avec <a href=\"https:\/\/www.vanityfair.fr\/article\/annie-leibovitz-academie-des-beaux-arts\" target=\"_blank\" rel=\"noopener\">Annie Leibovitz<\/a> \u2014 ont m\u00eame \u00e9t\u00e9 bri\u00e8vement d\u00e9sactiv\u00e9s, tant les sp\u00e9culations \u00e9taient devenues envahissantes. Sur les images, Michelle Obama pose dans un tee-shirt gris, un jean et des bottines en daim marron. Mais au lieu de saluer son style ou son r\u00f4le dans Women, le livre d\u2019Annie Leibovitz qui met en lumi\u00e8re \u00ab les multiples facettes des femmes d&rsquo;aujourd&rsquo;hui \u00bb, une partie du public a choisi de commenter\u2026 son poids.<\/p>\n<p>\u00ab \u00c7a s\u2019appelle Ozempic \u00bb, \u00e9crit un utilisateur. \u00ab \u00c7a, ou alors un coach personnel et un r\u00e9gime strict\u2026 non, Ozempic, c\u2019est bien plus simple \u00bb, ironise un autre. Rien de tr\u00e8s nouveau : la moindre variation corporelle d\u2019une personnalit\u00e9 f\u00e9minine d\u00e9clenche aujourd\u2019hui un flot d\u2019analyses.<\/p>\n<p>Michelle Obama, elle, s\u2019est d\u00e9j\u00e0 exprim\u00e9e sur son rapport \u00e0 son corps. En 2022, elle confiait \u00e0 People que la m\u00e9nopause avait eu un impact sur son poids et qu\u2019elle avait souhait\u00e9 reprendre en main certaines habitudes : \u00ab Je dois faire plus attention \u00e0 ma silhouette \u00bb, disait-elle. Derni\u00e8rement, elle \u00e9voquait aussi l&rsquo;importance qu\u2019elle accorde \u00e0 sa sant\u00e9. \u00ab Ma sant\u00e9 a toujours \u00e9t\u00e9 ma priorit\u00e9. Je fais attention \u00e0 mon alimentation, je fais du sport, je vais r\u00e9guli\u00e8rement chez le m\u00e9decin \u00bb, a-t-elle d\u00e9clar\u00e9, pr\u00e9cisant qu\u2019elle ne manque jamais une mammographie.<\/p>\n<p>Aujourd\u2019hui sexag\u00e9naire, Michelle Obama se d\u00e9crit comme \u00ab en pleine forme \u00bb et traverse ce chapitre de sa vie comme \u00ab une p\u00e9riode merveilleuse \u00bb. Et cela se sent : dans sa posture, dans ses projets, dans la s\u00e9r\u00e9nit\u00e9 qu\u2019elle d\u00e9gage. Coanimatrice d\u2019un podcast inspirant avec son fr\u00e8re <strong>Craig Robinson<\/strong>, engag\u00e9e, \u00e9nergique, elle appara\u00eet avant tout comme une femme \u00e9panouie, bien dans ses baskets.<\/p>\n","protected":false},"excerpt":{"rendered":"La nouvelle silhouette de Michelle Obama n\u2019a pas seulement attir\u00e9 les regards : elle a, une fois encore,&hellip;\n","protected":false},"author":2,"featured_media":557928,"comment_status":"","ping_status":"","sticky":false,"template":"","format":"standard","meta":{"footnotes":""},"categories":[1586],"tags":[11,1777,674,1779,1011,27,7745,12,25,1778,364],"class_list":{"0":"post-557927","1":"post","2":"type-post","3":"status-publish","4":"format-standard","5":"has-post-thumbnail","7":"category-europe","8":"tag-actualites","9":"tag-eu","10":"tag-europe","11":"tag-european-union","12":"tag-fr","13":"tag-france","14":"tag-michelle-obama","15":"tag-news","16":"tag-republique-francaise","17":"tag-ue","18":"tag-union-europeenne"},"share_on_mastodon":{"url":"https:\/\/pubeurope.com\/@fr\/115611099851224413","error":""},"_links":{"self":[{"href":"https:\/\/www.europesays.com\/fr\/wp-json\/wp\/v2\/posts\/557927","targetHints":{"allow":["GET"]}}],"collection":[{"href":"https:\/\/www.europesays.com\/fr\/wp-json\/wp\/v2\/posts"}],"about":[{"href":"https:\/\/www.europesays.com\/fr\/wp-json\/wp\/v2\/types\/post"}],"author":[{"embeddable":true,"href":"https:\/\/www.europesays.com\/fr\/wp-json\/wp\/v2\/users\/2"}],"replies":[{"embeddable":true,"href":"https:\/\/www.europesays.com\/fr\/wp-json\/wp\/v2\/comments?post=557927"}],"version-history":[{"count":0,"href":"https:\/\/www.europesays.com\/fr\/wp-json\/wp\/v2\/posts\/557927\/revisions"}],"wp:featuredmedia":[{"embeddable":true,"href":"https:\/\/www.europesays.com\/fr\/wp-json\/wp\/v2\/media\/557928"}],"wp:attachment":[{"href":"https:\/\/www.europesays.com\/fr\/wp-json\/wp\/v2\/media?parent=557927"}],"wp:term":[{"taxonomy":"category","embeddable":true,"href":"https:\/\/www.europesays.com\/fr\/wp-json\/wp\/v2\/categories?post=557927"},{"taxonomy":"post_tag","embeddable":true,"href":"https:\/\/www.europesays.com\/fr\/wp-json\/wp\/v2\/tags?post=557927"}],"curies":[{"name":"wp","href":"https:\/\/api.w.org\/{rel}","templated":true}]}}