{"id":557931,"date":"2025-11-25T15:44:17","date_gmt":"2025-11-25T15:44:17","guid":{"rendered":"https:\/\/www.europesays.com\/fr\/557931\/"},"modified":"2025-11-25T15:44:17","modified_gmt":"2025-11-25T15:44:17","slug":"byd-france-nomme-dorothee-bonassies-a-la-tete-de-sa-filiale-francaise","status":"publish","type":"post","link":"https:\/\/www.europesays.com\/fr\/557931\/","title":{"rendered":"BYD France nomme Doroth\u00e9e Bonassies \u00e0 la t\u00eate de sa filiale fran\u00e7aise"},"content":{"rendered":"<p>La nouvelle vient tout juste de tomber : BYD France accueille Doroth\u00e9e Bonassies \u00e0 sa t\u00eate. Sa mission ? Accompagner la croissance de la marque et renforcer sa pr\u00e9sence sur le march\u00e9 fran\u00e7ais des v\u00e9hicules \u00e9lectriques et hybrides.<\/p>\n<p><img loading=\"lazy\" decoding=\"async\" class=\"size-full wp-image-137894 perfmatters-lazy\" alt=\"jupdlc-dorotheebonassies-byd\" width=\"1200\" height=\"628\" src=\"https:\/\/www.europesays.com\/fr\/wp-content\/uploads\/2025\/11\/jupdlc-dorotheebonassies-byd.png\"  data-\/>Cr\u00e9dit photo : BYD France<\/p>\n<p>L\u2019annonce est tomb\u00e9e en d\u00e9but de semaine derni\u00e8re : <a href=\"http:\/\/linkedin.com\/in\/doroth%C3%A9e-bonassies?originalSubdomain=fr\" target=\"_blank\" rel=\"noopener\">Doroth\u00e9e Bonassies<\/a> prend officiellement les r\u00eanes de <a href=\"https:\/\/www.byd.com\/fr\" target=\"_blank\" rel=\"noopener\">BYD France<\/a>, filiale du leader mondial des v\u00e9hicules hybrides et \u00e9lectriques. Elle rejoint ainsi le groupe en tant que Directrice G\u00e9n\u00e9rale, prenant la responsabilit\u00e9 d\u2019un poste cl\u00e9, avec pour mission d\u2019accompagner la croissance rapide de la marque sur le march\u00e9 fran\u00e7ais et de d\u00e9velopper son r\u00e9seau de distribution.<\/p>\n<p>\u00a0<\/p>\n<p><strong>Une dirigeante au parcours solide dans l\u2019automobile<\/strong><\/p>\n<p>D\u00e9j\u00e0 dot\u00e9e d\u2019une solide exp\u00e9rience dans l\u2019industrie automobile, Doroth\u00e9e Bonassies conna\u00eet sur le bout des doigts le march\u00e9 fran\u00e7ais. Dipl\u00f4m\u00e9e de Lille Business School (SKEMA Lille), elle d\u00e9bute sa carri\u00e8re chez <a href=\"https:\/\/jai-un-pote-dans-la.com\/renault-electrise-r5-turbo-show-thermique-futur-electrique\/\" target=\"_blank\" rel=\"noopener\">Renault<\/a> en 1993, o\u00f9 elle y occupe plusieurs postes au marketing \u00e0 l\u2019international avant de revenir en France pour g\u00e9rer des \u00e9quipes dans le r\u00e9seau et le service apr\u00e8s-vente. En 2011, elle rejoint Renault Retail Group, puis en 2017 Volkswagen Group France, o\u00f9 elle y occupera successivement des postes cl\u00e9s : Directrice d\u00e9veloppement r\u00e9seau et strat\u00e9gie digitale, Directrice France de Skoda, puis Directrice France de Volkswagen. De sacr\u00e9es cordes \u00e0 son arc !<\/p>\n<p>Avec son arriv\u00e9e chez BYD France, Doroth\u00e9e Bonassies retrouve ainsi <a href=\"https:\/\/www.linkedin.com\/in\/anthony-perier-4484a943\/?originalSubdomain=fr\" target=\"_blank\" rel=\"noopener\">Anthony Perier<\/a>, r\u00e9cemment nomm\u00e9 Directeur Commercial, avec qui elle a d\u00e9j\u00e0 collabor\u00e9 par le pass\u00e9 durant plus de huit ans chez Skoda et Volkswagen. Ensemble, les deux nouvelles recrues ont contribu\u00e9 \u00e0 atteindre des records de parts de march\u00e9 pour ces marques, une performance tr\u00e8s prometteuse pour BYD.<\/p>\n<p><\/p>\n<p style=\"text-align: center;\">\u00c0 d\u00e9couvrir sur JUPDLC<\/p>\n<p><a data-no-instant=\"1\" href=\"https:\/\/www.linkedin.com\/posts\/j&#039;ai-un-pote-dans-la-com&#039;%E2%80%8B_une-campagne-reprise-en-dehors-du-m\u00e9dia-activity-7394645350906691586-bwPt?utm_source=share&amp;utm_medium=member_ios&amp;rcm=ACoAADhnZNsBtfMk757MRexItU0yO795vgok_pI\" rel=\"noopener\" class=\"a2t-link\" aria-label=\"Sans De\u0301tour S2EP03 \u2013 DISPLAY \u2013 970 x 90 (2)\" target=\"_blank\"><img loading=\"lazy\" decoding=\"async\" alt=\"\" width=\"970\" height=\"90\" class=\"perfmatters-lazy\" src=\"https:\/\/www.europesays.com\/fr\/wp-content\/uploads\/2025\/11\/Sans-Detour-S2EP03-DISPLAY-970-x-90-2.png\"\/><\/a><\/p>\n<p>\u00a0<\/p>\n<p><strong>Une mission strat\u00e9gique pour BYD France<\/strong><\/p>\n<p>En prenant les r\u00eanes de BYD France, Doroth\u00e9e a donc pour objectif de consolider la pr\u00e9sence de la marque sur le march\u00e9 fran\u00e7ais, d\u2019acc\u00e9l\u00e9rer son d\u00e9veloppement et de renforcer l\u2019ensemble des services associ\u00e9s aux v\u00e9hicules hybrides et \u00e9lectriques. La filiale fran\u00e7aise, int\u00e9gr\u00e9e \u00e0 un groupe multinational pr\u00e9sent sur six continents et dans plus de 100 pays, s\u2019inscrit dans la strat\u00e9gie globale d\u2019\u00e9lectrification du parc automobile. Depuis son lancement en 2022, BYD France conna\u00eet une croissance soutenue et a r\u00e9cemment franchi le cap symbolique des 10\u202f000 immatriculations depuis janvier 2025.<\/p>\n<p>\u00ab <strong>Je suis particuli\u00e8rement fi\u00e8re et heureuse de rejoindre le premier constructeur mondial de v\u00e9hicules \u00e9lectriques et hybrides, pionnier dans les nouvelles technologies, et de participer activement \u00e0 l\u2019\u00e9lectrification du parc automobile fran\u00e7ais<\/strong> \u00bb, commente Doroth\u00e9e Bonassies. \u00ab <strong>BYD est un \u201cSuper Game Changer\u201d alors \u201clet\u2019s play\u201d !<\/strong> \u00bb<\/p>\n","protected":false},"excerpt":{"rendered":"La nouvelle vient tout juste de tomber : BYD France accueille Doroth\u00e9e Bonassies \u00e0 sa t\u00eate. Sa mission&hellip;\n","protected":false},"author":2,"featured_media":557932,"comment_status":"","ping_status":"","sticky":false,"template":"","format":"standard","meta":{"footnotes":""},"categories":[4],"tags":[11,15191,56403,67496,1011,27,1434,49737,12,8145,25,12109,321],"class_list":{"0":"post-557931","1":"post","2":"type-post","3":"status-publish","4":"format-standard","5":"has-post-thumbnail","7":"category-france","8":"tag-actualites","9":"tag-byd","10":"tag-directrice-generale","11":"tag-dorothee-bonassies","12":"tag-fr","13":"tag-france","14":"tag-mercato","15":"tag-mouvements","16":"tag-news","17":"tag-nomination","18":"tag-republique-francaise","19":"tag-vehicule","20":"tag-voiture-electrique"},"share_on_mastodon":{"url":"https:\/\/pubeurope.com\/@fr\/115611111654288988","error":""},"_links":{"self":[{"href":"https:\/\/www.europesays.com\/fr\/wp-json\/wp\/v2\/posts\/557931","targetHints":{"allow":["GET"]}}],"collection":[{"href":"https:\/\/www.europesays.com\/fr\/wp-json\/wp\/v2\/posts"}],"about":[{"href":"https:\/\/www.europesays.com\/fr\/wp-json\/wp\/v2\/types\/post"}],"author":[{"embeddable":true,"href":"https:\/\/www.europesays.com\/fr\/wp-json\/wp\/v2\/users\/2"}],"replies":[{"embeddable":true,"href":"https:\/\/www.europesays.com\/fr\/wp-json\/wp\/v2\/comments?post=557931"}],"version-history":[{"count":0,"href":"https:\/\/www.europesays.com\/fr\/wp-json\/wp\/v2\/posts\/557931\/revisions"}],"wp:featuredmedia":[{"embeddable":true,"href":"https:\/\/www.europesays.com\/fr\/wp-json\/wp\/v2\/media\/557932"}],"wp:attachment":[{"href":"https:\/\/www.europesays.com\/fr\/wp-json\/wp\/v2\/media?parent=557931"}],"wp:term":[{"taxonomy":"category","embeddable":true,"href":"https:\/\/www.europesays.com\/fr\/wp-json\/wp\/v2\/categories?post=557931"},{"taxonomy":"post_tag","embeddable":true,"href":"https:\/\/www.europesays.com\/fr\/wp-json\/wp\/v2\/tags?post=557931"}],"curies":[{"name":"wp","href":"https:\/\/api.w.org\/{rel}","templated":true}]}}