{"id":557934,"date":"2025-11-25T15:47:14","date_gmt":"2025-11-25T15:47:14","guid":{"rendered":"https:\/\/www.europesays.com\/fr\/557934\/"},"modified":"2025-11-25T15:47:14","modified_gmt":"2025-11-25T15:47:14","slug":"salary-cap-credits-pour-les-internationaux-contrat-dimage-les-nouvelles-pistes-de-la-lnr","status":"publish","type":"post","link":"https:\/\/www.europesays.com\/fr\/557934\/","title":{"rendered":"salary cap, cr\u00e9dits pour les internationaux, contrat d\u2019image&#8230; Les nouvelles pistes de la LNR"},"content":{"rendered":"<p>\n    Les pr\u00e9sidents du Top 14, r\u00e9unis lundi \u00e0 Paris, ont mis sur la table plusieurs am\u00e9nagements financiers. Ils seront soumis au vote du comit\u00e9 directeur d\u00e9but f\u00e9vrier.<\/p>\n<p class=\"fig-paragraph\"><a href=\"http:\/\/www.lefigaro.fr\/sports\/rugby\/top-14\/rugby-les-critiques-de-dupont-sur-le-salary-cap-sont-partagees-par-son-entraineur-a-toulouse-20251006\" data-fig-type=\"NewsFlash\" data-gtm-custom-categorie=\"navigation\" data-gtm-custom-action=\"crossclick\" data-gtm-custom-label=\"Contextuel\" data-gtm-event=\"customEventSPE\" data-fig-domain=\"LEFIGARO\" target=\"_blank\" rel=\"noopener\">Salary cap<\/a>, cr\u00e9dits internationaux, contrats d\u2019image. Tous ces sujets animent depuis quelques mois les discussions \u00e0 la\u00a0<a href=\"http:\/\/www.lefigaro.fr\/sports\/rugby\/top-14\/rugby-on-ne-construit-pas-un-sport-en-contournant-ceux-qui-le-batissent-le-president-de-la-lnr-reaffirme-son-opposition-a-la-ligue-rebelle-20251008\" data-fig-type=\"NewsFlash\" data-gtm-custom-categorie=\"navigation\" data-gtm-custom-action=\"crossclick\" data-gtm-custom-label=\"Contextuel\" data-gtm-event=\"customEventSPE\" data-fig-domain=\"LEFIGARO\" target=\"_blank\" rel=\"noopener\">Ligue nationale de rugby<\/a>\u00a0(LNR). Les pr\u00e9sidents des clubs du Top 14, r\u00e9unis ce lundi \u00e0 Paris, se sont mis d\u2019accord pour des modifications. Qui seront \u00e0 nouveau discut\u00e9es le 16 d\u00e9cembre, avant d\u2019\u00eatre soumises au vote du comit\u00e9 directeur de la LNR, d\u00e9but f\u00e9vrier 2026.<\/p>\n<p class=\"fig-paragraph\">Comme\u00a0<a href=\"https:\/\/www.lequipe.fr\/Rugby\/Actualites\/De-nouvelles-orientations-sur-le-salary-cap-dans-le-top-14-en-discussions\/1612109\" target=\"_blank\" rel=\"sponsored noopener\" data-gtm-custom-categorie=\"navigation\" data-gtm-custom-action=\"crossclick\" data-gtm-custom-label=\"Contextuel\" data-gtm-event=\"customEventSPE\">L\u2019\u00c9quipe\u00a0<\/a> l\u2019a r\u00e9v\u00e9l\u00e9 d\u00e8s lundi soir, Le Figaro est en mesure de confirmer qu\u2019une hausse tr\u00e8s mod\u00e9r\u00e9e du salary cap est dans les tuyaux, il passerait de 10,7 millions d\u2019euros \u00e0 11 M\u20ac. L\u2019objectif de cette augmentation de 2,7% selon ses partisans\u00a0? \u00c9largir les effectifs \u00e0 disposition tout en maintenant le salaire des joueurs, et ainsi pouvoir optimiser les temps de jeu (faire tourner un peu plus), dans l\u2019optique de pr\u00e9server la sant\u00e9 des acteurs. Le tout sans creuser les d\u00e9ficits. Une r\u00e9flexion en parall\u00e8le est men\u00e9e pour relever le nombre obligatoire de joueurs sous contrat professionnel dans l\u2019effectif (25 actuellement, m\u00eame si tous les clubs sont d\u00e9j\u00e0 au-dessus\u2026).<\/p>\n<p>                                    <a class=\"fig-a11y-skip a11y-hidden\" href=\"#fig-a11y-skip-main-inarticle\"><br \/>\n        Passer la publicit\u00e9<br \/>\n    <\/a><\/p>\n<p class=\"fig-paragraph\">Seconde piste qui a les faveurs des patrons du Top 14, \u00e0 l\u2019exception de celui du Stade Toulousain, une d\u00e9gressivit\u00e9 des cr\u00e9dits internationaux. Cette r\u00e8gle permet aux clubs de voir leur salary cap rehauss\u00e9 de 180.000 euros par joueur premium du XV de France mentionn\u00e9 dans la liste d\u00e9voil\u00e9e chaque ann\u00e9e par la FFR (45 noms). Le Stade Toulousain obtenait ainsi un cr\u00e9dit suppl\u00e9mentaire pouvant aller jusqu\u2019\u00e0 plus de 2 millions d\u2019euros par saison. Un seuil serait \u00e9tabli, mais celui-ci (par exemple 5 cr\u00e9dits internationaux maximum par club) n\u2019a pas encore \u00e9t\u00e9 fix\u00e9. Il sera l\u2019objet des prochaines discussions.<\/p>\n<p>R\u00e9duire l\u2019\u00e9cart entre les clubs gros pourvoyeurs d\u2019internationaux et ceux qui en ont moins<\/p>\n<p class=\"fig-paragraph\">Mais, selon nos informations, Didier Lacroix, le pr\u00e9sident des triples champions de France en titre y est oppos\u00e9, lui qui compte 11 Bleus premium dans son effectif. Selon un participant \u00e0 cette r\u00e9union, il a \u00e9t\u00e9 argu\u00e9 que cette r\u00e8gle permet, justement, au Stade Toulousain de s\u2019offrir au moins trois joueurs de haut niveau de plus que les autres clubs.<\/p>\n<p class=\"fig-paragraph\">\u00abOn a mis en place cette r\u00e8gle, Toulouse l\u2019a bien utilis\u00e9e, bravo \u00e0 eux. Mais les temps ont chang\u00e9 et ce n\u2019est plus une bonne formule. Le Stade Toulousain a pris tellement d\u2019avance, confie au Figaro une source pr\u00e9sente \u00e0 la r\u00e9union. Si on ne change pas cette r\u00e8gle, il va se passer ce qu\u2019il s\u2019est pass\u00e9 au foot. C\u2019est-\u00e0-dire que, petit \u00e0 petit, il n\u2019y aura plus de suspense, le Stade Toulousain, comme le Paris SG en Ligue 1, sera titr\u00e9 chaque ann\u00e9e, et le produit Top 14 va perdre de sa valeur. Et tout le monde y perdra, y compris le Stade Toulousain\u00bb.<\/p>\n<p class=\"fig-paragraph\">Il serait, d\u00e8s lors, indispensable de r\u00e9duire l\u2019\u00e9cart entre les clubs gros pourvoyeurs d\u2019internationaux et ceux qui en ont moins, voire pas du tout. Selon nos informations, cette attaque en r\u00e8gle a exasp\u00e9r\u00e9 le pr\u00e9sident DIdier Lacroix qui r\u00e9fl\u00e9chit \u00e0 attaquer juridiquement ce changement au motif que, d\u2019un point de vue l\u00e9gal, quand un r\u00e8glement est mis en place et que, le modifier, ne porte pr\u00e9judice qu\u2019\u00e0 un seul acteur, on peut consid\u00e9rer que ce n\u2019est pas juste. Une bataille judiciaire qui, si elle \u00e9tait men\u00e9e, para\u00eet loin d\u2019\u00eatre gagn\u00e9e&#8230;.<\/p>\n<p class=\"fig-body-link\">\n            \u00c0 lire aussi<br \/>\n        <a class=\"fig-body-link__link\" href=\"http:\/\/www.lefigaro.fr\/sports\/rugby\/top-14\/rugby-les-critiques-de-dupont-sur-le-salary-cap-sont-partagees-par-son-entraineur-a-toulouse-20251006\" data-fig-type=\"NewsFlash\" data-gtm-custom-categorie=\"navigation\" data-gtm-custom-action=\"crossclick\" data-gtm-custom-label=\"Contextuel\" data-gtm-event=\"customEventSPE\" data-fig-domain=\"LEFIGARO\" target=\"_blank\" rel=\"noopener\"><\/p>\n<p>        Rugby: les critiques de Dupont sur le salary cap sont \u00abpartag\u00e9es\u00bb par son entra\u00eeneur \u00e0 Toulouse<br \/>\n    <\/a>\n<\/p>\n<p class=\"fig-paragraph\">Derni\u00e8re avanc\u00e9e, concernant cette fois les contrats d\u2019image.\u00a0<a href=\"http:\/\/www.lefigaro.fr\/sports\/rugby\/top-14\/top-14-on-ne-peut-pas-utiliser-notre-image-antoine-dupont-critique-le-salary-cap-trop-invasif-pour-les-joueurs-20251002\" data-fig-type=\"NewsFlash\" data-gtm-custom-categorie=\"navigation\" data-gtm-custom-action=\"crossclick\" data-gtm-custom-label=\"Contextuel\" data-gtm-event=\"customEventSPE\" data-fig-domain=\"LEFIGARO\" target=\"_blank\" rel=\"noopener\">R\u00e9cemment, Antoine Dupont<\/a>, soutenu publiquement par Gr\u00e9gory Alldritt ou Matthieu Jalibert, s\u2019est emport\u00e9 contre ce syst\u00e8me qui inclut certains partenariats conclus individuellement par un joueur avec un sponsor dans l\u2019assiette du plafond du salary cap. Une petite avanc\u00e9e est \u00e0 l\u2019\u00e9tude. Les contrats d\u2019image sign\u00e9s entre un joueur et l\u2019\u00e9quipementier de son club seraient sortis du salary cap.<\/p>\n<p>                                    <a class=\"fig-a11y-skip a11y-hidden\" href=\"#fig-a11y-skip-main-inarticle_mtf\"><br \/>\n        Passer la publicit\u00e9<br \/>\n    <\/a><\/p>\n<p class=\"fig-paragraph\">Toutes ces orientations seront \u00e0 nouveau discut\u00e9es le 16 d\u00e9cembre \u00e0 Marseille lors d\u2019une r\u00e9union des pr\u00e9sidents de Top 14 et Pro D2. Les mesures alors d\u00e9cid\u00e9es (et peut-\u00eatre am\u00e9nag\u00e9es pour certaines) devront encore \u00eatre adopt\u00e9es par le comit\u00e9 directeur de la LNR, qui se tiendra en f\u00e9vrier 2026, pour une application la saison prochaine, voire pour celle de 2027-2028.<\/p>\n","protected":false},"excerpt":{"rendered":"Les pr\u00e9sidents du Top 14, r\u00e9unis lundi \u00e0 Paris, ont mis sur la table plusieurs am\u00e9nagements financiers. Ils&hellip;\n","protected":false},"author":2,"featured_media":557935,"comment_status":"","ping_status":"","sticky":false,"template":"","format":"standard","meta":{"footnotes":""},"categories":[1416],"tags":[1011,27,34769,479,1468,60,476],"class_list":{"0":"post-557934","1":"post","2":"type-post","3":"status-publish","4":"format-standard","5":"has-post-thumbnail","7":"category-rugby","8":"tag-fr","9":"tag-france","10":"tag-ligue-nationale-de-rugby","11":"tag-rugby","12":"tag-rugby-football","13":"tag-sports","14":"tag-stade-toulousain"},"share_on_mastodon":{"url":"https:\/\/pubeurope.com\/@fr\/115611123337268241","error":""},"_links":{"self":[{"href":"https:\/\/www.europesays.com\/fr\/wp-json\/wp\/v2\/posts\/557934","targetHints":{"allow":["GET"]}}],"collection":[{"href":"https:\/\/www.europesays.com\/fr\/wp-json\/wp\/v2\/posts"}],"about":[{"href":"https:\/\/www.europesays.com\/fr\/wp-json\/wp\/v2\/types\/post"}],"author":[{"embeddable":true,"href":"https:\/\/www.europesays.com\/fr\/wp-json\/wp\/v2\/users\/2"}],"replies":[{"embeddable":true,"href":"https:\/\/www.europesays.com\/fr\/wp-json\/wp\/v2\/comments?post=557934"}],"version-history":[{"count":0,"href":"https:\/\/www.europesays.com\/fr\/wp-json\/wp\/v2\/posts\/557934\/revisions"}],"wp:featuredmedia":[{"embeddable":true,"href":"https:\/\/www.europesays.com\/fr\/wp-json\/wp\/v2\/media\/557935"}],"wp:attachment":[{"href":"https:\/\/www.europesays.com\/fr\/wp-json\/wp\/v2\/media?parent=557934"}],"wp:term":[{"taxonomy":"category","embeddable":true,"href":"https:\/\/www.europesays.com\/fr\/wp-json\/wp\/v2\/categories?post=557934"},{"taxonomy":"post_tag","embeddable":true,"href":"https:\/\/www.europesays.com\/fr\/wp-json\/wp\/v2\/tags?post=557934"}],"curies":[{"name":"wp","href":"https:\/\/api.w.org\/{rel}","templated":true}]}}