{"id":557938,"date":"2025-11-25T15:52:18","date_gmt":"2025-11-25T15:52:18","guid":{"rendered":"https:\/\/www.europesays.com\/fr\/557938\/"},"modified":"2025-11-25T15:52:18","modified_gmt":"2025-11-25T15:52:18","slug":"cyclisme-route-cian-uijtdebroeks-justifie-son-transfert-javais-besoin-de-liberte","status":"publish","type":"post","link":"https:\/\/www.europesays.com\/fr\/557938\/","title":{"rendered":"Cyclisme. Route &#8211; Cian Uijtdebroeks justifie son transfert : \u00abJ\u2019avais besoin de libert\u00e9\u00bb"},"content":{"rendered":"<p>Apr\u00e8s avoir retrouv\u00e9 de bonnes jambes et obtenu lors du <strong>Tour de l&rsquo;Ain<\/strong> sa toute premi\u00e8re victoire chez les professionnels, <strong><a href=\"https:\/\/www.cyclismactu.net\/..\/news-transfert-route-transfert-surprise-cian-uijtdebroeks-qui-quitte-visma-pour-movistar-90414.html\" target=\"_blank\" rel=\"noopener\">Cian Uijtdebroeks<\/a><\/strong> a d\u00e9cid\u00e9 de quitter, \u00e0 la surprise g\u00e9n\u00e9rale, la formation <strong><a href=\"https:\/\/www.cyclismactu.net\/..\/news-route-un-luxembourgeois-devient-directeur-sportif-chez-visma-lease-a-bike-90887.html\" target=\"_blank\" rel=\"noopener\">Visma | Lease a Bike<\/a><\/strong> pour s&rsquo;engager au sein de l&rsquo;\u00e9quipe <strong><a href=\"https:\/\/www.cyclismactu.net\/..\/\" target=\"_blank\" rel=\"noopener\">Movistar<\/a><\/strong>. Quelques semaines apr\u00e8s son transfert controvers\u00e9, le Belge est revenu, pour la premi\u00e8re fois depuis l\u2019annonce de son d\u00e9part, lors de la soir\u00e9e organis\u00e9e par l&rsquo;agence <strong><a href=\"https:\/\/aejallsports.ch\/\" target=\"_blank\" rel=\"noopener\">A&amp;J All Sports<\/a><\/strong>, sur les principales raisons qui l\u2019ont pouss\u00e9 \u00e0 quitter la formation n\u00e9erlandaise, ainsi que sur ses deux principaux objectifs pour la saison 2026 : la <strong>Fl\u00e8che Wallonne<\/strong> et <strong>Li\u00e8ge-Bastogne-Li\u00e8ge<\/strong>, au micro de nos confr\u00e8res de <a href=\"https:\/\/sporza.be\/nl\/2025\/11\/23\/cian-uijtdebroeks-bloeit-open-na-verrassende-transfer-en-puzzelt-al-aan-programma-iets-meer-tranquilo-doet-me-goed~1763929283542\/\" target=\"_blank\" rel=\"noopener\">Sporza<\/a>.<\/p>\n<p>Vid\u00e9o &#8211; Uijtdebroeks a d\u00e9croch\u00e9 sa 1\u00e8re victoire en Pro dans l&rsquo;Ain Lire la suite de l&rsquo;article&#13;<\/p>\n<p>\u00a0<\/p>\n<p>&#13;<br \/>\n\u00ab\u00a0Chez Movistar ? Pas d&rsquo;applications, mais une approche tr\u00e8s humaine\u2026\u00a0\u00bb&#13;<\/p>\n<p>\u00ab\u00a0Au final, mon c\u0153ur est dans les Grands Tours \u2014 c\u2019est l\u00e0 que je veux me battre pour le classement g\u00e9n\u00e9ral. Et vous ne pouvez pas le faire si vous ne participez pas \u00e0 ces courses. Chez Visma, ce serait tr\u00e8s difficile en raison des excellents coureurs qu\u2019ils ont\u00a0\u00bb, insiste le coureur de 22 ans. Movistar ? Un choix qui peut sembler surprenant, ce \u00e0 quoi le vainqueur du <strong>Tour de l\u2019Ain<\/strong> cette saison r\u00e9pond : \u00ab\u00a0Les gens s\u2019attendraient peut-\u00eatre \u00e0 ce que je ne me sente pas \u00e0 l\u2019aise parce que je ne ma\u00eetrise pas la langue, mais en fait, c\u2019\u00e9tait g\u00e9nial. J\u2019avais l\u2019impression d\u2019\u00eatre chez moi. C\u2019\u00e9tait exactement ce que je recherchais dans une \u00e9quipe\u00a0\u00bb, explique-t-il.<\/p>\n<p>&#13;<\/p>\n<p>\u00ab\u00a0J\u2019avais besoin de cette libert\u00e9\u00a0\u00bb, souligne-t-il. \u00ab\u00a0Comme je suis tr\u00e8s strict et disciplin\u00e9, une \u00e9quipe un peu plus d\u00e9tendue me convient bien. Parfois, il vaut mieux avoir quelqu\u2019un \u00e0 c\u00f4t\u00e9 de soi qui vous dit de prendre les choses tranquillement. Un peu comme le fait Alex (Carera, son agent). Cette mentalit\u00e9 me convient. Je me fie beaucoup \u00e0 la premi\u00e8re conversation que j\u2019ai avec une \u00e9quipe. Ici, cela s\u2019est vraiment tr\u00e8s bien pass\u00e9, m\u00eame sans parler de \u201cperformance\u201d.\u00a0\u00bb<\/p>\n<p>&#13;<br \/>\n\u00ab Je vais certainement viser le classement g\u00e9n\u00e9ral dans l\u2019un des Grands Tours\u2026 \u00bb&#13;<\/p>\n<p>2026 arrive \u00e0 grands pas, et <strong>Cian Uijtdebroeks<\/strong> a d\u00e9voil\u00e9 quelques pistes de son calendrier pour la saison \u00e0 venir : \u00ab\u00a0J\u2019ai beaucoup d\u2019influence et de libert\u00e9 dans l\u2019\u00e9laboration de mon programme de courses. Nous attendons encore un peu le parcours du Giro, mais je vais certainement viser le classement g\u00e9n\u00e9ral dans l\u2019un des Grands Tours. Ils devront peut-\u00eatre me convaincre un peu pour le parcours difficile du Tour, mais je suis ouvert \u00e0 cette possibilit\u00e9. Nous verrons bien. En tout cas, je participerai aux Classiques ardennaises\u00a0\u00bb, confirme le vainqueur du <strong>Tour de l\u2019Avenir<\/strong> 2022.<\/p>\n<p>&#13;<\/p>\n<p>\u00ab\u00a0On dit souvent que Movistar travaille de mani\u00e8re moins professionnelle. Mais j\u2019ai constat\u00e9 qu\u2019ils offraient un excellent soutien. Pas d\u2019applications, mais une approche tr\u00e8s humaine. Tout le monde a son propre nutritionniste. Ils me contactent presque quotidiennement pour affiner la planification\u00a0\u00bb, conclut <strong>Cian Uijtdebroeks<\/strong>, au micro de Sporza.<\/p>\n","protected":false},"excerpt":{"rendered":"Apr\u00e8s avoir retrouv\u00e9 de bonnes jambes et obtenu lors du Tour de l&rsquo;Ain sa toute premi\u00e8re victoire chez&hellip;\n","protected":false},"author":2,"featured_media":557939,"comment_status":"","ping_status":"","sticky":false,"template":"","format":"standard","meta":{"footnotes":""},"categories":[1411],"tags":[1154,207,211,1011,27,209,60,210,212,208,213],"class_list":{"0":"post-557938","1":"post","2":"type-post","3":"status-publish","4":"format-standard","5":"has-post-thumbnail","7":"category-cyclisme","8":"tag-cycling","9":"tag-cyclisme","10":"tag-ffc","11":"tag-fr","12":"tag-france","13":"tag-route","14":"tag-sports","15":"tag-tour-de-france","16":"tag-uci","17":"tag-velo","18":"tag-world-tour"},"share_on_mastodon":{"url":"https:\/\/pubeurope.com\/@fr\/115611143100122828","error":""},"_links":{"self":[{"href":"https:\/\/www.europesays.com\/fr\/wp-json\/wp\/v2\/posts\/557938","targetHints":{"allow":["GET"]}}],"collection":[{"href":"https:\/\/www.europesays.com\/fr\/wp-json\/wp\/v2\/posts"}],"about":[{"href":"https:\/\/www.europesays.com\/fr\/wp-json\/wp\/v2\/types\/post"}],"author":[{"embeddable":true,"href":"https:\/\/www.europesays.com\/fr\/wp-json\/wp\/v2\/users\/2"}],"replies":[{"embeddable":true,"href":"https:\/\/www.europesays.com\/fr\/wp-json\/wp\/v2\/comments?post=557938"}],"version-history":[{"count":0,"href":"https:\/\/www.europesays.com\/fr\/wp-json\/wp\/v2\/posts\/557938\/revisions"}],"wp:featuredmedia":[{"embeddable":true,"href":"https:\/\/www.europesays.com\/fr\/wp-json\/wp\/v2\/media\/557939"}],"wp:attachment":[{"href":"https:\/\/www.europesays.com\/fr\/wp-json\/wp\/v2\/media?parent=557938"}],"wp:term":[{"taxonomy":"category","embeddable":true,"href":"https:\/\/www.europesays.com\/fr\/wp-json\/wp\/v2\/categories?post=557938"},{"taxonomy":"post_tag","embeddable":true,"href":"https:\/\/www.europesays.com\/fr\/wp-json\/wp\/v2\/tags?post=557938"}],"curies":[{"name":"wp","href":"https:\/\/api.w.org\/{rel}","templated":true}]}}